{"id":17936,"date":"2025-08-27T16:07:08","date_gmt":"2025-08-27T16:07:08","guid":{"rendered":"https:\/\/www.europesays.com\/fi\/17936\/"},"modified":"2025-08-27T16:07:08","modified_gmt":"2025-08-27T16:07:08","slug":"bruce-willisin-vaimo-avautuu-nayttelijan-dementian-etenemisesta-hanen-aivonsa-pettavat","status":"publish","type":"post","link":"https:\/\/www.europesays.com\/fi\/17936\/","title":{"rendered":"Bruce Willisin vaimo avautuu n\u00e4yttelij\u00e4n dementian etenemisest\u00e4 \u2013 \u201dH\u00e4nen aivonsa pett\u00e4v\u00e4t\u201d"},"content":{"rendered":"<p>Bruce Willisin vaimo Emma Heming Willis kertoo, ett\u00e4 h\u00e4nen dementiaa sairastava aviomiehens\u00e4 kamppailee kognitiivisten ongelmien kanssa.<\/p>\n<p><img decoding=\"async\" class=\"image image-show image-preview\" src=\"https:\/\/www.europesays.com\/fi\/wp-content\/uploads\/2025\/08\/ab68700f72f78f1f09c77580105cd6f9ee1fe9a6fb54c6197824ad8888edc684.jpg\" alt=\"\"\/><img decoding=\"async\" class=\"image image-show\" src=\"https:\/\/www.europesays.com\/fi\/wp-content\/uploads\/2025\/08\/1756310828_274_ab68700f72f78f1f09c77580105cd6f9ee1fe9a6fb54c6197824ad8888edc684.jpg\" alt=\"\"\/><\/p>\n<p>Bruce Willis sairastui dementiaan muutama vuosi sitten. AOP<\/p>\n<p class=\"paragraph\">Toimintaelokuvista tuttu n\u00e4yttelij\u00e4 <a href=\"https:\/\/www.iltalehti.fi\/henkilot\/Bruce Willis\" class=\"article-link-person-page\" rel=\"nofollow noopener\" target=\"_blank\">Bruce Willis<\/a>, 70,  j\u00e4i el\u00e4kkeelle muutama vuosi sitten dementian vuoksi.<\/p>\n<p class=\"paragraph\">Nyt n\u00e4yttelij\u00e4n vaimo, <a href=\"https:\/\/www.iltalehti.fi\/henkilot\/Emma Heming\" class=\"article-link-person-page\" rel=\"nofollow noopener\" target=\"_blank\">Emma Heming Willis<\/a>, kertoo Good Morning America -ohjelmassa, miten h\u00e4nen miehens\u00e4 sairaus on edennyt ja millaisia vaikutuksia sill\u00e4 on.<\/p>\n<p class=\"paragraph\">Ohjelmassa h\u00e4n kertoo, ett\u00e4 Bruce on \u201cedelleen hyvin liikuntakykyinen\u201d, mutta kamppailee kognitiivisten ongelmien kanssa, tiedottaa uutissivusto <a href=\"https:\/\/www.huffpost.com\/entry\/bruce-willis-wife-dementia-health-update_n_68ae2f55e4b0ba4856d38c27\" target=\"_blank\" rel=\"noopener nofollow\">Huffpost<\/a>.<\/p>\n<p class=\"paragraph\">\u2013 Bruce on kokonaisvaltaisesti todella hyv\u00e4ss\u00e4 kunnossa. Vain h\u00e4nen aivonsa pett\u00e4v\u00e4t h\u00e4nt\u00e4, vaimo kertoo ohjelmassa.<\/p>\n<p class=\"paragraph\">\u2013 Kieli katoaa, ja olemme oppineet sopeutumaan. Meill\u00e4 on oma tapamme kommunikoida h\u00e4nen kanssaan \u2013 vain eri tavalla, h\u00e4n kuvailee.<\/p>\n<p class=\"paragraph\">Vaikka miehen kyky puhua, kuunnella ja ymm\u00e4rt\u00e4\u00e4 puhetta on heikentynyt, vaimo kertoo, ett\u00e4 se persoona, johon h\u00e4n rakastui, v\u00e4l\u00e4ht\u00e4\u00e4 yh\u00e4 v\u00e4lill\u00e4 esiin.<\/p>\n<p class=\"paragraph\">\u2013 Se on se h\u00e4nen naurunsa, eik\u00f6? H\u00e4nell\u00e4 on niin syd\u00e4mellinen nauru. Ja joskus n\u00e4kee sen pilkkeen silm\u00e4kulmassa tai pienen virneen huulilla \u2013 ja siin\u00e4 hetkess\u00e4 tunnen olevani taas h\u00e4nen kanssaan, vaimo kuvailee ohjelmassa.<\/p>\n<p class=\"paragraph\">\u2013 Ja onhan se vaikeaa, koska niin nopeasti kuin ne hetket tulevat, ne my\u00f6s katoavat, h\u00e4n jatkaa itkuisena.<\/p>\n<p class=\"paragraph\">Vaikka sairaus on raskas, h\u00e4n kertoo olevansa kiitollinen siit\u00e4, ett\u00e4 mies on yh\u00e4 t\u00e4\u00e4ll\u00e4.<\/p>\n<p>Emma Heming toimii miehens\u00e4 omaishoitajana. AOP<\/p>\n<p class=\"paragraph\">Samassa haastattelussa vaimo kertoo, ettei n\u00e4yttelij\u00e4legenda asu en\u00e4\u00e4 perheen yhteisess\u00e4 kodissa. H\u00e4net on siirretty yksikerroksiseen taloon l\u00e4helle perheen kotia tytt\u00e4riens\u00e4, <strong>Mabelin<\/strong>, 13, ja <strong>Evelynin<\/strong>, 11, vuoksi.<\/p>\n<p class=\"paragraph\">\u2013 Se oli yksi vaikeimmista p\u00e4\u00e4t\u00f6ksist\u00e4, joita olen t\u00e4h\u00e4n menness\u00e4 joutunut tekem\u00e4\u00e4n, vaimo kertoo.<\/p>\n<p class=\"paragraph\">H\u00e4n perustelee valintaa sill\u00e4, ett\u00e4 h\u00e4nen miehens\u00e4 olisi halunnut sit\u00e4.<\/p>\n<p class=\"paragraph\">\u2013 H\u00e4n olisi halunnut, ett\u00e4 he (tytt\u00e4ret) saisivat asua kodissa, joka on paremmin r\u00e4\u00e4t\u00e4l\u00f6ity heid\u00e4n tarpeisiinsa \u2013 ei h\u00e4nen tarpeisiinsa, h\u00e4n kertoo haastattelussa.<\/p>\n<p class=\"paragraph\">Toimintaelokuvista tuttu t\u00e4hti j\u00e4i <a href=\"https:\/\/www.iltalehti.fi\/viihdeuutiset\/7785989c-37d8-4440-9a36-cfc977472d88\" rel=\"nofollow noopener\" target=\"_blank\">el\u00e4kkeelle<\/a> n\u00e4yttelemisest\u00e4 vuonna 2022 afasian vuoksi. Afasia on aivoper\u00e4inen puheh\u00e4iri\u00f6, joka vaikuttaa ihmisen kykyyn kommunikoida.<\/p>\n<p class=\"paragraph\">Vuonna 2023 seurasi <a href=\"https:\/\/www.iltalehti.fi\/viihdeuutiset\/e10b0634-4cc0-43fe-8bfd-21a4bbfe9ccb\" rel=\"nofollow noopener\" target=\"_blank\">tarkempi diagnoosi<\/a>: frontotemporaalinen dementia. Sairaus on heikent\u00e4nyt vakavasti etenkin h\u00e4nen kielitaitoaan.<\/p>\n<p class=\"paragraph\"><a href=\"https:\/\/www.terveyskirjasto.fi\/dlk00706\" target=\"_blank\" rel=\"noopener nofollow\">Terveyskirjaston<\/a> mukaan dementoivat sairaudet heikent\u00e4v\u00e4t sek\u00e4 muistia ett\u00e4 muita tiedonk\u00e4sittelyn alueita, kuten kielellisi\u00e4 toimintoja, n\u00e4\u00f6nvaraista hahmottamista ja toiminnanohjausta.<\/p>\n","protected":false},"excerpt":{"rendered":"Bruce Willisin vaimo Emma Heming Willis kertoo, ett\u00e4 h\u00e4nen dementiaa sairastava aviomiehens\u00e4 kamppailee kognitiivisten ongelmien kanssa. Bruce Willis&hellip;\n","protected":false},"author":2,"featured_media":17937,"comment_status":"","ping_status":"","sticky":false,"template":"","format":"standard","meta":{"footnotes":""},"categories":[130],"tags":[35,153,152,155,137,33,31,30,718,154,32,140,156,109],"class_list":{"0":"post-17936","1":"post","2":"type-post","3":"status-publish","4":"format-standard","5":"has-post-thumbnail","7":"category-viihde","8":"tag-24h","9":"tag-audiovisuaalinen-media","10":"tag-elokuva-ja-tv-nayttelijat","11":"tag-elokuvat","12":"tag-entertainment","13":"tag-fi","14":"tag-finland","15":"tag-finnish","16":"tag-nayttamotaide","17":"tag-nayttelijat-teatteri","18":"tag-suomi","19":"tag-tv-ja-elokuvat","20":"tag-tv","21":"tag-viihde"},"share_on_mastodon":{"url":"","error":""},"_links":{"self":[{"href":"https:\/\/www.europesays.com\/fi\/wp-json\/wp\/v2\/posts\/17936","targetHints":{"allow":["GET"]}}],"collection":[{"href":"https:\/\/www.europesays.com\/fi\/wp-json\/wp\/v2\/posts"}],"about":[{"href":"https:\/\/www.europesays.com\/fi\/wp-json\/wp\/v2\/types\/post"}],"author":[{"embeddable":true,"href":"https:\/\/www.europesays.com\/fi\/wp-json\/wp\/v2\/users\/2"}],"replies":[{"embeddable":true,"href":"https:\/\/www.europesays.com\/fi\/wp-json\/wp\/v2\/comments?post=17936"}],"version-history":[{"count":0,"href":"https:\/\/www.europesays.com\/fi\/wp-json\/wp\/v2\/posts\/17936\/revisions"}],"wp:featuredmedia":[{"embeddable":true,"href":"https:\/\/www.europesays.com\/fi\/wp-json\/wp\/v2\/media\/17937"}],"wp:attachment":[{"href":"https:\/\/www.europesays.com\/fi\/wp-json\/wp\/v2\/media?parent=17936"}],"wp:term":[{"taxonomy":"category","embeddable":true,"href":"https:\/\/www.europesays.com\/fi\/wp-json\/wp\/v2\/categories?post=17936"},{"taxonomy":"post_tag","embeddable":true,"href":"https:\/\/www.europesays.com\/fi\/wp-json\/wp\/v2\/tags?post=17936"}],"curies":[{"name":"wp","href":"https:\/\/api.w.org\/{rel}","templated":true}]}}