{"id":17946,"date":"2025-08-27T16:13:08","date_gmt":"2025-08-27T16:13:08","guid":{"rendered":"https:\/\/www.europesays.com\/fi\/17946\/"},"modified":"2025-08-27T16:13:08","modified_gmt":"2025-08-27T16:13:08","slug":"valtteri-bottaksen-kuva-hammastytti-ja-epailytti-totuus-selvisi-totta-kai-on-aito-urheilua-lyhyesti","status":"publish","type":"post","link":"https:\/\/www.europesays.com\/fi\/17946\/","title":{"rendered":"Valtteri Bottaksen kuva h\u00e4mm\u00e4stytti ja ep\u00e4ilytti \u2013 totuus selvisi: \u201dTotta kai on aito\u201d | Urheilua lyhyesti"},"content":{"rendered":"<p class=\"sc-jYczwO sc-dNFkOE bUKqJd eiHPxO yle__article__paragraph\">Valtteri Bottas jatkoi viime vuosina tutuksi tulleella tyylill\u00e4\u00e4n, kun h\u00e4nen Cadillac-sopimuksensa julkaistiin. Se riemastutti uusia ja vanhoja seuraajia somessa.<\/p>\n<p><img decoding=\"async\" alt=\"Valtteri Bottas Silverstonessa 2025.\" src=\"https:\/\/www.europesays.com\/fi\/wp-content\/uploads\/2025\/08\/39-151339468af1e8215989.jpeg\" class=\"sc-dntSTA iywpZY\"\/><\/p>\n<p>Avaa kuvien katselu<\/p>\n<p>Valtteri Bottas hein\u00e4kuussa Silverstonessa. Kuva: XPB Images \/ AOP<\/p>\n<p class=\"sc-jYczwO sc-ciCoXh bUKqJd cIOueB yle__article__paragraph\">Tiistaina selvisi, ett\u00e4 <strong class=\"sc-eEHciv gtNhAX yle__article__strong\">Valtteri Bottas<\/strong> palaa kaudella 2026 F1-kisakuskiksi.<\/p>\n<p class=\"sc-jYczwO sc-ciCoXh bUKqJd cIOueB yle__article__paragraph\">Mercedeksen vara- ja testikuljettajana t\u00e4m\u00e4n kauden ty\u00f6skentelev\u00e4 Bottas solmi monivuotisen sopimuksen jenkkitalli Cadillacin kanssa. Cadillacista tulee ensi kaudella F1-sarjan 11:s talli.<\/p>\n<p class=\"sc-jYczwO sc-ciCoXh bUKqJd cIOueB yle__article__paragraph\">Cadillacin toinen kisakuski on meksikolainen <strong class=\"sc-eEHciv gtNhAX yle__article__strong\">Sergio Perez<\/strong>.<\/p>\n<p class=\"sc-jYczwO sc-ciCoXh bUKqJd cIOueB yle__article__paragraph\">Viime vuosina suomalaiskuski on tunnettu melkoisena hassuttelijana kilparadan ulkopuolella, Bottass-nakukalenterista l\u00e4htien.<\/p>\n<p class=\"sc-jYczwO sc-ciCoXh bUKqJd cIOueB yle__article__paragraph\">Heti tiistaina Cadillacin tiedotustilaisuudessa toimittajat ihmetteliv\u00e4t, miksi Bottaksen takatukka eli \u201dmulletti\u201d oli niin lyhyt. Bottas kertoi, ett\u00e4 oli k\u00e4ynyt Monacossa parturissa, eik\u00e4 siell\u00e4 osattu leikata kunnon mulletteja.<\/p>\n<p class=\"sc-jYczwO sc-ciCoXh bUKqJd cIOueB yle__article__paragraph\">Bottas rauhoitteli, ett\u00e4 se kasvaa kyll\u00e4 takaisin.<\/p>\n<p class=\"sc-jYczwO sc-ciCoXh bUKqJd cIOueB yle__article__paragraph\">Somessa Bottas juhlisti Cadillac-sopimustaan kuvalla, jossa h\u00e4n surffaa tummassa puvussa, rusetti kaulassaan, t\u00f6lkki ja USA:n lippu k\u00e4siss\u00e4\u00e4n. Saateteksti oli ytimek\u00e4s: \u201dUS\u201d.<\/p>\n<p class=\"sc-jYczwO sc-ciCoXh bUKqJd cIOueB yle__article__paragraph\">T\u00e4t\u00e4 kirjoittaessa kuva on saanut l\u00e4hes 750\u00a0000 tykk\u00e4yst\u00e4. Kuvaa tosin ep\u00e4iltiin teko\u00e4lyn tuotokseksi.<\/p>\n<p class=\"sc-jYczwO sc-ciCoXh bUKqJd cIOueB yle__article__paragraph\">Kuten hyvin usein, Bottas oli Yhdysvalloissa liikenteess\u00e4 sis\u00e4ll\u00f6ntuottaja <strong class=\"sc-eEHciv gtNhAX yle__article__strong\">Paul Ripken<\/strong> kanssa. Sek\u00e4 Bottaksen ett\u00e4 Ripken somekanavissa on julkaistu rutkasti materiaalia reissusta Cadillacin tyk\u00f6 ja sopimuksen julkaisutilaisuuteen.<\/p>\n<p class=\"sc-jYczwO sc-ciCoXh bUKqJd cIOueB yle__article__paragraph\">Samalla saatiin selitys h\u00e4mm\u00e4stytt\u00e4neelle valokuvalle.<\/p>\n<p class=\"sc-jYczwO sc-ciCoXh bUKqJd cIOueB yle__article__paragraph\">\u2013 Se on aito, totta kai. Vain yksi asia oli editoitu. T\u00f6lkki. Koska kaaduin kerran, kadotin sen mereen. Etsimme sen kyll\u00e4 j\u00e4lkik\u00e4teen. Kuva ei ollut teko\u00e4lyn tuotos, Bottas vastasi Ripkelle.<\/p>\n<p class=\"sc-jYczwO sc-ciCoXh bUKqJd cIOueB yle__article__paragraph\">Videolla Ripke kyseli paljon Bottaksen p\u00e4iv\u00e4st\u00e4 uuden Cadillac-tiimins\u00e4 kanssa.<\/p>\n<p class=\"sc-jYczwO sc-ciCoXh bUKqJd cIOueB yle__article__paragraph\">\u2013 T\u00e4n\u00e4\u00e4n tajusin, ett\u00e4 paluuni F1:een on totta, Bottas tiivisti alkuun.<\/p>\n<p class=\"sc-jYczwO sc-ciCoXh bUKqJd cIOueB yle__article__paragraph\">P\u00e4iv\u00e4 oli sis\u00e4lt\u00e4nyt paljon haastatteluita ja paljon videokuvauksia, joiden tuotoksia n\u00e4hd\u00e4\u00e4n tulevaisuudessa.<\/p>\n<p class=\"sc-jYczwO sc-ciCoXh bUKqJd cIOueB yle__article__paragraph\">Ripke kysyi, milt\u00e4 tuntui tavata ensi kertaa \u201dCheco\u201d Perez.<\/p>\n<p class=\"sc-jYczwO sc-ciCoXh bUKqJd cIOueB yle__article__paragraph\">\u2013 Ei ollut ensimm\u00e4inen kerta, Bottas ihmetteli nauraen.<\/p>\n<p class=\"sc-jYczwO sc-ciCoXh bUKqJd cIOueB yle__article__paragraph\">Ripke tarkoitti, ett\u00e4 ensi kertaa tiimikaverina. Bottas kehui Perezi\u00e4 eritt\u00e4in mukavaksi mieheksi.<\/p>\n<p class=\"sc-jYczwO sc-ciCoXh bUKqJd cIOueB yle__article__paragraph\">Ripke my\u00f6s ilmoitti, ett\u00e4 Bottas ja Perez ovat F1-historian parhaat kakkoskuskit. Bottas tunnetusti kiritti aikoinaan Mercedeksell\u00e4 <strong class=\"sc-eEHciv gtNhAX yle__article__strong\">Lewis Hamiltonia<\/strong>, Perez j\u00e4i Red Bullilla <strong class=\"sc-eEHciv gtNhAX yle__article__strong\">Max Verstappenin<\/strong> kynsiin.<\/p>\n<p class=\"sc-jYczwO sc-ciCoXh bUKqJd cIOueB yle__article__paragraph\">Joten kuka on kakkoskuski Cadillacilla?<\/p>\n<p class=\"sc-jYczwO sc-ciCoXh bUKqJd cIOueB yle__article__paragraph\">\u2013 Mielest\u00e4ni on hyvin selv\u00e4\u00e4, ett\u00e4 t\u00e4ss\u00e4 tiimiss\u00e4 ei ole ykk\u00f6s- ja kakkoskuskia, Bottas vastasi.<\/p>\n<p class=\"sc-jYczwO sc-ciCoXh bUKqJd cIOueB yle__article__paragraph\">Ripke puolestaan julkaisi videon, miten Bottaksen valokuvaussessio merell\u00e4 eteni.<\/p>\n","protected":false},"excerpt":{"rendered":"Valtteri Bottas jatkoi viime vuosina tutuksi tulleella tyylill\u00e4\u00e4n, kun h\u00e4nen Cadillac-sopimuksensa julkaistiin. Se riemastutti uusia ja vanhoja seuraajia&hellip;\n","protected":false},"author":2,"featured_media":17947,"comment_status":"","ping_status":"","sticky":false,"template":"","format":"standard","meta":{"footnotes":""},"categories":[5],"tags":[3701,22,23,26,27,33,31,30,3437,6633,6632,17,24,25,28,29,83,15,18,21,32,19,20,160,16,6336],"class_list":{"0":"post-17946","1":"post","2":"type-post","3":"status-publish","4":"format-standard","5":"has-post-thumbnail","7":"category-otsikot","8":"tag-autourheilu","9":"tag-breaking-news","10":"tag-breakingnews","11":"tag-featured-news","12":"tag-featurednews","13":"tag-fi","14":"tag-finland","15":"tag-finnish","16":"tag-formula-1","17":"tag-formula-1-kuljettaja","18":"tag-formula-1-tallit","19":"tag-headlines","20":"tag-latest-news","21":"tag-latestnews","22":"tag-main-news","23":"tag-mainnews","24":"tag-moottoriurheilu","25":"tag-news","26":"tag-otsikot","27":"tag-paauutiset","28":"tag-suomi","29":"tag-top-stories","30":"tag-topstories","31":"tag-urheilu","32":"tag-uutiset","33":"tag-valtteri-bottas"},"share_on_mastodon":{"url":"","error":""},"_links":{"self":[{"href":"https:\/\/www.europesays.com\/fi\/wp-json\/wp\/v2\/posts\/17946","targetHints":{"allow":["GET"]}}],"collection":[{"href":"https:\/\/www.europesays.com\/fi\/wp-json\/wp\/v2\/posts"}],"about":[{"href":"https:\/\/www.europesays.com\/fi\/wp-json\/wp\/v2\/types\/post"}],"author":[{"embeddable":true,"href":"https:\/\/www.europesays.com\/fi\/wp-json\/wp\/v2\/users\/2"}],"replies":[{"embeddable":true,"href":"https:\/\/www.europesays.com\/fi\/wp-json\/wp\/v2\/comments?post=17946"}],"version-history":[{"count":0,"href":"https:\/\/www.europesays.com\/fi\/wp-json\/wp\/v2\/posts\/17946\/revisions"}],"wp:featuredmedia":[{"embeddable":true,"href":"https:\/\/www.europesays.com\/fi\/wp-json\/wp\/v2\/media\/17947"}],"wp:attachment":[{"href":"https:\/\/www.europesays.com\/fi\/wp-json\/wp\/v2\/media?parent=17946"}],"wp:term":[{"taxonomy":"category","embeddable":true,"href":"https:\/\/www.europesays.com\/fi\/wp-json\/wp\/v2\/categories?post=17946"},{"taxonomy":"post_tag","embeddable":true,"href":"https:\/\/www.europesays.com\/fi\/wp-json\/wp\/v2\/tags?post=17946"}],"curies":[{"name":"wp","href":"https:\/\/api.w.org\/{rel}","templated":true}]}}