{"id":179559,"date":"2026-02-25T17:32:08","date_gmt":"2026-02-25T17:32:08","guid":{"rendered":"https:\/\/www.europesays.com\/fi\/179559\/"},"modified":"2026-02-25T17:32:08","modified_gmt":"2026-02-25T17:32:08","slug":"nayttelija-lari-halme-lahes-tunnistamattomana-ikeassa-salakuva","status":"publish","type":"post","link":"https:\/\/www.europesays.com\/fi\/179559\/","title":{"rendered":"N\u00e4yttelij\u00e4 Lari Halme l\u00e4hes tunnistamattomana Ikeassa &#8211; salakuva"},"content":{"rendered":"<p>            AOP \/ Seiskan lukija\n        <\/p>\n<p class=\"subtitle \">Larilla vaikutti olevan vaimonsa kanssa sisustuksellisia n\u00e4kemyseroja.<\/p>\n<p class=\"article-content article-content-width !bg-background\">N\u00e4yttelij\u00e4 , 49, on viett\u00e4nyt puolet el\u00e4m\u00e4st\u00e4\u00e4n saman kumppanin kanssa.\u00a0<\/p>\n<p class=\"article-content article-content-width !bg-background\">Larin ja teatteriohjaaja-k\u00e4sikirjoittaja  rakkaustarina alkoi viime vuosisadan puolella, tarkemmin ottaen vuonna 1999. <a href=\"https:\/\/seura.fi\/viihde\/julkkikset\/lari-halme-ja-marika-vapaavuori\/\" target=\"_blank\" rel=\"nofollow noopener\">Pariskunta kertoi kes\u00e4ll\u00e4 Seura-lehdess\u00e4 yhteiselonsa sujuneen p\u00e4\u00e4asiassa melko mutkattomasti<\/a>.\u00a0<\/p>\n<p class=\"article-content article-content-width !bg-background\">\u2013 Olemme v\u00e4lttyneet ainakin toistaiseksi isommilta kriiseilt\u00e4. Luulen, ett\u00e4 meit\u00e4 yhdist\u00e4\u00e4 keskener\u00e4isyyden siet\u00e4minen,\u00a0Lari kuvaili tuolloin.\u00a0<\/p>\n<p>                <img decoding=\"async\" src=\"https:\/\/www.europesays.com\/fi\/wp-content\/uploads\/2026\/02\/2085088.webp.jpeg\" width=\"576\" height=\"581\" alt=\"Lari on juontanut muun muassa Biisik\u00e4rp\u00e4st\u00e4. N\u00e4yttelij\u00e4n\u00e4 monet muistanevat h\u00e4net Uusi p\u00e4iv\u00e4 -sarjasta. Kuva vuodelta 2009.\" loading=\"lazy\" \/>            <\/p>\n<p>\n            Lari on juontanut muun muassa Biisik\u00e4rp\u00e4st\u00e4. N\u00e4yttelij\u00e4n\u00e4 monet muistanevat h\u00e4net Uusi p\u00e4iv\u00e4 -sarjasta. Kuva vuodelta 2009.<br \/>\n            AOP\n        <\/p>\n<p>Matto aiheutti p\u00e4\u00e4nvaivaa<\/p>\n<p class=\"article-content article-content-width !bg-background\">Mit\u00e4 ilmeisimmin mahdolliset kriisit eiv\u00e4t Laria ja Marikaa liiaksi kauhistuta, sill\u00e4 he asettivat itsens\u00e4 hiljattain tilanteeseen, jota voisi luonnehtia riskialttiiksi.\u00a0<\/p>\n<p>        <a itemprop=\"url\" href=\"https:\/\/www.seiska.fi\/kotimaa\/topi-sukari-tyrmistyi-ikean-lihapullista-virittelee-nyt-vastaiskua\/1553786\" rel=\"nofollow noopener\" target=\"_blank\"><\/p>\n<p class=\"section-date\">\n        <strong class=\"article-section\" data-section=\"kotimaa\"><br \/>\n            kotimaa<br \/>\n        <\/strong><br \/>\n        22.12.2024 11:00\n    <\/p>\n<p>Topi Sukari tyrmistyi Ikean lihapullista \u2013 virittelee nyt vastaiskua\n    <\/p>\n<p itemprop=\"description\" class=\"subtitle \">\n    Topi haluaisi tarjoilla Maskun makkaroita. \u2013 Siin\u00e4 olisi kyll\u00e4 ideaa!\n<\/p>\n<p>        <\/a><\/p>\n<p class=\"article-content article-content-width !bg-background\">Er\u00e4s tarkkaavainen lukijamme oli helmikuisena sunnuntaina huonekaluostoksilla Tampereen Ikeassa, jonka tuotteiden kokoaminen saattaa tunnetusti saada stressik\u00e4yr\u00e4n nousemaan. M\u00f6\u00f6pelihelvetin matto-osastolle samaan aikaan ilmaantui my\u00f6s Lari puolisoineen.\u00a0<\/p>\n<p class=\"article-content article-content-width !bg-background\">Marika esitteli innokkaana Larille juuttimattoa. Se ei kuitenkaan miellytt\u00e4nyt n\u00e4yttelij\u00e4n silm\u00e4\u00e4 riitt\u00e4v\u00e4sti.<\/p>\n<p>                <img decoding=\"async\" src=\"https:\/\/www.europesays.com\/fi\/wp-content\/uploads\/2026\/02\/2085104.webp.jpeg\" width=\"576\" height=\"639\" alt=\"Lari seikkaili Ikean k\u00e4yt\u00e4vill\u00e4 urheasti, mutta l\u00e4hes tunnistamattomana.\" loading=\"lazy\" \/>            <\/p>\n<p>\n            Lari seikkaili Ikean k\u00e4yt\u00e4vill\u00e4 urheasti, mutta l\u00e4hes tunnistamattomana.<br \/>\n            Seiskan lukija\n        <\/p>\n<p class=\"article-content article-content-width !bg-background\">\u2013 Pian Lari l\u00f6ysikin itselleen mieluisen maton. Vaimo tokaisi, ett\u00e4 t\u00e4t\u00e4h\u00e4n min\u00e4 sinulle juuri esittelin, mutta ei kelvannut, liikkeen k\u00e4yt\u00e4vilt\u00e4 naurahdetaan.\u00a0<\/p>\n<p>        <a itemprop=\"url\" href=\"https:\/\/www.seiska.fi\/vain-seiskassa\/topi-sukari-karahti-ikeassa-teki-kylmaavan-havainnon-salakuvat\/1553529\" rel=\"nofollow noopener\" target=\"_blank\"><\/p>\n<p class=\"section-date\">\n        <strong class=\"article-section\" data-section=\"vain seiskassa\"><br \/>\n            vain seiskassa<br \/>\n        <\/strong><br \/>\n        17.12.2024 06:00\n    <\/p>\n<p>Topi Sukari k\u00e4r\u00e4hti Ikeassa! Teki kylm\u00e4\u00e4v\u00e4n havainnon \u2013 salakuvat\n    <\/p>\n<p itemprop=\"description\" class=\"subtitle \">\n    Maskun huonekalukeisari teki klassisen tarkkailumatkan ruotsalaiseen j\u00e4ttikonserniin.\n<\/p>\n<p>        <\/a><\/p>\n<p class=\"article-content article-content-width !bg-background\">Vuonna 2009 avioitunut pariskunta pohti \u00e4\u00e4neen, olisiko kyseinen lattiatekstiili kuitankaan oikea heid\u00e4n kotiinsa. Sis\u00e4- ja ulkok\u00e4ytt\u00f6\u00f6n tarkoitettu matto kun sopisi mainiosti my\u00f6s m\u00f6kille.<\/p>\n<p class=\"article-content article-content-width !bg-background\">\u2013 T\u00e4ll\u00e4 kertaa mit\u00e4\u00e4n mattoa ei matkaan tarttunut. He j\u00e4ttiv\u00e4t juuttimaton sillens\u00e4 ja jatkoivat sovussa matkaa, tarkkasilm\u00e4inen lukijamme kertoo.<\/p>\n","protected":false},"excerpt":{"rendered":"AOP \/ Seiskan lukija Larilla vaikutti olevan vaimonsa kanssa sisustuksellisia n\u00e4kemyseroja. N\u00e4yttelij\u00e4 , 49, on viett\u00e4nyt puolet el\u00e4m\u00e4st\u00e4\u00e4n&hellip;\n","protected":false},"author":2,"featured_media":179560,"comment_status":"","ping_status":"","sticky":false,"template":"","format":"standard","meta":{"footnotes":"","_share_on_mastodon":"0"},"categories":[136],"tags":[542,407,137,33,31,30,1602,408,4478,28817,5265,28816,28815,28814,1496,98,2927,6249,32,12059,6137,109],"class_list":["post-179559","post","type-post","status-publish","format-standard","has-post-thumbnail","category-julkkikset","tag-asuminen","tag-celebrities","tag-entertainment","tag-fi","tag-finland","tag-finnish","tag-ikea","tag-julkkikset","tag-kaak","tag-lari-halme","tag-lukijan-kuva","tag-marika-vapaavuori","tag-matto","tag-ostoskeskus","tag-parisuhde","tag-perhe","tag-puoliso","tag-salakuva","tag-suomi","tag-uusi-paiva","tag-vaimo","tag-viihde"],"share_on_mastodon":{"url":"https:\/\/pubeurope.com\/@fi\/116132468952208202","error":""},"_links":{"self":[{"href":"https:\/\/www.europesays.com\/fi\/wp-json\/wp\/v2\/posts\/179559","targetHints":{"allow":["GET"]}}],"collection":[{"href":"https:\/\/www.europesays.com\/fi\/wp-json\/wp\/v2\/posts"}],"about":[{"href":"https:\/\/www.europesays.com\/fi\/wp-json\/wp\/v2\/types\/post"}],"author":[{"embeddable":true,"href":"https:\/\/www.europesays.com\/fi\/wp-json\/wp\/v2\/users\/2"}],"replies":[{"embeddable":true,"href":"https:\/\/www.europesays.com\/fi\/wp-json\/wp\/v2\/comments?post=179559"}],"version-history":[{"count":0,"href":"https:\/\/www.europesays.com\/fi\/wp-json\/wp\/v2\/posts\/179559\/revisions"}],"wp:featuredmedia":[{"embeddable":true,"href":"https:\/\/www.europesays.com\/fi\/wp-json\/wp\/v2\/media\/179560"}],"wp:attachment":[{"href":"https:\/\/www.europesays.com\/fi\/wp-json\/wp\/v2\/media?parent=179559"}],"wp:term":[{"taxonomy":"category","embeddable":true,"href":"https:\/\/www.europesays.com\/fi\/wp-json\/wp\/v2\/categories?post=179559"},{"taxonomy":"post_tag","embeddable":true,"href":"https:\/\/www.europesays.com\/fi\/wp-json\/wp\/v2\/tags?post=179559"}],"curies":[{"name":"wp","href":"https:\/\/api.w.org\/{rel}","templated":true}]}}