{"id":17958,"date":"2025-08-27T16:37:07","date_gmt":"2025-08-27T16:37:07","guid":{"rendered":"https:\/\/www.europesays.com\/fi\/17958\/"},"modified":"2025-08-27T16:37:07","modified_gmt":"2025-08-27T16:37:07","slug":"trump-vaatii-miljardoori-george-sorosille-ja-taman-pojalle-syytteita-uutisia-lyhyesti","status":"publish","type":"post","link":"https:\/\/www.europesays.com\/fi\/17958\/","title":{"rendered":"Trump vaatii miljard\u00f6\u00f6ri George Sorosille ja t\u00e4m\u00e4n pojalle syytteit\u00e4 | Uutisia lyhyesti"},"content":{"rendered":"<p class=\"sc-jYczwO sc-dNFkOE bUKqJd eiHPxO yle__article__paragraph\">Trumpin mukaan Sorosia ja h\u00e4nen poikaansa tulisi syytt\u00e4\u00e4 heid\u00e4n tuestaan v\u00e4kivaltaisille mielen\u00adosoituksille.<\/p>\n<p><img decoding=\"async\" alt=\"Miljard\u00f6\u00f6ri George Soros vuonna 2017.\" src=\"https:\/\/www.europesays.com\/fi\/wp-content\/uploads\/2025\/08\/39-135298266f26e819abf8.jpeg\" class=\"sc-dntSTA iywpZY\"\/><\/p>\n<p>Avaa kuvien katselu<\/p>\n<p>George Soros kuvattuna vuonna 2017. Kuva: AOP<\/p>\n<p class=\"sc-jYczwO sc-ciCoXh bUKqJd cIOueB yle__article__paragraph\">Yhdysvaltain presidentti <strong class=\"sc-eEHciv gtNhAX yle__article__strong\">Donald Trump<\/strong> vaatii rikossyytteiden nostamista miljard\u00f6\u00f6ri <strong class=\"sc-eEHciv gtNhAX yle__article__strong\">George Sorosia<\/strong> ja h\u00e4nen poikaansa vastaan v\u00e4kivaltaisten mielenosoitusten rahoittamisesta.<\/p>\n<p class=\"sc-jYczwO sc-ciCoXh bUKqJd cIOueB yle__article__paragraph\">Trump kirjoittaa Truth Social -alustallaan, ett\u00e4 Sorosia ja h\u00e4nen poikaansa tulisi syytt\u00e4\u00e4 heid\u00e4n tuestaan v\u00e4kivaltaisille mielenosoituksille ja paljosta muusta.<\/p>\n<p class=\"sc-jYczwO sc-ciCoXh bUKqJd cIOueB yle__article__paragraph\">Kirjoituksessaan h\u00e4n viittaa niin kutsuttuun RICO-lakiin, joka kielt\u00e4\u00e4 osallistumisen rikollisj\u00e4rjest\u00f6\u00f6n.<\/p>\n<p class=\"sc-jYczwO sc-ciCoXh bUKqJd cIOueB yle__article__paragraph\">Unkarilaissyntyist\u00e4 95-vuotiasta Sorosta on perusteettomasti syytetty siirtolaiskriisien levitt\u00e4misest\u00e4 Euroopassa ja Yhdysvaltojen etel\u00e4rajalla sek\u00e4 joukkomielenosoitusten j\u00e4rjest\u00e4misest\u00e4 poliisiv\u00e4kivaltaa vastaan <strong class=\"sc-eEHciv gtNhAX yle__article__strong\">George Floydin<\/strong> tapon j\u00e4lkeen vuonna 2020.<\/p>\n","protected":false},"excerpt":{"rendered":"Trumpin mukaan Sorosia ja h\u00e4nen poikaansa tulisi syytt\u00e4\u00e4 heid\u00e4n tuestaan v\u00e4kivaltaisille mielen\u00adosoituksille. Avaa kuvien katselu George Soros kuvattuna&hellip;\n","protected":false},"author":2,"featured_media":17959,"comment_status":"","ping_status":"","sticky":false,"template":"","format":"standard","meta":{"footnotes":""},"categories":[14],"tags":[22,23,585,26,27,33,31,30,17,24,25,28,29,2571,15,18,21,32,19,20,56,16,59,60,61,619],"class_list":{"0":"post-17958","1":"post","2":"type-post","3":"status-publish","4":"format-standard","5":"has-post-thumbnail","7":"category-ulkomaat","8":"tag-breaking-news","9":"tag-breakingnews","10":"tag-donald-trump","11":"tag-featured-news","12":"tag-featurednews","13":"tag-fi","14":"tag-finland","15":"tag-finnish","16":"tag-headlines","17":"tag-latest-news","18":"tag-latestnews","19":"tag-main-news","20":"tag-mainnews","21":"tag-mielenosoitukset","22":"tag-news","23":"tag-otsikot","24":"tag-paauutiset","25":"tag-suomi","26":"tag-top-stories","27":"tag-topstories","28":"tag-ulkomaat","29":"tag-uutiset","30":"tag-world","31":"tag-world-news","32":"tag-worldnews","33":"tag-yhdysvallat"},"share_on_mastodon":{"url":"","error":""},"_links":{"self":[{"href":"https:\/\/www.europesays.com\/fi\/wp-json\/wp\/v2\/posts\/17958","targetHints":{"allow":["GET"]}}],"collection":[{"href":"https:\/\/www.europesays.com\/fi\/wp-json\/wp\/v2\/posts"}],"about":[{"href":"https:\/\/www.europesays.com\/fi\/wp-json\/wp\/v2\/types\/post"}],"author":[{"embeddable":true,"href":"https:\/\/www.europesays.com\/fi\/wp-json\/wp\/v2\/users\/2"}],"replies":[{"embeddable":true,"href":"https:\/\/www.europesays.com\/fi\/wp-json\/wp\/v2\/comments?post=17958"}],"version-history":[{"count":0,"href":"https:\/\/www.europesays.com\/fi\/wp-json\/wp\/v2\/posts\/17958\/revisions"}],"wp:featuredmedia":[{"embeddable":true,"href":"https:\/\/www.europesays.com\/fi\/wp-json\/wp\/v2\/media\/17959"}],"wp:attachment":[{"href":"https:\/\/www.europesays.com\/fi\/wp-json\/wp\/v2\/media?parent=17958"}],"wp:term":[{"taxonomy":"category","embeddable":true,"href":"https:\/\/www.europesays.com\/fi\/wp-json\/wp\/v2\/categories?post=17958"},{"taxonomy":"post_tag","embeddable":true,"href":"https:\/\/www.europesays.com\/fi\/wp-json\/wp\/v2\/tags?post=17958"}],"curies":[{"name":"wp","href":"https:\/\/api.w.org\/{rel}","templated":true}]}}