{"id":17978,"date":"2025-08-27T17:05:09","date_gmt":"2025-08-27T17:05:09","guid":{"rendered":"https:\/\/www.europesays.com\/fi\/17978\/"},"modified":"2025-08-27T17:05:09","modified_gmt":"2025-08-27T17:05:09","slug":"venajan-sisalla-julistetaan-taytta-kriisia","status":"publish","type":"post","link":"https:\/\/www.europesays.com\/fi\/17978\/","title":{"rendered":"Ven\u00e4j\u00e4n sis\u00e4ll\u00e4 julistetaan \u201dt\u00e4ytt\u00e4 kriisi\u00e4\u201d"},"content":{"rendered":"<p>Polttoainepula on noussut Ven\u00e4j\u00e4ll\u00e4 p\u00e4\u00e4uutiseksi, raportoi BBC:n Ven\u00e4j\u00e4n-kirjeenvaihtaja. Kuljettajat raportoivat kilometrej\u00e4 pitkist\u00e4 jonoista.<\/p>\n<p><img decoding=\"async\" class=\"image image-show image-preview\" src=\"https:\/\/www.europesays.com\/fi\/wp-content\/uploads\/2025\/08\/2f2290e264557fa006cf9cd3c05a0fc3c3cf320d14ed03839bc644806643469d.jpg\" alt=\"\"\/><img decoding=\"async\" class=\"image image-show\" src=\"https:\/\/www.europesays.com\/fi\/wp-content\/uploads\/2025\/08\/1756314309_89_2f2290e264557fa006cf9cd3c05a0fc3c3cf320d14ed03839bc644806643469d.jpg\" alt=\"\"\/><\/p>\n<p>Polttoaineesta on pulaa erityisesti Ven\u00e4j\u00e4n Kaukoid\u00e4ss\u00e4, ja taustalla on Ukraina drooni-iskuineen. Kuvituskuva. Sergei Malgavko<\/p>\n<p class=\"paragraph\">Polttoainepula yltyy Ven\u00e4j\u00e4ll\u00e4, raportoi BBC:n Ven\u00e4j\u00e4n-kirjeenvaihtaja <strong>Steve Rosenberg<\/strong> mediakatsauksessaan.<\/p>\n<p class=\"paragraph\">Rosenbergin mukaan bensiinipula on ven\u00e4l\u00e4islehtien p\u00e4\u00e4uutinen. Ne raportoivat, ett\u00e4 \u201dVen\u00e4j\u00e4 on t\u00e4ysimittaisen polttoainekriisin partaalla\u201d ja kuljettajat kertovat kilometrej\u00e4 pitkist\u00e4 jonoista huoltoasemilla Ven\u00e4j\u00e4n Kaukoid\u00e4ss\u00e4. Monet jonottavat tunteja tankatakseen \u2013 usein turhaan.<\/p>\n<p class=\"paragraph\">\u2013 Monilta huoltoasemilta AI-95-bensiini on kadonnut kokonaan, Rosenberg totesi tiistaina viestipalvelu X:ss\u00e4.<\/p>\n<p class=\"paragraph\">Hinnat nousevat ja bensiini\u00e4 mainostetaan jopa 200\u2013300 ruplan litrahintaan, h\u00e4n kertoo. Tilastojen mukaan polttoaineen keskihinta ven\u00e4l\u00e4isasemilla on kasvanut 5,7 prosenttia vuoden alusta l\u00e4htien, mik\u00e4 on enemm\u00e4n kuin keskim\u00e4\u00e4r\u00e4inen inflaatio, eli 4,2 prosenttia, h\u00e4n huomauttaa.<\/p>\n<p class=\"paragraph\">Viranomaiset yritt\u00e4v\u00e4t reagoida tilanteeseen. Varap\u00e4\u00e4ministeri <strong>Aleksandr Novak<\/strong> pit\u00e4\u00e4 kokouksia kokousten per\u00e4\u00e4n, mutta toimet ovat olleet riitt\u00e4m\u00e4tt\u00f6mi\u00e4 ja j\u00e4nnitteet Ven\u00e4j\u00e4n polttoainemarkkinoilla kasvavat, h\u00e4n kuvaa. Huoltoasemilla Kaukoid\u00e4ss\u00e4 on n\u00e4hty jo polttoainerajoituksia, kun ostajille on myyty korkeintaan 10 litraa henke\u00e4 kohti ja v\u00e4lill\u00e4 myynnit on keskeytetty kokonaan.<\/p>\n<p class=\"paragraph\">Merkitt\u00e4v\u00e4 tekij\u00e4 polttoainepulan taustalla on Ukraina drooni-iskuineen, vaikka se mainitaan Rosenbergin mukaan lehdiss\u00e4 l\u00e4hinn\u00e4 vain ohimennen.<\/p>\n<p class=\"paragraph\">Ukraina on viime viikkoina tehostanut iskujaan Ven\u00e4j\u00e4n \u00f6ljynjalostamoihin. <a href=\"https:\/\/edition.cnn.com\/2025\/08\/23\/europe\/ukraine-russia-energy-attacks-intl\" rel=\"noopener nofollow\" target=\"_blank\">CNN on laskenut<\/a>, ett\u00e4 Ukraina on tehnyt pelk\u00e4st\u00e4\u00e4n t\u00e4ss\u00e4 kuussa jo kymmenen iskua Ven\u00e4j\u00e4n keskeisiin energialaitoksiin. Rosenbergin mukaan lehdiss\u00e4 kyll\u00e4 puhutaan \u00f6ljynjalostamojen suunnittelemattomista korjauksista, mutta ei juuri kerrota, mist\u00e4 ne johtuvat.<\/p>\n","protected":false},"excerpt":{"rendered":"Polttoainepula on noussut Ven\u00e4j\u00e4ll\u00e4 p\u00e4\u00e4uutiseksi, raportoi BBC:n Ven\u00e4j\u00e4n-kirjeenvaihtaja. Kuljettajat raportoivat kilometrej\u00e4 pitkist\u00e4 jonoista. Polttoaineesta on pulaa erityisesti Ven\u00e4j\u00e4n&hellip;\n","protected":false},"author":2,"featured_media":17979,"comment_status":"","ping_status":"","sticky":false,"template":"","format":"standard","meta":{"footnotes":""},"categories":[5],"tags":[35,22,23,124,1628,26,27,33,31,30,6639,17,24,25,28,29,15,2538,2536,18,21,32,19,20,16],"class_list":{"0":"post-17978","1":"post","2":"type-post","3":"status-publish","4":"format-standard","5":"has-post-thumbnail","7":"category-otsikot","8":"tag-24h","9":"tag-breaking-news","10":"tag-breakingnews","11":"tag-energia-sektori","12":"tag-energia-ja-energiavarat","13":"tag-featured-news","14":"tag-featurednews","15":"tag-fi","16":"tag-finland","17":"tag-finnish","18":"tag-fossiiliset-polttoaineet","19":"tag-headlines","20":"tag-latest-news","21":"tag-latestnews","22":"tag-main-news","23":"tag-mainnews","24":"tag-news","25":"tag-oljy-fossiilinen-polttoaine","26":"tag-oljy-ja-kaasu","27":"tag-otsikot","28":"tag-paauutiset","29":"tag-suomi","30":"tag-top-stories","31":"tag-topstories","32":"tag-uutiset"},"share_on_mastodon":{"url":"","error":""},"_links":{"self":[{"href":"https:\/\/www.europesays.com\/fi\/wp-json\/wp\/v2\/posts\/17978","targetHints":{"allow":["GET"]}}],"collection":[{"href":"https:\/\/www.europesays.com\/fi\/wp-json\/wp\/v2\/posts"}],"about":[{"href":"https:\/\/www.europesays.com\/fi\/wp-json\/wp\/v2\/types\/post"}],"author":[{"embeddable":true,"href":"https:\/\/www.europesays.com\/fi\/wp-json\/wp\/v2\/users\/2"}],"replies":[{"embeddable":true,"href":"https:\/\/www.europesays.com\/fi\/wp-json\/wp\/v2\/comments?post=17978"}],"version-history":[{"count":0,"href":"https:\/\/www.europesays.com\/fi\/wp-json\/wp\/v2\/posts\/17978\/revisions"}],"wp:featuredmedia":[{"embeddable":true,"href":"https:\/\/www.europesays.com\/fi\/wp-json\/wp\/v2\/media\/17979"}],"wp:attachment":[{"href":"https:\/\/www.europesays.com\/fi\/wp-json\/wp\/v2\/media?parent=17978"}],"wp:term":[{"taxonomy":"category","embeddable":true,"href":"https:\/\/www.europesays.com\/fi\/wp-json\/wp\/v2\/categories?post=17978"},{"taxonomy":"post_tag","embeddable":true,"href":"https:\/\/www.europesays.com\/fi\/wp-json\/wp\/v2\/tags?post=17978"}],"curies":[{"name":"wp","href":"https:\/\/api.w.org\/{rel}","templated":true}]}}