{"id":179922,"date":"2026-02-26T03:29:09","date_gmt":"2026-02-26T03:29:09","guid":{"rendered":"https:\/\/www.europesays.com\/fi\/179922\/"},"modified":"2026-02-26T03:29:09","modified_gmt":"2026-02-26T03:29:09","slug":"hillary-clinton-todistaa-tanaan-epstein-tutkinnassa-uutisia-lyhyesti","status":"publish","type":"post","link":"https:\/\/www.europesays.com\/fi\/179922\/","title":{"rendered":"Hillary Clinton todistaa t\u00e4n\u00e4\u00e4n Epstein-tutkinnassa | Uutisia lyhyesti"},"content":{"rendered":"<p class=\"aw-1gybjub aw-1p7kakr kEtdKx cEmitX yle__article__paragraph\">Yhdysvaltain entinen ulkoministeri <strong class=\"aw-ak79eh KyCXm yle__article__strong\">Hillary Clinton<\/strong> todistaa t\u00e4n\u00e4\u00e4n Yhdysvaltain kongressin tutkinnassa, joka koskee seksuaalirikoksista tuomittua <strong class=\"aw-ak79eh KyCXm yle__article__strong\">Jeffrey Epsteini\u00e4<\/strong>.<\/p>\n<p class=\"aw-1gybjub aw-1p7kakr kEtdKx cEmitX yle__article__paragraph\">Clintonin puoliso, Yhdysvaltain entinen presidentti <strong class=\"aw-ak79eh KyCXm yle__article__strong\">Bill Clinton<\/strong> on todistusvuorossa huomenna. Yksik\u00e4\u00e4n Yhdysvaltain entinen presidentti ei ole ollut kongressin kuultavana vuosikymmeniin.<\/p>\n<p class=\"aw-1gybjub aw-1p7kakr kEtdKx cEmitX yle__article__paragraph\">Viranomaiset eiv\u00e4t ole nostaneet Clintoneita vastaan syytteit\u00e4 Epsteinin rikoksiin liittyen. Edustajainhuoneen valvontakomitea tutkii Epsteinin kytk\u00f6ksi\u00e4 vaikutusvaltaisiin henkil\u00f6ihin sek\u00e4 sit\u00e4, miten h\u00e4nen rikoksiaan koskevia tietoja k\u00e4siteltiin.<\/p>\n","protected":false},"excerpt":{"rendered":"Yhdysvaltain entinen ulkoministeri Hillary Clinton todistaa t\u00e4n\u00e4\u00e4n Yhdysvaltain kongressin tutkinnassa, joka koskee seksuaalirikoksista tuomittua Jeffrey Epsteini\u00e4. Clintonin puoliso,&hellip;\n","protected":false},"author":2,"featured_media":74,"comment_status":"","ping_status":"","sticky":false,"template":"","format":"standard","meta":{"footnotes":"","_share_on_mastodon":"0"},"categories":[5],"tags":[22,23,26,27,33,31,30,17,24837,11121,24,25,28,29,15,18,21,4353,32,19,20,56,16,619,5091,751,1867],"class_list":["post-179922","post","type-post","status-publish","format-standard","has-post-thumbnail","category-otsikot","tag-breaking-news","tag-breakingnews","tag-featured-news","tag-featurednews","tag-fi","tag-finland","tag-finnish","tag-headlines","tag-hillary-clinton","tag-jeffrey-epstein","tag-latest-news","tag-latestnews","tag-main-news","tag-mainnews","tag-news","tag-otsikot","tag-paauutiset","tag-seksuaalirikokset","tag-suomi","tag-top-stories","tag-topstories","tag-ulkomaat","tag-uutiset","tag-yhdysvallat","tag-yhdysvaltain-kongressi","tag-yhdysvaltalaiset-poliitikot","tag-yhdysvaltojen-politiikka"],"share_on_mastodon":{"url":"https:\/\/pubeurope.com\/@fi\/116134816127047774","error":""},"_links":{"self":[{"href":"https:\/\/www.europesays.com\/fi\/wp-json\/wp\/v2\/posts\/179922","targetHints":{"allow":["GET"]}}],"collection":[{"href":"https:\/\/www.europesays.com\/fi\/wp-json\/wp\/v2\/posts"}],"about":[{"href":"https:\/\/www.europesays.com\/fi\/wp-json\/wp\/v2\/types\/post"}],"author":[{"embeddable":true,"href":"https:\/\/www.europesays.com\/fi\/wp-json\/wp\/v2\/users\/2"}],"replies":[{"embeddable":true,"href":"https:\/\/www.europesays.com\/fi\/wp-json\/wp\/v2\/comments?post=179922"}],"version-history":[{"count":0,"href":"https:\/\/www.europesays.com\/fi\/wp-json\/wp\/v2\/posts\/179922\/revisions"}],"wp:featuredmedia":[{"embeddable":true,"href":"https:\/\/www.europesays.com\/fi\/wp-json\/wp\/v2\/media\/74"}],"wp:attachment":[{"href":"https:\/\/www.europesays.com\/fi\/wp-json\/wp\/v2\/media?parent=179922"}],"wp:term":[{"taxonomy":"category","embeddable":true,"href":"https:\/\/www.europesays.com\/fi\/wp-json\/wp\/v2\/categories?post=179922"},{"taxonomy":"post_tag","embeddable":true,"href":"https:\/\/www.europesays.com\/fi\/wp-json\/wp\/v2\/tags?post=179922"}],"curies":[{"name":"wp","href":"https:\/\/api.w.org\/{rel}","templated":true}]}}