{"id":180070,"date":"2026-02-26T07:20:08","date_gmt":"2026-02-26T07:20:08","guid":{"rendered":"https:\/\/www.europesays.com\/fi\/180070\/"},"modified":"2026-02-26T07:20:08","modified_gmt":"2026-02-26T07:20:08","slug":"donut-lab-saaga-saa-uusia-kierteita-jaljet-johtavat-saksaan","status":"publish","type":"post","link":"https:\/\/www.europesays.com\/fi\/180070\/","title":{"rendered":"Donut Lab -saaga saa uusia kierteit\u00e4 \u2013 J\u00e4ljet johtavat Saksaan"},"content":{"rendered":"<p class=\"is-style-dropcap\">Maanantaina Donut Lab <a href=\"https:\/\/tekniikanmaailma.fi\/donut-lab-julkaisi-vttn-ensimmaiset-pikalatausmittaulset-akulleen-80-prosenttiin-45-minuutissa\/\" rel=\"nofollow noopener\" target=\"_blank\">julkaisi<\/a> VTT:n tekem\u00e4t ensimm\u00e4iset pikalatausmittaustulokset akulleen.<\/p>\n<p>Sen j\u00e4lkeen keskustelu Donut Labin akuista on j\u00e4lleen k\u00e4ynyt kuumana Redditiss\u00e4 ja Linkediniss\u00e4. Tiistaina kellon l\u00e4hestyess\u00e4 puoltay\u00f6t\u00e4 Donut Lab -saagaa aktiivisesti seuranneen akkuasiantuntija <strong>Michael Suran<\/strong> <a href=\"https:\/\/www.linkedin.com\/in\/michael-sura-9a47511bb\/\" rel=\"nofollow noopener\" target=\"_blank\">Linkedin-keskusteluun<\/a> ilmestyi uusi henkil\u00f6, nimelt\u00e4\u00e4n <strong>Javier Celdr\u00e1n Kuhl<\/strong>, espanjalaisen Sana Energy -yrityksen johtaja. H\u00e4n kertoo yrityksens\u00e4 olevan saksalaisen teknologiayhti\u00f6 <a href=\"https:\/\/ctc-ag.com\/en\/\" rel=\"nofollow noopener\" target=\"_blank\">CT-Coating AG<\/a>:n tyt\u00e4ryhti\u00f6, ja saksalaisyhti\u00f6n taas olevan Donut Labin akkujen teknologiatoimittaja.<\/p>\n<p>CT-Coating-yrityksen on jo aiemmissa <a href=\"https:\/\/www.reddit.com\/r\/DonutLab\/comments\/1qqzcm9\/donut_investigation_sgs_answered_about_the_report\/\" rel=\"nofollow noopener\" target=\"_blank\">Reddit-keskusteluissa<\/a> arveltu olevan Donut Labin akkuteknologian taustalla. Yrityksen tuotteiksi mainitaan nanopinnoitteet ja niiden tuotantolinjat, joita voi k\u00e4ytt\u00e4\u00e4 akkujen, aurinkopaneelien valmistukseen. <\/p>\n<p>Salaper\u00e4inen saksalaisyritys ei kerro teknologiastaan verkkosivullaan mit\u00e4\u00e4n, vain k\u00e4ytt\u00e4v\u00e4ns\u00e4 \u201dvalikoituja materiaaleja, innovatiivisia ja myrkytt\u00f6mi\u00e4 pigmenttej\u00e4 sek\u00e4 ensiluokkaisia \u200b\u200bja kustannustehokkaita pinnoitusprosesseja.\u201d<\/p>\n<p><img loading=\"lazy\" decoding=\"async\" width=\"1536\" height=\"1486\"  src=\"https:\/\/www.europesays.com\/fi\/wp-content\/uploads\/2026\/02\/image-1536x1486.webp.webp\" alt=\"\" class=\"wp-image-2092592 js-photoswipe-image\" \/>Donut Labin akkujen alkuper\u00e4\u00e4 valottaneen <strong>Javier Celdr\u00e1n Kuhl <\/strong>poisti verkkokommenttinsa pian julkaisun j\u00e4lkeen. Kuvakaappaus yhdest\u00e4 niist\u00e4.<\/p>\n<p>Javier Celdr\u00e1n Kuhl vastaili Linkediniss\u00e4 uteliaiden kysymyksiin avoimesti. H\u00e4n kertoo Sana Energyn toimittavan CT-Coatingin tulostusteknologiaa hy\u00f6dynt\u00e4vi\u00e4 laitteita, mutta Donut Labin tuotantolinjan toimittavat saksalainen emoyhti\u00f6. <\/p>\n<p>Selvyytt\u00e4 ei sen sijaan tullut siihen, onko tuotantolinja jo olemassa. Tuotantolinjan toimitusajaksi mainitaan 12 kuukautta. My\u00f6sk\u00e4\u00e4n siihen, mist\u00e4 VTT:lle testattavaksi toimitetut akkukennot ovat per\u00e4isin ei tule selvyytt\u00e4, mutta Celdr\u00e1n Kuhl kertoi er\u00e4\u00e4lle kysyj\u00e4lle testikennon fyysiset mitat.<\/p>\n<p>CT Coating on ilmeisesti lisensoinut teknologiaa muillekin yrityksille jo vuosia, mutta kaupallisia tuotteita ei ole ilmaantunut markkinoille. Akkuasiantija <strong>Juho Heiska <\/strong>ihmetteli <a href=\"https:\/\/www.youtube.com\/@Akkutohtori\" rel=\"nofollow noopener\" target=\"_blank\">Akkutohtori-kanavansa<\/a> tuoreella videolla yrityksen bisnesstrategiaa. Jos heid\u00e4n laitteillaan pystyy valmistamaan t\u00e4ysin k\u00e4\u00e4nteentekevi\u00e4 akkuja, miksi he eiv\u00e4t valmista niit\u00e4 itse, Heiska h\u00e4mm\u00e4stelee.<\/p>\n<p>Keskiviikkona aamup\u00e4iv\u00e4ll\u00e4 Celdr\u00e1n Kuhlin y\u00f6lliset keskustelukommentit saivat paljon huomiota, kunnes h\u00e4n poisti ne Linkedinist\u00e4. Illalla Helsingin Sanomien toimittaja tavoitti Javier Celdr\u00e1n Kuhlin, joka vahvisti <a href=\"https:\/\/www.hs.fi\/visio\/art-2000011843730.html\" rel=\"nofollow noopener\" target=\"_blank\">lehden jutussa<\/a> yhti\u00f6ns\u00e4 markkinoivan CT-Coatingin valmistusteknologiaa, jota my\u00f6s Donut Labin hy\u00f6dynt\u00e4\u00e4. Donut Labin toimitusjohtaja <strong>Marko Lehtim\u00e4ki<\/strong> sen sijaan kielt\u00e4ytyi jutussa kommentoimasta akkuteknologiansa alkuper\u00e4\u00e4.<\/p>\n","protected":false},"excerpt":{"rendered":"Maanantaina Donut Lab julkaisi VTT:n tekem\u00e4t ensimm\u00e4iset pikalatausmittaustulokset akulleen. Sen j\u00e4lkeen keskustelu Donut Labin akuista on j\u00e4lleen k\u00e4ynyt&hellip;\n","protected":false},"author":2,"featured_media":180071,"comment_status":"","ping_status":"","sticky":false,"template":"","format":"standard","meta":{"footnotes":"","_share_on_mastodon":"0"},"categories":[76],"tags":[6863,79,77,33,31,30,32,78],"class_list":["post-180070","post","type-post","status-publish","format-standard","has-post-thumbnail","category-talous","tag-akut","tag-business","tag-economy","tag-fi","tag-finland","tag-finnish","tag-suomi","tag-talous"],"share_on_mastodon":{"url":"https:\/\/pubeurope.com\/@fi\/116135724739970817","error":""},"_links":{"self":[{"href":"https:\/\/www.europesays.com\/fi\/wp-json\/wp\/v2\/posts\/180070","targetHints":{"allow":["GET"]}}],"collection":[{"href":"https:\/\/www.europesays.com\/fi\/wp-json\/wp\/v2\/posts"}],"about":[{"href":"https:\/\/www.europesays.com\/fi\/wp-json\/wp\/v2\/types\/post"}],"author":[{"embeddable":true,"href":"https:\/\/www.europesays.com\/fi\/wp-json\/wp\/v2\/users\/2"}],"replies":[{"embeddable":true,"href":"https:\/\/www.europesays.com\/fi\/wp-json\/wp\/v2\/comments?post=180070"}],"version-history":[{"count":0,"href":"https:\/\/www.europesays.com\/fi\/wp-json\/wp\/v2\/posts\/180070\/revisions"}],"wp:featuredmedia":[{"embeddable":true,"href":"https:\/\/www.europesays.com\/fi\/wp-json\/wp\/v2\/media\/180071"}],"wp:attachment":[{"href":"https:\/\/www.europesays.com\/fi\/wp-json\/wp\/v2\/media?parent=180070"}],"wp:term":[{"taxonomy":"category","embeddable":true,"href":"https:\/\/www.europesays.com\/fi\/wp-json\/wp\/v2\/categories?post=180070"},{"taxonomy":"post_tag","embeddable":true,"href":"https:\/\/www.europesays.com\/fi\/wp-json\/wp\/v2\/tags?post=180070"}],"curies":[{"name":"wp","href":"https:\/\/api.w.org\/{rel}","templated":true}]}}