{"id":180293,"date":"2026-02-26T12:27:08","date_gmt":"2026-02-26T12:27:08","guid":{"rendered":"https:\/\/www.europesays.com\/fi\/180293\/"},"modified":"2026-02-26T12:27:08","modified_gmt":"2026-02-26T12:27:08","slug":"ratamokeskuksessa-kayville-ihmisille-suositellaan-kasvomaskin-kayttoa-kouvolassa-kymenlaakso","status":"publish","type":"post","link":"https:\/\/www.europesays.com\/fi\/180293\/","title":{"rendered":"Ratamokeskuksessa k\u00e4yville ihmisille suositellaan kasvomaskin k\u00e4ytt\u00f6\u00e4 Kouvolassa | Kymenlaakso"},"content":{"rendered":"<p class=\"aw-1gybjub aw-5vja16 kEtdKx kmuxyA yle__article__paragraph\">Maskisuosituksella halutaan taata asiakkaiden sek\u00e4 henkil\u00f6kunnan turvallisuus.<\/p>\n<p><img decoding=\"async\" alt=\"Kouvolan Ratamokeskus.\" src=\"https:\/\/www.europesays.com\/fi\/wp-content\/uploads\/2026\/02\/39-107938963ff25652e547.jpeg\" class=\"aw-1l9m598 hKVVvP\"\/><\/p>\n<p>Avaa kuvien katselu<\/p>\n<p>K\u00e4ynniss\u00e4 oleva talvilomakausi on edesauttanut tautien levi\u00e4mist\u00e4 eri puolille Suomea, my\u00f6s Kouvolaan. Kuva: Antro Valo \/ Yle<\/p>\n<p class=\"aw-1gybjub aw-1p7kakr kEtdKx cEmitX yle__article__paragraph\">Kymenlaakson hyvinvointialue on antanut maskisuosituksen Kouvolan Ratamokeskuksessa k\u00e4yville ihmisille.<\/p>\n<p class=\"aw-1gybjub aw-1p7kakr kEtdKx cEmitX yle__article__paragraph\">\u2013 Kasvomaskin k\u00e4ytt\u00f6\u00e4 suositellaan, koska hengitystieoireisia potilaita on t\u00e4ll\u00e4 hetkell\u00e4 paljon Kouvolassa, kertoo akuuttipalveluiden vastuuylil\u00e4\u00e4k\u00e4ri <strong class=\"aw-ak79eh KyCXm yle__article__strong\">Kimmo Salmio<\/strong>.<\/p>\n<p class=\"aw-1gybjub aw-1p7kakr kEtdKx cEmitX yle__article__paragraph\">Maskisuosituksella halutaan taata asiakkaiden sek\u00e4 henkil\u00f6kunnan turvallisuus.<\/p>\n<p class=\"aw-1gybjub aw-1p7kakr kEtdKx cEmitX yle__article__paragraph\">Salmio muistuttaa, ett\u00e4 hengitystieoireita aiheuttavia tauteja liikkuu t\u00e4ll\u00e4 hetkell\u00e4 paljon eri puolilla Suomea. Kouvolan tautitapausm\u00e4\u00e4r\u00e4t eiv\u00e4t erotu valtakunnallisista lukemista.<\/p>\n<p class=\"aw-1gybjub aw-1p7kakr kEtdKx cEmitX yle__article__paragraph\">\u2013 K\u00e4ynniss\u00e4 oleva talvilomakausi on edesauttanut taudin levi\u00e4mist\u00e4 eri puolille Suomea, Salmio arvioi.<\/p>\n<p>K\u00e4sien peseminen t\u00e4rke\u00e4\u00e4<\/p>\n<p class=\"aw-1gybjub aw-1p7kakr kEtdKx cEmitX yle__article__paragraph\">Suomessa vietet\u00e4\u00e4n paraikaa porrastetusti talvilomaa.<\/p>\n<p class=\"aw-1gybjub aw-1p7kakr kEtdKx cEmitX yle__article__paragraph\">Oulun yliopistollisen sairaalan tartuntatautien asiantuntija <strong class=\"aw-ak79eh KyCXm yle__article__strong\">Teija Puhto<\/strong> <a class=\"aw-iao6s4 iHOxEa yle__article__link\" href=\"https:\/\/yle.fi\/a\/74-20211615\" role=\"link\" rel=\"nofollow noopener\" target=\"_blank\">kertoi Ylelle<\/a> aiemmin t\u00e4ll\u00e4 viikolla, ett\u00e4 taudit levi\u00e4v\u00e4t paikoissa, joissa on paljon ihmisi\u00e4.<\/p>\n<p class=\"aw-1gybjub aw-1p7kakr kEtdKx cEmitX yle__article__paragraph\">T\u00e4llaisia paikkoja ovat esimerkiksi huoltoasemat tai laskettelukeskuksien ravintolat, joissa sy\u00f6d\u00e4\u00e4n ja juodaan.<\/p>\n<p class=\"aw-1gybjub aw-1p7kakr kEtdKx cEmitX yle__article__paragraph\">\u2013 Tavallinen ihminen ei sairastu r\u00e4k\u00e4- eik\u00e4 mahatautiin, jos ei saa virusta suun tai nen\u00e4n limakalvoille. Yleens\u00e4h\u00e4n se vied\u00e4\u00e4n sinne omin k\u00e4sin, Puhto sanoo.<\/p>\n<p class=\"aw-1gybjub aw-1p7kakr kEtdKx cEmitX yle__article__paragraph\">T\u00e4ll\u00e4 hetkell\u00e4 yleisi\u00e4 hengitystieoireita aiheuttavia viruksia on influenssa A , koronavirus ja RS-virus.<\/p>\n<p class=\"aw-1gybjub aw-1p7kakr kEtdKx cEmitX yle__article__paragraph\">Keskeisin keino suojautua hengitystiesairauksilta on huolellinen k\u00e4sien pesu.<\/p>\n","protected":false},"excerpt":{"rendered":"Maskisuosituksella halutaan taata asiakkaiden sek\u00e4 henkil\u00f6kunnan turvallisuus. Avaa kuvien katselu K\u00e4ynniss\u00e4 oleva talvilomakausi on edesauttanut tautien levi\u00e4mist\u00e4 eri&hellip;\n","protected":false},"author":2,"featured_media":180294,"comment_status":"","ping_status":"","sticky":false,"template":"","format":"standard","meta":{"footnotes":"","_share_on_mastodon":"0"},"categories":[165],"tags":[33,31,30,166,28889,9124,737,464,32,767,595,550,167,8167],"class_list":["post-180293","post","type-post","status-publish","format-standard","has-post-thumbnail","category-terveys","tag-fi","tag-finland","tag-finnish","tag-health","tag-kasienpesu","tag-kasvomaskit","tag-kouvola","tag-kymenlaakso","tag-suomi","tag-tartuntataudit","tag-taudit","tag-terveydenhuolto","tag-terveys","tag-virustaudit"],"share_on_mastodon":{"url":"https:\/\/pubeurope.com\/@fi\/116136931857525759","error":""},"_links":{"self":[{"href":"https:\/\/www.europesays.com\/fi\/wp-json\/wp\/v2\/posts\/180293","targetHints":{"allow":["GET"]}}],"collection":[{"href":"https:\/\/www.europesays.com\/fi\/wp-json\/wp\/v2\/posts"}],"about":[{"href":"https:\/\/www.europesays.com\/fi\/wp-json\/wp\/v2\/types\/post"}],"author":[{"embeddable":true,"href":"https:\/\/www.europesays.com\/fi\/wp-json\/wp\/v2\/users\/2"}],"replies":[{"embeddable":true,"href":"https:\/\/www.europesays.com\/fi\/wp-json\/wp\/v2\/comments?post=180293"}],"version-history":[{"count":0,"href":"https:\/\/www.europesays.com\/fi\/wp-json\/wp\/v2\/posts\/180293\/revisions"}],"wp:featuredmedia":[{"embeddable":true,"href":"https:\/\/www.europesays.com\/fi\/wp-json\/wp\/v2\/media\/180294"}],"wp:attachment":[{"href":"https:\/\/www.europesays.com\/fi\/wp-json\/wp\/v2\/media?parent=180293"}],"wp:term":[{"taxonomy":"category","embeddable":true,"href":"https:\/\/www.europesays.com\/fi\/wp-json\/wp\/v2\/categories?post=180293"},{"taxonomy":"post_tag","embeddable":true,"href":"https:\/\/www.europesays.com\/fi\/wp-json\/wp\/v2\/tags?post=180293"}],"curies":[{"name":"wp","href":"https:\/\/api.w.org\/{rel}","templated":true}]}}