{"id":180389,"date":"2026-02-26T14:56:11","date_gmt":"2026-02-26T14:56:11","guid":{"rendered":"https:\/\/www.europesays.com\/fi\/180389\/"},"modified":"2026-02-26T14:56:11","modified_gmt":"2026-02-26T14:56:11","slug":"joensuun-kaupungin-sivuilla-oli-tekoalylla-tehty-kuva-josta-tietokirjailija-tunnisti-itsensa-ei-ole-okei-pohjois-karjala","status":"publish","type":"post","link":"https:\/\/www.europesays.com\/fi\/180389\/","title":{"rendered":"Joensuun kaupungin sivuilla oli teko\u00e4lyll\u00e4 tehty kuva, josta tieto\u00adkirjailija tunnisti itsens\u00e4: \u201dEi ole okei\u201d | Pohjois-Karjala"},"content":{"rendered":"<p class=\"aw-1gybjub aw-5vja16 kEtdKx kmuxyA yle__article__paragraph\">Asiantuntijan mukaan kyseess\u00e4 on tekij\u00e4n\u00adoikeus\u00adrikkomus. Kuvan oikeudet omistava valokuvaaja tyytyy saamaansa anteeksi\u00adpyynt\u00f6\u00f6n.<\/p>\n<p><img decoding=\"async\" alt=\"Tanssiva pariskunta puisen tanssilavan sis\u00e4parketilla \u2013 vasemmalla aidossa valokuvassa, oikealla samalta n\u00e4ytt\u00e4v\u00e4ss\u00e4 piirroksessa.\" src=\"https:\/\/www.europesays.com\/fi\/wp-content\/uploads\/2026\/02\/39-160348269a022802bd1a.jpeg\" class=\"aw-1l9m598 hKVVvP\"\/><\/p>\n<p>Avaa kuvien katselu<\/p>\n<p>Vasemmalla kuva, joka julkaistiin Henna Karppinen-Kummunm\u00e4en kirjassa Lavatanssin hurma vuonna 2020. Oikealla kuva, joka julkaistiin joensuulaisen tanssitapahtuman mainoksessa helmikuussa 2026. Kuva: Vesa-Matti V\u00e4\u00e4r\u00e4 (vas.) ja Chat GPT (oik.). Kuvank\u00e4sittely: Antti Karhunen \/ Yle<\/p>\n<p>15:29\u2022P\u00e4ivitetty 16:06<\/p>\n<ul class=\"aw-1jjocuh iJTSwP yle__article__list yle__article__list--ul\">\n<li class=\"aw-1j7gwms gNYKfi\">Tietokirjailija Henna Karppinen-Kummunm\u00e4en kuvaa k\u00e4ytettiin luvatta teko\u00e4lyversiona joensuulaisen yhdistyksen mainoksessa.<\/li>\n<li class=\"aw-1j7gwms gNYKfi\">Tapaus nostaa esiin tekij\u00e4noikeuslain ep\u00e4selvyyden: onko vastuussa teko\u00e4lyn k\u00e4ytt\u00e4j\u00e4 vai sen kehitt\u00e4j\u00e4.<\/li>\n<li class=\"aw-1j7gwms gNYKfi\">Yhdistys pyysi tekoa anteeksi. Kirjailijan mukaan ennakkotapaukset ovat t\u00e4rkeit\u00e4, jotta alalle saadaan selke\u00e4t pelis\u00e4\u00e4nn\u00f6t.<\/li>\n<\/ul>\n<p class=\"aw-1gybjub aw-1p7kakr kEtdKx cEmitX yle__article__paragraph\">Espoolainen tietokirjailija <strong class=\"aw-ak79eh KyCXm yle__article__strong\">Henna Karppinen-Kummunm\u00e4ki<\/strong> sai viime sunnuntaina yll\u00e4tt\u00e4v\u00e4n viestin \u00e4idilt\u00e4\u00e4n.<\/p>\n<p class=\"aw-1gybjub aw-1p7kakr kEtdKx cEmitX yle__article__paragraph\">Joensuun kaupungin verkkosivuilla oli julkaistu tapahtumailmoitus, jossa oli \u00e4idin mielest\u00e4 ilmiselv\u00e4sti Karppinen-Kummunm\u00e4en kuva. Piirretyn n\u00e4k\u00f6isess\u00e4 kuvassa kirjailija tanssii entisen puolisonsa kanssa tanssilavalla.<\/p>\n<p class=\"aw-1gybjub aw-1p7kakr kEtdKx cEmitX yle__article__paragraph\">Kuvassa oli maininta, ett\u00e4 se oli tehty teko\u00e4lyll\u00e4. Karppinen-Kummunm\u00e4en mielest\u00e4 sen pohjana n\u00e4ytti olevan kuva, joka oli julkaistu vuonna 2020 h\u00e4nen esikoisteoksessaan.<\/p>\n<p><img decoding=\"async\" alt=\"Fiftarityyliin pukeutuneita ihmisi\u00e4 tanssii suuren sis\u00e4tanssilavan parketilla.\" src=\"https:\/\/www.europesays.com\/fi\/wp-content\/uploads\/2026\/02\/39-1603048699eee957a711.jpeg\" class=\"aw-1l9m598 hKVVvP\"\/><img decoding=\"async\" alt=\"Tanssiva pariskunta puisen tanssilavan sis\u00e4parketilla piirroksessa.\" src=\"https:\/\/www.europesays.com\/fi\/wp-content\/uploads\/2026\/02\/39-160350369a02512d0354.jpeg\" class=\"aw-1l9m598 hKVVvP\"\/>Alkuper\u00e4isen kuvan (vas.) ja teko\u00e4lypiirroksen yht\u00e4l\u00e4isyydet ovat suuria. Kuvat: Vesa-Matti V\u00e4\u00e4r\u00e4 (vasen), Chat GPT (oikea)<\/p>\n<p class=\"aw-1gybjub aw-1p7kakr kEtdKx cEmitX yle__article__paragraph\">\u2013 Mielest\u00e4ni ihan selv\u00e4 juttu. Kuva on sy\u00f6tetty Chat GPT:hen ja siit\u00e4 on pyydetty piirrosversio, Karppinen-Kummunm\u00e4ki sanoo.<\/p>\n<p><img decoding=\"async\" alt=\"Tietokirjailija Henna Karppinen-Kummunm\u00e4ki.\" src=\"https:\/\/www.europesays.com\/fi\/wp-content\/uploads\/2026\/02\/39-1407942678a39ad61611.jpeg\" loading=\"lazy\" class=\"aw-1l9m598 hKVVvP\"\/><\/p>\n<p>Avaa kuvien katselu<\/p>\n<p>Henna Karppinen-Kummunm\u00e4ki on julkaissut viisi tietokirjaa. Kuva: Jari Kovalainen \/ Yle<\/p>\n<p class=\"aw-1gybjub aw-1p7kakr kEtdKx cEmitX yle__article__paragraph\">Kirjailija <a class=\"aw-iao6s4 iHOxEa yle__article__link\" href=\"https:\/\/www.threads.com\/@hennakarppinenkummunmaki\/post\/DVEO2dHjPa_\" role=\"link\" rel=\"nofollow noopener\" target=\"_blank\">avautui aiheesta sosiaalisessa mediassa<\/a>, mink\u00e4 j\u00e4lkeen ilmoituksen kuva vaihtui. Ilmoituksen oli tehnyt joensuulainen Lions Club Puukello, jonka edustaja l\u00e4hetti my\u00f6hemmin pahoittelunsa Karppinen-Kummunm\u00e4elle.<\/p>\n<p class=\"aw-1gybjub aw-1p7kakr kEtdKx cEmitX yle__article__paragraph\">\u2013 Valitettavasti olen kuullut samanlaisista tapauksista muualtakin. On hyv\u00e4, ett\u00e4 anteeksi pyydet\u00e4\u00e4n, mutta ihmisten pit\u00e4isi ymm\u00e4rt\u00e4\u00e4, ett\u00e4 t\u00e4m\u00e4 ei ole okei, Karppinen-Kummunm\u00e4ki sanoo.<\/p>\n<p class=\"aw-1gybjub aw-1p7kakr kEtdKx cEmitX yle__article__paragraph\">Lions Club Puukello vahvisti Ylelle teko\u00e4lykuvan k\u00e4yt\u00f6st\u00e4 aiheutuneen ongelman, kuvan poistamisen v\u00e4litt\u00f6m\u00e4sti ja pahoittelunsa.<\/p>\n<p>Kuvan syntytapa ei selvill\u00e4<\/p>\n<p class=\"aw-1gybjub aw-1p7kakr kEtdKx cEmitX yle__article__paragraph\">Helsingin yliopiston tekij\u00e4noikeuden professori <strong class=\"aw-ak79eh KyCXm yle__article__strong\">Taina Pihlajarinteen<\/strong> mukaan vastuun jakautumisen osalta on keskeist\u00e4, kuinka kuva on Chat GPT:ss\u00e4 luotu.<\/p>\n<p class=\"aw-1gybjub aw-1p7kakr kEtdKx cEmitX yle__article__paragraph\">Jos k\u00e4ytt\u00e4j\u00e4 on sy\u00f6tt\u00e4nyt valokuvan teko\u00e4lylle ja pyyt\u00e4nyt muokkaamaan siit\u00e4 piirroksen, kyseess\u00e4 voi olla tekij\u00e4noikeusrikkomus.<\/p>\n<p class=\"aw-1gybjub aw-1p7kakr kEtdKx cEmitX yle__article__paragraph\">\u2013 Jos taas teko\u00e4ly on luonut tuon piirroksen pelkkien promptien perusteella, tilanne on toinen. Silloin ongelma onkin Chat GPT:ss\u00e4, Pihlajarinne sanoo.<\/p>\n<p class=\"aw-1gybjub aw-1p7kakr kEtdKx cEmitX yle__article__paragraph\">Pihlajarinteen kuvaileman ilmi\u00f6n nimi on memorisaatio. Siin\u00e4 teko\u00e4lysovellus \u201dvuotaa\u201d alkuper\u00e4ist\u00e4 valokuvaa piirrokseksi ilman, ett\u00e4 k\u00e4ytt\u00e4j\u00e4 voi siihen vaikuttaa.<\/p>\n<p><img decoding=\"async\" alt=\"Kuvakollaasi karikatyyrihahmoista, jossa ihmiset ovat eri tilanteissa kuten ty\u00f6paikalla tai juoksulenkill\u00e4.\" src=\"https:\/\/www.europesays.com\/fi\/wp-content\/uploads\/2026\/02\/1772117771_503_39-1596697698dc4ebdd2f4.jpeg\" loading=\"lazy\" class=\"aw-1l9m598 hKVVvP\"\/><\/p>\n<p>Avaa kuvien katselu<\/p>\n<p>T\u00e4llaisia leikkisi\u00e4 karikatyyreja on julkaistu sosiaalisessa mediassa alkuvuoden aikana runsaasti. Kuvat on tehty teko\u00e4lyn avulla. Kuva: Matti Kurkela \/ Yle<\/p>\n<p class=\"aw-1gybjub aw-1p7kakr kEtdKx cEmitX yle__article__paragraph\">Teko\u00e4ly-yhti\u00f6iden mukaan memorisaatiota ei pit\u00e4isi voida tavallisesti tapahtua, mutta Pihlajarinteen mukaan on my\u00f6s v\u00e4itetty, ett\u00e4 se on nykyisten teko\u00e4lyjen v\u00e4ist\u00e4m\u00e4t\u00f6n ominaisuus.<\/p>\n<p class=\"aw-1gybjub aw-1p7kakr kEtdKx cEmitX yle__article__paragraph\">\u2013 Saksassa oikeus antoi \u00e4skett\u00e4in ratkaisun tapauksessa, jossa teko\u00e4lyn katsottiin vuotaneen tekij\u00e4noikeuden alaisia laulun sanoja. Vastuuseen joutui teko\u00e4lyn kehitt\u00e4j\u00e4, Pihlajarinne kertoo.<\/p>\n<p class=\"aw-1gybjub aw-1p7kakr kEtdKx cEmitX yle__article__paragraph\">Yle ei saanut Lions Club Puukellolta kommenttia siit\u00e4, miten sen mainoksessa k\u00e4ytt\u00e4m\u00e4 piirroskuva oli Chat GPT:ss\u00e4 syntynyt.<\/p>\n<p>Valokuvaaja tyytyy anteeksi\u00adpyynt\u00f6\u00f6n<\/p>\n<p class=\"aw-1gybjub aw-1p7kakr kEtdKx cEmitX yle__article__paragraph\">Tanssivalokuvan tekij\u00e4noikeudet omistaa valokuvaaja <strong class=\"aw-ak79eh KyCXm yle__article__strong\">Vesa-Matti V\u00e4\u00e4r\u00e4<\/strong>. H\u00e4n tyytyy joensuulaisen yhdistyksen anteeksipyynt\u00f6\u00f6n eik\u00e4 aio vied\u00e4 asiaa k\u00e4r\u00e4jille.<\/p>\n<p class=\"aw-1gybjub aw-1p7kakr kEtdKx cEmitX yle__article__paragraph\">V\u00e4\u00e4r\u00e4n mukaan on hyv\u00e4, ett\u00e4 tapaus her\u00e4tt\u00e4\u00e4 keskustelua teko\u00e4lyn k\u00e4yt\u00f6st\u00e4. Samaa mielt\u00e4 on tietokirjailija Karppinen-Kummunm\u00e4ki.<\/p>\n<p class=\"aw-1gybjub aw-1p7kakr kEtdKx cEmitX yle__article__paragraph\">\u2013 Jokainen ennakkotapaus on t\u00e4rke\u00e4, koska muuten j\u00e4\u00e4 ep\u00e4selv\u00e4ksi, saako n\u00e4in tehd\u00e4 vai ei. Kyseess\u00e4 on ihmisten toimeentulo, h\u00e4n sanoo.<\/p>\n<p class=\"aw-1gybjub aw-1p7kakr kEtdKx cEmitX yle__article__paragraph\">Pihlajarinne huomauttaa, ett\u00e4 tekij\u00e4noikeuksista ei tiedet\u00e4 tarpeeksi. H\u00e4nen mukaansa t\u00e4m\u00e4nkaltaisissa kuvanmuokkauksissa on harvoin kyse tahallisista rikoksista.<\/p>\n<p class=\"aw-1gybjub aw-1p7kakr kEtdKx cEmitX yle__article__paragraph\">\u2013 Tekij\u00e4noikeusj\u00e4rjestelm\u00e4mme on kuitenkin my\u00f6s hieman j\u00e4ykk\u00e4. Etenkin memorisaation osalta s\u00e4\u00e4ntely\u00e4 pit\u00e4isi kehitt\u00e4\u00e4, Pihlajarinne sanoo.<\/p>\n<p><img decoding=\"async\" alt=\"\" src=\"https:\/\/www.europesays.com\/fi\/wp-content\/uploads\/2026\/02\/13-1-72015200-1730272482249.jpeg\" class=\"aw-1l9m598 hKVVvP\"\/><\/p>\n<p class=\"aw-1gybjub aw-1p7kakr kEtdKx cEmitX yle__article__paragraph\">Muokkaus 26.2.2026 klo 16.06: Muokattu ingressi\u00e4. Aiemmin ingressiss\u00e4 mainittiin, ett\u00e4 kyseess\u00e4 ei v\u00e4ltt\u00e4m\u00e4tt\u00e4 ole tekij\u00e4noikeusrikkomus. Kyseess\u00e4 on tekij\u00e4noikeusrikkomus.<\/p>\n","protected":false},"excerpt":{"rendered":"Asiantuntijan mukaan kyseess\u00e4 on tekij\u00e4n\u00adoikeus\u00adrikkomus. Kuvan oikeudet omistava valokuvaaja tyytyy saamaansa anteeksi\u00adpyynt\u00f6\u00f6n. Avaa kuvien katselu Vasemmalla kuva, joka&hellip;\n","protected":false},"author":2,"featured_media":180390,"comment_status":"","ping_status":"","sticky":false,"template":"","format":"standard","meta":{"footnotes":"","_share_on_mastodon":"0"},"categories":[89],"tags":[432,431,3933,33,31,30,1133,71,1137,32,91,8549,92,433,6448],"class_list":["post-180389","post","type-post","status-publish","format-standard","has-post-thumbnail","category-tekoaly","tag-ai","tag-artificial-intelligence","tag-chatgpt","tag-fi","tag-finland","tag-finnish","tag-joensuu","tag-kotimaa","tag-pohjois-karjala","tag-suomi","tag-technology","tag-tekijanoikeus","tag-teknologia","tag-tekoaly","tag-valokuvat"],"share_on_mastodon":{"url":"https:\/\/pubeurope.com\/@fi\/116137517596193009","error":""},"_links":{"self":[{"href":"https:\/\/www.europesays.com\/fi\/wp-json\/wp\/v2\/posts\/180389","targetHints":{"allow":["GET"]}}],"collection":[{"href":"https:\/\/www.europesays.com\/fi\/wp-json\/wp\/v2\/posts"}],"about":[{"href":"https:\/\/www.europesays.com\/fi\/wp-json\/wp\/v2\/types\/post"}],"author":[{"embeddable":true,"href":"https:\/\/www.europesays.com\/fi\/wp-json\/wp\/v2\/users\/2"}],"replies":[{"embeddable":true,"href":"https:\/\/www.europesays.com\/fi\/wp-json\/wp\/v2\/comments?post=180389"}],"version-history":[{"count":0,"href":"https:\/\/www.europesays.com\/fi\/wp-json\/wp\/v2\/posts\/180389\/revisions"}],"wp:featuredmedia":[{"embeddable":true,"href":"https:\/\/www.europesays.com\/fi\/wp-json\/wp\/v2\/media\/180390"}],"wp:attachment":[{"href":"https:\/\/www.europesays.com\/fi\/wp-json\/wp\/v2\/media?parent=180389"}],"wp:term":[{"taxonomy":"category","embeddable":true,"href":"https:\/\/www.europesays.com\/fi\/wp-json\/wp\/v2\/categories?post=180389"},{"taxonomy":"post_tag","embeddable":true,"href":"https:\/\/www.europesays.com\/fi\/wp-json\/wp\/v2\/tags?post=180389"}],"curies":[{"name":"wp","href":"https:\/\/api.w.org\/{rel}","templated":true}]}}