{"id":180391,"date":"2026-02-26T15:01:09","date_gmt":"2026-02-26T15:01:09","guid":{"rendered":"https:\/\/www.europesays.com\/fi\/180391\/"},"modified":"2026-02-26T15:01:09","modified_gmt":"2026-02-26T15:01:09","slug":"arja-saijonmaa-suomalaistahti-lahi-idan-rauhansopimuksen-taustalla","status":"publish","type":"post","link":"https:\/\/www.europesays.com\/fi\/180391\/","title":{"rendered":"Arja Saijonmaa: Suomalaist\u00e4hti L\u00e4hi-id\u00e4n rauhansopimuksen taustalla"},"content":{"rendered":"<p>\n            20240826 HELSINKI.  G Livelab, El\u00e4m\u00e4ni biisi pressitilaisuus. Arja Saijonmaa. KUVA: ATTE KAJOVA<br \/>\n            Atte Kajova\/All Over Press\n        <\/p>\n<p class=\"subtitle \">Arja Saijonmaa tunnetaan paitsi laulajana ja n\u00e4yttelij\u00e4n\u00e4, my\u00f6s rauhantekij\u00e4n\u00e4.<\/p>\n<p class=\"article-content article-content-width !bg-background\">Y\u00f6kyl\u00e4ss\u00e4 Maria Veitolan uuden kauden avausjaksossa vieraillaan laulajana ja n\u00e4yttelij\u00e4n\u00e4 tunnetun  luona Tukholmassa.<\/p>\n<p class=\"article-content article-content-width !bg-background\">\u00a0<\/p>\n<p class=\"article-content article-content-width !bg-background\">Arjalla on kolme kotia, Tukholman lis\u00e4ksi Helsingiss\u00e4 ja Pariisissa. Musiikkiuransa lis\u00e4ksi Arja tunnetaan rauhantekij\u00e4n\u00e4, josta h\u00e4n on saanut paljon merkitt\u00e4vi\u00e4 palkintoja.<\/p>\n<p class=\"article-content article-content-width !bg-background\">Toimittaja  selaa lehtileikkeit\u00e4 menneest\u00e4. Vastaan tulee lehtileikkeit\u00e4 vuodelta 1994, kun Arja teki merkitt\u00e4v\u00e4n teon rauhan puolesta.<\/p>\n<p>        <a itemprop=\"url\" href=\"https:\/\/www.seiska.fi\/katso\/talta-nayttaa-uusi-yokylassa-maria-veitolan-kausi-katsojilta-valiton-reaktio\/2053297\" rel=\"nofollow noopener\" target=\"_blank\"><\/p>\n<p>\nT\u00e4lt\u00e4 n\u00e4ytt\u00e4\u00e4 Y\u00f6kyl\u00e4ss\u00e4 Maria Veitola\n<\/p>\n<p class=\"section-date\">\n        <strong class=\"article-section\" data-section=\"katso\"><br \/>\n            katso<br \/>\n        <\/strong><br \/>\n        22.1. 10:15\n    <\/p>\n<p>T\u00e4lt\u00e4 n\u00e4ytt\u00e4\u00e4 uusi Y\u00f6kyl\u00e4ss\u00e4 Maria Veitolan kausi \u2013 katsojilta v\u00e4lit\u00f6n reaktio\n    <\/p>\n<p itemprop=\"description\" class=\"subtitle \">\n    Y\u00f6kyl\u00e4ss\u00e4 Maria Veitola -ohjelman juhlakaudella n\u00e4hd\u00e4\u00e4n muun muassa kansan suosikit Mikko &#8221;Peltsi&#8221; ja Osmo Peltola.\n<\/p>\n<p>        <\/a><\/p>\n<p class=\"article-content article-content-width !bg-background\">Arja j\u00e4rjesti Oslossa Unescon rauhankonsertin, joka juhlisti L\u00e4hi-Id\u00e4n rauhansopimuksen yksivuotisp\u00e4iv\u00e4\u00e4. Sen v\u00e4liajalla Palestiinan vapautusj\u00e4rjest\u00f6n johtaja  allekirjoitti merkitt\u00e4vi\u00e4 rauhansopimukseen liittyvi\u00e4 asiakirjoja, jotka olivat jatkoa aiemmin tehdyille sopimuksille.<\/p>\n<p class=\"article-content article-content-width !bg-background\">Unesco oli luvannut auttaa Arjaa konsertin j\u00e4rjestelyiss\u00e4, mutta rahaa ei kuitenkaan herunut tapahtumaan. Arja sai Oslosta yhden ty\u00f6nhuoneen, jossa h\u00e4n kahden avustajansa kanssa j\u00e4rjesteli tapahtumaa.<\/p>\n<p>                <img decoding=\"async\" src=\"https:\/\/www.europesays.com\/fi\/wp-content\/uploads\/2026\/02\/2082429.webp.jpeg\" width=\"576\" height=\"274\" title=\"Arja Saijonmaalla on ollut merkitt\u00e4v\u00e4 rooli rauhansopimuksessa.\" alt=\"Y\u00f6kyl\u00e4ss\u00e4 Maria Veitola: Arja Saijonmaa\" loading=\"lazy\" \/>            <\/p>\n<p>\n            Arja Saijonmaalla on ollut merkitt\u00e4v\u00e4 rooli rauhansopimuksessa.<br \/>\n            MTV\n        <\/p>\n<p>Rauhansopimus<\/p>\n<p class=\"article-content article-content-width !bg-background\">Idea oli saanut alkunsa, kun Arja oli istunut samalla illallisella Jasser Arafatin ja Israelin silloisen ulkoministeri\u00a0 kanssa.<\/p>\n<p class=\"article-content article-content-width !bg-background\">Arja oli mennyt heid\u00e4n luokseen ja kysynyt, tulisivatko he konserttiin.<\/p>\n<p class=\"article-content article-content-width !bg-background\"> \u2013 Peres sanoi, ett\u00e4 jos laulat t\u00e4n\u00e4\u00e4n, niin tulen. Sanoin, ett\u00e4 okei. V\u00e4h\u00e4n ajan kuluttua nousin pystyyn ja lauloin pienen lurituksen. Peres totesi sen j\u00e4lkeen, ett\u00e4 sovittu, Arja muistelee.<\/p>\n<p>        <a itemprop=\"url\" href=\"https:\/\/www.seiska.fi\/katso\/hjallis-harkimo-avautuu-poikiensa-koulukiusaamisesta\/2072053\" rel=\"nofollow noopener\" target=\"_blank\"><\/p>\n<p>\nHjallis Harkimo\n<\/p>\n<p class=\"section-date\">\n        <strong class=\"article-section\" data-section=\"katso\"><br \/>\n            katso<br \/>\n        <\/strong><br \/>\n        11.2. 10:15\n    <\/p>\n<p>Hjallis Harkimo avautuu poikiensa koulukiusaamisesta\n    <\/p>\n<p itemprop=\"description\" class=\"subtitle \">\n    Maria Veitola vierailee tuoreella Y\u00f6kyl\u00e4ss\u00e4 Maria Veitola -kaudella Hjallis Harkimon ja Jasmine Pajarin luona.\n<\/p>\n<p>        <\/a><\/p>\n<p class=\"article-content article-content-width !bg-background\">Koskettavassa konsertissa oli esiintynyt 200 lasta. Ilta alkoi sill\u00e4, ett\u00e4 israelilaiset ja palestiinalaiset lapset olivat k\u00e4velleet k\u00e4sik\u00e4dess\u00e4 lavaa kohti. Lavalla odotti 100 norjalaista lasta.<\/p>\n<p class=\"article-content article-content-width !bg-background\">Lapset olivat laulaneet kappaleen Salaam, Shalom (We Sing For Peace), suorastaan huutamalla. Lopuksi lapset olivat k\u00e4skeneet Jasser Arafatin ja Shimon Peresin lavalle.<\/p>\n<p class=\"article-content article-content-width !bg-background\"> \u2013 He meniv\u00e4t sinne ja Arafat ny\u00f6kytteli huppu p\u00e4\u00e4ss\u00e4\u00e4n. Lapset raivosivat ja huusivat h\u00e4nelle. Ne papat saivat selitt\u00e4\u00e4 heille jotakin, en tied\u00e4 mit\u00e4. V\u00e4liajasta tuli yli tunnin mittainen, silloin he kirjoittivat rauhansopimuksen, Arja muistelee.<\/p>\n<p class=\"italic m-italic article-content article-content-width !bg-background\">Y\u00f6kyl\u00e4ss\u00e4 Maria Veitola maanantaisin MTV3-kanavalla ja MTV Katsomossa 23.2. alkaen.\u00a0<\/p>\n<p>        <a itemprop=\"url\" href=\"https:\/\/www.seiska.fi\/katso\/niko-saarisen-aidilta-yllattava-ulostulo\/2079400\" rel=\"nofollow noopener\" target=\"_blank\"><\/p>\n<p>\nNiko Saarinen\n<\/p>\n<p class=\"section-date\">\n        <strong class=\"article-section\" data-section=\"katso\"><br \/>\n            katso<br \/>\n        <\/strong><br \/>\n        19.2. 07:15\n    <\/p>\n<p>Niko Saarisen \u00e4idilt\u00e4 yll\u00e4tt\u00e4v\u00e4 ulostulo\n    <\/p>\n<p itemprop=\"description\" class=\"subtitle \">\n    Niko Saarisen \u00e4iti ei sanojaan s\u00e4\u00e4stele.\n<\/p>\n<p>        <\/a><\/p>\n","protected":false},"excerpt":{"rendered":"20240826 HELSINKI. G Livelab, El\u00e4m\u00e4ni biisi pressitilaisuus. Arja Saijonmaa. KUVA: ATTE KAJOVA Atte Kajova\/All Over Press Arja Saijonmaa&hellip;\n","protected":false},"author":2,"featured_media":180392,"comment_status":"","ping_status":"","sticky":false,"template":"","format":"standard","meta":{"footnotes":"","_share_on_mastodon":"0"},"categories":[136],"tags":[2633,407,137,33,31,30,28901,408,28899,1082,11589,905,28900,32,109,14043],"class_list":["post-180391","post","type-post","status-publish","format-standard","has-post-thumbnail","category-julkkikset","tag-arja-saijonmaa","tag-celebrities","tag-entertainment","tag-fi","tag-finland","tag-finnish","tag-jasser-arafat","tag-julkkikset","tag-lahi-idan-rauhansopimus","tag-maria-veitola","tag-mtv-katsomo","tag-mtv3","tag-shimon-peres","tag-suomi","tag-viihde","tag-yokylassa-maria-veitola"],"share_on_mastodon":{"url":"https:\/\/pubeurope.com\/@fi\/116137537243453758","error":""},"_links":{"self":[{"href":"https:\/\/www.europesays.com\/fi\/wp-json\/wp\/v2\/posts\/180391","targetHints":{"allow":["GET"]}}],"collection":[{"href":"https:\/\/www.europesays.com\/fi\/wp-json\/wp\/v2\/posts"}],"about":[{"href":"https:\/\/www.europesays.com\/fi\/wp-json\/wp\/v2\/types\/post"}],"author":[{"embeddable":true,"href":"https:\/\/www.europesays.com\/fi\/wp-json\/wp\/v2\/users\/2"}],"replies":[{"embeddable":true,"href":"https:\/\/www.europesays.com\/fi\/wp-json\/wp\/v2\/comments?post=180391"}],"version-history":[{"count":0,"href":"https:\/\/www.europesays.com\/fi\/wp-json\/wp\/v2\/posts\/180391\/revisions"}],"wp:featuredmedia":[{"embeddable":true,"href":"https:\/\/www.europesays.com\/fi\/wp-json\/wp\/v2\/media\/180392"}],"wp:attachment":[{"href":"https:\/\/www.europesays.com\/fi\/wp-json\/wp\/v2\/media?parent=180391"}],"wp:term":[{"taxonomy":"category","embeddable":true,"href":"https:\/\/www.europesays.com\/fi\/wp-json\/wp\/v2\/categories?post=180391"},{"taxonomy":"post_tag","embeddable":true,"href":"https:\/\/www.europesays.com\/fi\/wp-json\/wp\/v2\/tags?post=180391"}],"curies":[{"name":"wp","href":"https:\/\/api.w.org\/{rel}","templated":true}]}}