{"id":180599,"date":"2026-02-26T20:02:10","date_gmt":"2026-02-26T20:02:10","guid":{"rendered":"https:\/\/www.europesays.com\/fi\/180599\/"},"modified":"2026-02-26T20:02:10","modified_gmt":"2026-02-26T20:02:10","slug":"hillary-clinton-antoi-epstein-lausuntonsa-vaatii-trumpia-todistusaitioon-uutisia-lyhyesti","status":"publish","type":"post","link":"https:\/\/www.europesays.com\/fi\/180599\/","title":{"rendered":"Hillary Clinton antoi Epstein-lausuntonsa \u2013 vaatii Trumpia todistusaitioon | Uutisia lyhyesti"},"content":{"rendered":"<p class=\"aw-1gybjub aw-5vja16 kEtdKx kmuxyA yle__article__paragraph\">Hillary Clintonin aviomiehen, Yhdysvaltain entisen presidentin Bill Clintonin on m\u00e4\u00e4r\u00e4 antaa todistuksensa perjantaina.<\/p>\n<p><img decoding=\"async\" alt=\"Toimittajioa ja kuvaajia Chappaqua Performing Arts Centerin ulkopuolella.\" src=\"https:\/\/www.europesays.com\/fi\/wp-content\/uploads\/2026\/02\/39-160392569a07ee613c89.jpeg\" class=\"aw-1l9m598 hKVVvP\"\/><\/p>\n<p>Avaa kuvien katselu<\/p>\n<p>Hillary Clintonin todistus sai paljon mediahuomiota. Kuvaajia Chappaqua Performing Arts Centerin ulkopuolella. Kuva: Olga Fedorova \/ EPA<\/p>\n<p class=\"aw-1gybjub aw-1p7kakr kEtdKx cEmitX yle__article__paragraph\">Yhdysvaltain entinen ulkoministeri <strong class=\"aw-ak79eh KyCXm yle__article__strong\">Hillary Clinton<\/strong> kertoi kongressin valiokunnalle torstaina, ettei h\u00e4n muista koskaan tavanneensa edesmennytt\u00e4 seksuaalirikollista <strong class=\"aw-ak79eh KyCXm yle__article__strong\">Jeffrey Epsteini\u00e4<\/strong>. Clinton sanoi my\u00f6s, ett\u00e4 h\u00e4nell\u00e4 ole jaettavaa tietoa t\u00e4m\u00e4n rikollisesta toiminnasta.<\/p>\n<p class=\"aw-1gybjub aw-1p7kakr kEtdKx cEmitX yle__article__paragraph\">\u2013 En muista koskaan kohdanneeni herra Epsteini\u00e4. En koskaan lent\u00e4nyt h\u00e4nen koneellaan enk\u00e4 vieraillut h\u00e4nen saarellaan, kodeissaan tai toimistoissaan. Minulla ei ole siihen mit\u00e4\u00e4n lis\u00e4tt\u00e4v\u00e4\u00e4, Clinton sanoi lausunnossaan edustajainhuoneen valvontavaliokunnalle.<\/p>\n<p class=\"aw-1gybjub aw-1p7kakr kEtdKx cEmitX yle__article__paragraph\">Clinton my\u00f6s syytti republikaanien johtamaa valiokuntaa yrityksest\u00e4 siirt\u00e4\u00e4 huomio pois Yhydsvaltain presidentin <strong class=\"aw-ak79eh KyCXm yle__article__strong\">Donald Trumpin<\/strong> siteist\u00e4 Epsteiniin.<\/p>\n<p class=\"aw-1gybjub aw-1p7kakr kEtdKx cEmitX yle__article__paragraph\">Clinton ja valiokunnan johtava demokraattiedustaja <strong class=\"aw-ak79eh KyCXm yle__article__strong\">Robert Garcia<\/strong> vaativat, ett\u00e4 Trumpin pit\u00e4isi yht\u00e4 lailla antaa valaehtoinen todistus valiokunnan edess\u00e4.<\/p>\n<p class=\"aw-1gybjub aw-1p7kakr kEtdKx cEmitX yle__article__paragraph\">Garcian mukaan my\u00f6s kauppaministeri <strong class=\"aw-ak79eh KyCXm yle__article__strong\">Howard Lutnickin<\/strong> pit\u00e4isi todistaa. Lutnick on my\u00f6nt\u00e4nyt vierailleensa Epsteinin yksityisell\u00e4 saarella.<\/p>\n<p class=\"aw-1gybjub aw-1p7kakr kEtdKx cEmitX yle__article__paragraph\">Hillary Clintonin aviomiehen, Yhdysvaltain entisen presidentin <strong class=\"aw-ak79eh KyCXm yle__article__strong\">Bill Clintonin<\/strong> on m\u00e4\u00e4r\u00e4 antaa todistuksensa perjantaina.<\/p>\n","protected":false},"excerpt":{"rendered":"Hillary Clintonin aviomiehen, Yhdysvaltain entisen presidentin Bill Clintonin on m\u00e4\u00e4r\u00e4 antaa todistuksensa perjantaina. Avaa kuvien katselu Hillary Clintonin&hellip;\n","protected":false},"author":2,"featured_media":180600,"comment_status":"","ping_status":"","sticky":false,"template":"","format":"standard","meta":{"footnotes":"","_share_on_mastodon":"0"},"categories":[5],"tags":[22,23,26,27,33,31,30,17,24837,11121,24,25,28,29,15,18,21,32,19,20,56,16,619],"class_list":["post-180599","post","type-post","status-publish","format-standard","has-post-thumbnail","category-otsikot","tag-breaking-news","tag-breakingnews","tag-featured-news","tag-featurednews","tag-fi","tag-finland","tag-finnish","tag-headlines","tag-hillary-clinton","tag-jeffrey-epstein","tag-latest-news","tag-latestnews","tag-main-news","tag-mainnews","tag-news","tag-otsikot","tag-paauutiset","tag-suomi","tag-top-stories","tag-topstories","tag-ulkomaat","tag-uutiset","tag-yhdysvallat"],"share_on_mastodon":{"url":"https:\/\/pubeurope.com\/@fi\/116138720974398753","error":""},"_links":{"self":[{"href":"https:\/\/www.europesays.com\/fi\/wp-json\/wp\/v2\/posts\/180599","targetHints":{"allow":["GET"]}}],"collection":[{"href":"https:\/\/www.europesays.com\/fi\/wp-json\/wp\/v2\/posts"}],"about":[{"href":"https:\/\/www.europesays.com\/fi\/wp-json\/wp\/v2\/types\/post"}],"author":[{"embeddable":true,"href":"https:\/\/www.europesays.com\/fi\/wp-json\/wp\/v2\/users\/2"}],"replies":[{"embeddable":true,"href":"https:\/\/www.europesays.com\/fi\/wp-json\/wp\/v2\/comments?post=180599"}],"version-history":[{"count":0,"href":"https:\/\/www.europesays.com\/fi\/wp-json\/wp\/v2\/posts\/180599\/revisions"}],"wp:featuredmedia":[{"embeddable":true,"href":"https:\/\/www.europesays.com\/fi\/wp-json\/wp\/v2\/media\/180600"}],"wp:attachment":[{"href":"https:\/\/www.europesays.com\/fi\/wp-json\/wp\/v2\/media?parent=180599"}],"wp:term":[{"taxonomy":"category","embeddable":true,"href":"https:\/\/www.europesays.com\/fi\/wp-json\/wp\/v2\/categories?post=180599"},{"taxonomy":"post_tag","embeddable":true,"href":"https:\/\/www.europesays.com\/fi\/wp-json\/wp\/v2\/tags?post=180599"}],"curies":[{"name":"wp","href":"https:\/\/api.w.org\/{rel}","templated":true}]}}