{"id":180776,"date":"2026-02-27T01:00:12","date_gmt":"2026-02-27T01:00:12","guid":{"rendered":"https:\/\/www.europesays.com\/fi\/180776\/"},"modified":"2026-02-27T01:00:12","modified_gmt":"2026-02-27T01:00:12","slug":"jenni-alexandrova-muuttaa-puolison-kanssa-yhteen-uusi-koti-loytyi-lopulta","status":"publish","type":"post","link":"https:\/\/www.europesays.com\/fi\/180776\/","title":{"rendered":"Jenni Alexandrova muuttaa puolison kanssa yhteen \u2013 uusi koti l\u00f6ytyi lopulta"},"content":{"rendered":"<p class=\"ingress\">Pariskunta ehti jo melkein luovuttaa yhteisen kodin etsinn\u00e4ss\u00e4, kunnes oikea koti l\u00f6ytyi. <\/p>\n<p>Radiojuontaja <strong>Jenni Alexandrova<\/strong> muuttaa pian saman katon alle puolisonsa kanssa.<\/p>\n<p>Radiojuontaja Jenni Alexandrova aloitti n\u00e4yttelij\u00e4n\u00e4kin tunnetun <strong>Hanna Kinnusen<\/strong> kanssa yhteisen aamuohjelman Aito Iskelm\u00e4 -kanavalla tammikuussa. Kaksikko ei ole ensimm\u00e4ist\u00e4 kertaa studiossa yhdess\u00e4, sill\u00e4 aiemmin he juonsivat yhdess\u00e4 Perjantain pitk\u00e4 lounas -ohjelmaa.\u00a0<\/p>\n<p><strong>Lue my\u00f6s: <\/strong><a href=\"https:\/\/anna.fi\/ihmiset\/jenni-alexandrova-ja-toni-lahde\" rel=\"nofollow noopener\" target=\"_blank\">Jenni Alexandrova ja Toni L\u00e4hde keksiv\u00e4t perheen ulkomaanmatkoille toimivan konseptin\u2212 \u201dKaikilla on jotain tekemist\u00e4<\/a>\u201d<\/p>\n<p>\u201dMeid\u00e4n juttumme soljuu jo! Yleens\u00e4, kun ihmiset ovat p\u00e4\u00e4sseet tekem\u00e4\u00e4n yhdess\u00e4 radio-ohjelmaa, saattaa menn\u00e4 vuosikin ennen kuin yhteinen rytmi l\u00f6ytyy. Meill\u00e4 se l\u00f6ytyi saman tien\u201d, Jenni kertoi Helsinki Grand Hansa -hotellin Presidenttisviitin VIP-avajaisissa.\u00a0<\/p>\n<p>Aamuher\u00e4tykset eiv\u00e4t tuota Jennille ongelmia, sill\u00e4 h\u00e4nell\u00e4 on yksi n\u00e4pp\u00e4r\u00e4 supervoima.<\/p>\n<p>\u201dKun menen nukkumaan aikaisin, saan heti unen. Menen jo ennen yhdeks\u00e4\u00e4 s\u00e4nkyyn.\u201d<\/p>\n<p>Kahden vuoden etsiminen tuotti tulosta<\/p>\n<p>Jenni on ottamassa uuden askeleen my\u00f6s puolisonsa, yritt\u00e4j\u00e4 <strong>Toni L\u00e4hteen<\/strong> kanssa. Pari l\u00f6ysi ja osti\u00a0kahden vuoden etsimisen j\u00e4lkeen ensimm\u00e4isen yhteisen kodin, jota nyt viel\u00e4 remontoidaan. Parin mukana muuttaa my\u00f6s molempien j\u00e4lkikasvu eli Jennin poika ja Tonin kaksi poikaa.\u00a0<\/p>\n<p>\u201dAloitimme massiivisen remppaprojektin, joka on nyt k\u00e4ynniss\u00e4. Sen pit\u00e4isi tulla kev\u00e4\u00e4n aikana p\u00e4\u00e4t\u00f6kseen. Viimein p\u00e4\u00e4semme kaikki saman katon alle. Nelj\u00e4 poikaa ja yksi nainen\u201d, Jenni naurahti.\u00a0<\/p>\n<p>Pariskunta ehti jo ajatella luovuttamista yhteisen kodin etsinn\u00e4ss\u00e4, kun sit\u00e4 oikeaa ei meinannut l\u00f6yty\u00e4. Erityist\u00e4 uudessa kodissa on rakennus jo itsess\u00e4\u00e4n.\u00a0<\/p>\n<p>\u201dSe on tosi spesiaali rakennus! Se on karulla tavalla kaunis. Korkeat huoneet ja paljon betonia\u201d, Jenni kuvaili.<\/p>\n<p><strong>Lue my\u00f6s Kotiliesi.fi: <\/strong><a href=\"https:\/\/kotiliesi.fi\/koti\/sisustus\/jenni-alexandrova-koti\/\" target=\"_blank\" rel=\"noreferrer noopener nofollow\">Jenni Alexandrova ja puoliso asuvat erill\u00e4\u00e4n \u2013 hankkivat yhteisen kes\u00e4paikan lyhyen seurustelun j\u00e4lkeen<\/a><\/p>\n<p>Sisustamisestakaan parin ei tarvitse v\u00e4\u00e4nt\u00e4\u00e4 k\u00e4tt\u00e4, sill\u00e4 molemmilla on samanlainen maku.\u00a0<\/p>\n<p>\u201dSe on ihan \u00e4lyt\u00f6nt\u00e4! Tied\u00e4mme tasan tarkkaan, mit\u00e4 molemmat haluavat. Toni on kyll\u00e4 rohkeampi v\u00e4rien k\u00e4ytt\u00e4j\u00e4 sisustuksessa. H\u00e4n rakastaa muun muassa vaaleanpunaista. Meill\u00e4 on ollut keskustelua siit\u00e4, ett\u00e4 ostetaanko vaaleanpunainen sohva. Tarvitsen aikaa asian sis\u00e4ist\u00e4miseen\u201d, Jenni naurahti.\u00a0<\/p>\n<p>    Sinua voi kiinnostaa my\u00f6s:<\/p>\n<ol class=\"read-also__list\">\n<li>\n<p>            <img loading=\"lazy\" decoding=\"async\" class=\"card__image awpo-lqip awpo-lazy\" width=\"1322\" height=\"882\" src=\"https:\/\/www.europesays.com\/fi\/wp-content\/uploads\/2026\/02\/1772154008_384_anna_ellenjokikunnas_jari_rask33265_edit_preview.jpg\"\/>                <a href=\"https:\/\/anna.fi\/kategoria\/ihmiset\" class=\"card__vignette\" rel=\"nofollow noopener\" target=\"_blank\"><br \/>\n            Ihmiset          <\/a><\/p>\n<p>      <a href=\"https:\/\/anna.fi\/ihmiset\/ellen-jokikunnas-ja-jari-rask-2\" class=\"card__link-overlay\" rel=\"nofollow noopener\" target=\"_blank\">Ellen Jokikunnaksen ja Jari Raskin raskas adoptioprosessi kesti vuosia ja koetteli parisuhdetta \u2013 ensimm\u00e4inen puhelu Ralphin kanssa oli \u201drakkausr\u00e4j\u00e4hdys\u201d<\/a><\/p>\n<\/li>\n<li>\n<p>            <img loading=\"lazy\" decoding=\"async\" class=\"card__image awpo-lqip awpo-lazy\" width=\"2000\" height=\"1500\" src=\"https:\/\/www.europesays.com\/fi\/wp-content\/uploads\/2026\/02\/dscf7222.jpg\"\/>                <a href=\"https:\/\/anna.fi\/kategoria\/ihmiset\" class=\"card__vignette\" rel=\"nofollow noopener\" target=\"_blank\"><br \/>\n            Ihmiset          <\/a><\/p>\n<p>      <a href=\"https:\/\/anna.fi\/ihmiset\/kim-sainio-tarvitsee-arjessa-jatkuvasti-apua\" class=\"card__link-overlay\" rel=\"nofollow noopener\" target=\"_blank\">MS-tautia sairastava Kim Sainio tarvitsee arjessa jatkuvasti apua \u2013 Mari-vaimon kipakat sanat her\u00e4ttiv\u00e4t<\/a><\/p>\n<\/li>\n<li>\n<p>            <img loading=\"lazy\" decoding=\"async\" class=\"card__image awpo-lqip awpo-lazy\" width=\"2000\" height=\"1500\" src=\"https:\/\/www.europesays.com\/fi\/wp-content\/uploads\/2026\/02\/web_dscf2841-1.jpg\"\/>                <a href=\"https:\/\/anna.fi\/kategoria\/ihmiset\" class=\"card__vignette\" rel=\"nofollow noopener\" target=\"_blank\"><br \/>\n            Ihmiset          <\/a><\/p>\n<p>      <a href=\"https:\/\/anna.fi\/ihmiset\/juuso-makilahde\" class=\"card__link-overlay\" rel=\"nofollow noopener\" target=\"_blank\">Radiojuontaja Juuso M\u00e4kil\u00e4hde rakastui puolisoonsa nuorena opiskelijana \u2212 yksi \u00f6inen unohdus kertoo kaiken parisuhteen luonteesta<\/a><\/p>\n<\/li>\n<\/ol>\n","protected":false},"excerpt":{"rendered":"Pariskunta ehti jo melkein luovuttaa yhteisen kodin etsinn\u00e4ss\u00e4, kunnes oikea koti l\u00f6ytyi. Radiojuontaja Jenni Alexandrova muuttaa pian saman&hellip;\n","protected":false},"author":2,"featured_media":180777,"comment_status":"","ping_status":"","sticky":false,"template":"","format":"standard","meta":{"footnotes":"","_share_on_mastodon":"0"},"categories":[136],"tags":[407,137,33,31,30,7385,408,1233,4773,32,109],"class_list":["post-180776","post","type-post","status-publish","format-standard","has-post-thumbnail","category-julkkikset","tag-celebrities","tag-entertainment","tag-fi","tag-finland","tag-finnish","tag-jenni-alexandrova","tag-julkkikset","tag-koti","tag-radiojuontajat","tag-suomi","tag-viihde"],"share_on_mastodon":{"url":"https:\/\/pubeurope.com\/@fi\/116139892653323827","error":""},"_links":{"self":[{"href":"https:\/\/www.europesays.com\/fi\/wp-json\/wp\/v2\/posts\/180776","targetHints":{"allow":["GET"]}}],"collection":[{"href":"https:\/\/www.europesays.com\/fi\/wp-json\/wp\/v2\/posts"}],"about":[{"href":"https:\/\/www.europesays.com\/fi\/wp-json\/wp\/v2\/types\/post"}],"author":[{"embeddable":true,"href":"https:\/\/www.europesays.com\/fi\/wp-json\/wp\/v2\/users\/2"}],"replies":[{"embeddable":true,"href":"https:\/\/www.europesays.com\/fi\/wp-json\/wp\/v2\/comments?post=180776"}],"version-history":[{"count":0,"href":"https:\/\/www.europesays.com\/fi\/wp-json\/wp\/v2\/posts\/180776\/revisions"}],"wp:featuredmedia":[{"embeddable":true,"href":"https:\/\/www.europesays.com\/fi\/wp-json\/wp\/v2\/media\/180777"}],"wp:attachment":[{"href":"https:\/\/www.europesays.com\/fi\/wp-json\/wp\/v2\/media?parent=180776"}],"wp:term":[{"taxonomy":"category","embeddable":true,"href":"https:\/\/www.europesays.com\/fi\/wp-json\/wp\/v2\/categories?post=180776"},{"taxonomy":"post_tag","embeddable":true,"href":"https:\/\/www.europesays.com\/fi\/wp-json\/wp\/v2\/tags?post=180776"}],"curies":[{"name":"wp","href":"https:\/\/api.w.org\/{rel}","templated":true}]}}