{"id":180800,"date":"2026-02-27T01:37:16","date_gmt":"2026-02-27T01:37:16","guid":{"rendered":"https:\/\/www.europesays.com\/fi\/180800\/"},"modified":"2026-02-27T01:37:16","modified_gmt":"2026-02-27T01:37:16","slug":"ponsse-suunnittelee-kymmenen-miljoonan-euron-investointia-viereman-tehtaaseen-savo","status":"publish","type":"post","link":"https:\/\/www.europesays.com\/fi\/180800\/","title":{"rendered":"Ponsse suunnittelee kymmenen miljoonan euron investointia Vierem\u00e4n tehtaaseen | Savo"},"content":{"rendered":"<p>Mets\u00e4koneyhti\u00f6 Ponsse aikoo parantaa Vierem\u00e4n tehtaan tuottavuutta noin kymmenen miljoonan euron investoinnilla.<\/p>\n<p>Yhti\u00f6 suunnittelee laajentavansa hitsaustoimintojen k\u00e4yt\u00f6ss\u00e4 olevia tiloja sek\u00e4 panostavansa tuotantoteknologiaan, koneistukseen ja automaatioon. Ponssen tiedotteen mukaan hitsaustoimintojen laajennusosan pinta-ala on noin 1300 neli\u00f6metri\u00e4.<\/p>\n<p>\u2013\u2009Kyse on meille merkitt\u00e4v\u00e4st\u00e4 investoinnista. Laajennus ja siihen liittyv\u00e4t tuotantolaitteet parantavat tuotantomme joustavuutta ja sujuvuutta sek\u00e4 vahvistavat strategiaamme ja kyky\u00e4mme valmistaa mets\u00e4koneiden p\u00e4\u00e4komponentit omalla tehtaalla, sanoo johtaja <strong>Tommi V\u00e4\u00e4n\u00e4nen <\/strong>Ponsselta.<\/p>\n<p>\u2013\u2009Panostamalla koneistukseen ja hitsauksen automaatioon parannamme samalla yhti\u00f6n riskinsietokyky\u00e4.<\/p>\n<p>V\u00e4\u00e4n\u00e4nen kertoo, ett\u00e4 tehtaan uudistus ei vaikuta alihankkijaverkostoon ainakaan merkitt\u00e4v\u00e4sti.<\/p>\n<p>\u2013\u2009Strategianamme on jo pitk\u00e4\u00e4n ollut, ett\u00e4 p\u00e4\u00e4komponentit valmistetaan omalla tehtaalla.<\/p>\n<p><strong class=\"diks-storyline__impact\">Henkil\u00f6st\u00f6n tarvetta<\/strong> automaation lis\u00e4\u00e4minen ei V\u00e4\u00e4n\u00e4sen mukaan v\u00e4henn\u00e4.<\/p>\n<p>\u2013\u2009Ty\u00f6n luonne sen sijaan muuttuu, eli automaatio hoitaa teht\u00e4vi\u00e4, jotka eiv\u00e4t ole ihmiselle niin mielekk\u00e4it\u00e4. Investoinnilla haetaan tuottavuutta, l\u00e4pimenoaikojen lyhenemist\u00e4 ja laadun tasaisuutta.<\/p>\n<p>V\u00e4\u00e4n\u00e4nen korostaa my\u00f6s riskien hallinnan merkityst\u00e4.<\/p>\n<p>\u2013\u2009On helpompaa hallita tekemist\u00e4, kun se on omissa k\u00e4siss\u00e4.<\/p>\n<p>Laajennuksen suunnittelu on parhaillaan k\u00e4ynniss\u00e4. Sen aikataulu tarkentuu kev\u00e4\u00e4n edetess\u00e4.<\/p>\n<p>\t\t<a class=\"diks-gallery__link\" href=\"https:\/\/i.media.fi\/incoming\/9oe9fu\/4102525.jpg\/alternates\/FREE_1440\/4102525.jpg\" data-thumbnail=\"\" data-sub-html=\"Johtaja Tommi V\u00e4\u00e4n\u00e4nen esitteli Vierem\u00e4n tehtaalla vuonna 2018 silloisen laajennuksen valmistumista. Tuolloin Ponsse rakennutti 1,3 hehtaarin kokoisen hallitilan lis\u00e4yksen, joka mahdollisti tuotanto- ja varastotilojen kasvattamisen. Petri Karvinen\" aria-label=\"Katso isompi kuva\" rel=\"nofollow noopener\" target=\"_blank\"><br \/>\n\t\t\t\t<img class=\"diks-figure__image\" src=\"https:\/\/www.europesays.com\/fi\/wp-content\/uploads\/2026\/02\/4102525.jpg\" loading=\"lazy\" decoding=\"sync\" alt=\"\"\/><\/p>\n<p>\t\t\t<\/a><br \/>\n\t\t\t\t\tJohtaja Tommi V\u00e4\u00e4n\u00e4nen esitteli Vierem\u00e4n tehtaalla vuonna 2018 silloisen laajennuksen valmistumista. Tuolloin Ponsse rakennutti 1,3 hehtaarin kokoisen hallitilan lis\u00e4yksen, joka mahdollisti tuotanto- ja varastotilojen kasvattamisen. Petri Karvinen<\/p>\n<p>\t\t<a class=\"diks-gallery__link\" href=\"https:\/\/i.media.fi\/incoming\/ech3y8\/8965968.jpg\/alternates\/FREE_1440\/8965968.jpg\" data-thumbnail=\"\" data-sub-html=\"Ponssen tehdasalue on yksi Vierem\u00e4n maamerkeist\u00e4. Jani Haanketo\" aria-label=\"Katso isompi kuva\" rel=\"nofollow noopener\" target=\"_blank\"><br \/>\n\t\t\t\t<img class=\"diks-figure__image\" src=\"https:\/\/www.europesays.com\/fi\/wp-content\/uploads\/2026\/02\/8965968.jpg\" loading=\"lazy\" decoding=\"sync\" alt=\"\"\/><\/p>\n<p>\t\t\t<\/a><br \/>\n\t\t\t\t\tPonssen tehdasalue on yksi Vierem\u00e4n maamerkeist\u00e4. Jani Haanketo<\/p>\n<p class=\"diks-storyline__additional-information\">Teksti\u00e4 muokattu kello 10, lis\u00e4tty V\u00e4\u00e4n\u00e4sen kommentit alihankkijoista ja henkil\u00f6st\u00f6st\u00e4.<\/p>\n","protected":false},"excerpt":{"rendered":"Mets\u00e4koneyhti\u00f6 Ponsse aikoo parantaa Vierem\u00e4n tehtaan tuottavuutta noin kymmenen miljoonan euron investoinnilla. Yhti\u00f6 suunnittelee laajentavansa hitsaustoimintojen k\u00e4yt\u00f6ss\u00e4 olevia&hellip;\n","protected":false},"author":2,"featured_media":180801,"comment_status":"","ping_status":"","sticky":false,"template":"","format":"standard","meta":{"footnotes":"","_share_on_mastodon":"0"},"categories":[76],"tags":[79,77,33,31,30,3004,9084,938,32,78,487,822,860,15231],"class_list":["post-180800","post","type-post","status-publish","format-standard","has-post-thumbnail","category-talous","tag-business","tag-economy","tag-fi","tag-finland","tag-finnish","tag-liiketoiminta","tag-metsateollisuus-metsatalous-ja-siihen-liittyvat-palvelut","tag-rakennusmateriaalit","tag-suomi","tag-talous","tag-teknologia-yleista","tag-teollisuustuotteet-ja-palvelut-sektori","tag-tyoelama","tag-vierema"],"share_on_mastodon":{"url":"https:\/\/pubeurope.com\/@fi\/116140038115007325","error":""},"_links":{"self":[{"href":"https:\/\/www.europesays.com\/fi\/wp-json\/wp\/v2\/posts\/180800","targetHints":{"allow":["GET"]}}],"collection":[{"href":"https:\/\/www.europesays.com\/fi\/wp-json\/wp\/v2\/posts"}],"about":[{"href":"https:\/\/www.europesays.com\/fi\/wp-json\/wp\/v2\/types\/post"}],"author":[{"embeddable":true,"href":"https:\/\/www.europesays.com\/fi\/wp-json\/wp\/v2\/users\/2"}],"replies":[{"embeddable":true,"href":"https:\/\/www.europesays.com\/fi\/wp-json\/wp\/v2\/comments?post=180800"}],"version-history":[{"count":0,"href":"https:\/\/www.europesays.com\/fi\/wp-json\/wp\/v2\/posts\/180800\/revisions"}],"wp:featuredmedia":[{"embeddable":true,"href":"https:\/\/www.europesays.com\/fi\/wp-json\/wp\/v2\/media\/180801"}],"wp:attachment":[{"href":"https:\/\/www.europesays.com\/fi\/wp-json\/wp\/v2\/media?parent=180800"}],"wp:term":[{"taxonomy":"category","embeddable":true,"href":"https:\/\/www.europesays.com\/fi\/wp-json\/wp\/v2\/categories?post=180800"},{"taxonomy":"post_tag","embeddable":true,"href":"https:\/\/www.europesays.com\/fi\/wp-json\/wp\/v2\/tags?post=180800"}],"curies":[{"name":"wp","href":"https:\/\/api.w.org\/{rel}","templated":true}]}}