{"id":18083,"date":"2025-08-27T19:32:08","date_gmt":"2025-08-27T19:32:08","guid":{"rendered":"https:\/\/www.europesays.com\/fi\/18083\/"},"modified":"2025-08-27T19:32:08","modified_gmt":"2025-08-27T19:32:08","slug":"tama-sota-paattyy-oikeussaliin-russell-crowen-ja-rami-malekin-tahdittamasta-nuremberg-elokuvasta-julkaistiin-toinen-traileri","status":"publish","type":"post","link":"https:\/\/www.europesays.com\/fi\/18083\/","title":{"rendered":"\u201dT\u00e4m\u00e4 sota p\u00e4\u00e4ttyy oikeussaliin\u201d \u2013 Russell Crowen ja Rami Malekin t\u00e4hditt\u00e4m\u00e4st\u00e4 Nuremberg-elokuvasta julkaistiin toinen traileri"},"content":{"rendered":"<p><strong>James Vanderbiltin<\/strong> ohjaamasta Nuremberg-elokuvasta tipahti toinenkin traileri.<\/p>\n<p><strong>Jack El-Hain<\/strong> The Nazi and the Psychiatrist (2013) -kirjaan perustuvassa elokuvassa amerikkalaispsykiatri Douglas Kelley (Malek) arvioi natsivankien mielentilaa N\u00fcrnbergin sotarikosoikeudenk\u00e4ynnin alla.<\/p>\n<p>Lue my\u00f6s: <a href=\"https:\/\/www.episodi.fi\/uutiset\/rami-malek-on-psykiatri-ja-russell-crow-hirvea-natsijohtaja-ensimmainen-traileri-nuremberg-elokuvasta-julkaistu\/\" title=\"Rami Malek on psykiatri ja Russell Crowe hirve\u00e4 natsijohtaja \u2013 Ensimm\u00e4inen traileri Nuremberg-elokuvasta julkaistu\" class=\"underline-custom !font-montserrat !font-bold !underline-offset-4 !decoration-4 !decoration-episodi-blue !text-md\" rel=\"nofollow noopener\" target=\"_blank\">Rami Malek on psykiatri ja Russell Crowe hirve\u00e4 natsijohtaja \u2013 Ensimm\u00e4inen traileri Nuremberg-elokuvasta julkaistu<\/a><\/p>\n<p>Lue my\u00f6s: <a href=\"https:\/\/www.episodi.fi\/uutiset\/russell-crowe-on-herman-goring-natsioikeudenkaynneista-kertovassa-elokuvassa-ensi-ilta-loppuvuodesta\/\" title=\"Russell Crowe on Herman G\u00f6ring natsioikeudenk\u00e4ynneist\u00e4 kertovassa elokuvassa \u2013\u00a0Ensi-ilta loppuvuodesta\" class=\"underline-custom !font-montserrat !font-bold !underline-offset-4 !decoration-4 !decoration-episodi-blue !text-md\" rel=\"nofollow noopener\" target=\"_blank\">Russell Crowe on Herman G\u00f6ring natsioikeudenk\u00e4ynneist\u00e4 kertovassa elokuvassa \u2013\u00a0Ensi-ilta loppuvuodesta<\/a><\/p>\n<p>H\u00e4n ajautuu mentaaliseen shakkiotteluun ex-natsijohtaja Herman G\u00f6ringin (Crowe) kanssa.<\/p>\n<p>Vanderbilt on k\u00e4sikirjoittanut elokuvia, kuten Zodiac, Scream ja The Amazing Spider-Man 2. Ohjaajana h\u00e4n on kokemattomampi.<\/p>\n<p>Nuremberg julkaistaan USA:ssa 7.11.2025.\u00a0<\/p>\n<p><img loading=\"lazy\" decoding=\"async\" alt=\"YouTube video\" width=\"480\" height=\"360\" data-pin-nopin=\"true\" nopin=\"nopin\" class=\"perfmatters-lazy\" src=\"https:\/\/www.europesays.com\/fi\/wp-content\/uploads\/2025\/08\/1756323128_316_hqdefault.jpg\"\/><\/p>\n<p>Lue my\u00f6s: <a href=\"https:\/\/www.episodi.fi\/uutiskirje\/?uutiskirjemainos=tekstilinkkimainos\" title=\"Tilaa Episodin uutiskirje ja voit voittaa leffalippuja! Nappaa tv-vinkit suoraan s\u00e4hk\u00f6postiin t\u00e4st\u00e4.\" class=\"underline-custom !font-montserrat !font-bold !underline-offset-4 !decoration-4 !decoration-episodi-blue !text-md\" rel=\"nofollow noopener\" target=\"_blank\">Tilaa Episodin uutiskirje ja voit voittaa leffalippuja! Nappaa katseluvinkit suoraan s\u00e4hk\u00f6postiin t\u00e4st\u00e4.<\/a><\/p>\n<p>\t\t\t<a href=\"https:\/\/www.facebook.com\/sharer\/sharer.php?u=https:\/\/www.episodi.fi\/uutiset\/tama-sota-paattyy-oikeussaliin-russell-crowen-ja-rami-malekin-tahdittamasta-nuremberg-elokuvasta-julkaistiin-toinen-traileri\/\" target=\"_blank\" class=\"block px-4 py-2 text-sm text-gray-800 border-b hover:bg-gray-200\" rel=\"nofollow noopener\"><\/p>\n<p>\t\t\t\tFacebook<br \/>\n\t\t\t<\/a><br \/>\n\t\t\t<a href=\"https:\/\/twitter.com\/intent\/tweet?text=https:\/\/www.episodi.fi\/uutiset\/tama-sota-paattyy-oikeussaliin-russell-crowen-ja-rami-malekin-tahdittamasta-nuremberg-elokuvasta-julkaistiin-toinen-traileri\/\" target=\"_blank\" class=\"block px-4 py-2 text-sm text-gray-800 border-b hover:bg-gray-200\" rel=\"nofollow noopener\"><\/p>\n<p>\t\t\t\tTwitter<br \/>\n\t\t\t<\/a><br \/>\n\t\t\t<a href=\"mailto:?subject=\u201dT\u00e4m\u00e4 sota p\u00e4\u00e4ttyy oikeussaliin\u201d \u2013 Russell Crowen ja Rami Malekin t\u00e4hditt\u00e4m\u00e4st\u00e4 Nuremberg-elokuvasta julkaistiin toinen traileri&amp;body=https:\/\/www.episodi.fi\/uutiset\/tama-sota-paattyy-oikeussaliin-russell-crowen-ja-rami-malekin-tahdittamasta-nuremberg-elokuvasta-julkaistiin-toinen-traileri\/\" target=\"_blank\" class=\"block px-4 py-2 text-sm text-gray-800 border-b hover:bg-gray-200\"><\/p>\n<p>\t\t\t\tS\u00e4hk\u00f6posti<\/a><\/p>\n<p>\t\t\t\t<script async src=\"https:\/\/platform.twitter.com\/widgets.js\" charset=\"utf-8\"><\/script><\/p>\n","protected":false},"excerpt":{"rendered":"James Vanderbiltin ohjaamasta Nuremberg-elokuvasta tipahti toinenkin traileri. Jack El-Hain The Nazi and the Psychiatrist (2013) -kirjaan perustuvassa elokuvassa&hellip;\n","protected":false},"author":2,"featured_media":18084,"comment_status":"","ping_status":"","sticky":false,"template":"","format":"standard","meta":{"footnotes":""},"categories":[131],"tags":[155,137,33,173,31,30,172,6667,32,109],"class_list":{"0":"post-18083","1":"post","2":"type-post","3":"status-publish","4":"format-standard","5":"has-post-thumbnail","7":"category-elokuvat","8":"tag-elokuvat","9":"tag-entertainment","10":"tag-fi","11":"tag-film","12":"tag-finland","13":"tag-finnish","14":"tag-movies","15":"tag-nuremberg","16":"tag-suomi","17":"tag-viihde"},"share_on_mastodon":{"url":"","error":""},"_links":{"self":[{"href":"https:\/\/www.europesays.com\/fi\/wp-json\/wp\/v2\/posts\/18083","targetHints":{"allow":["GET"]}}],"collection":[{"href":"https:\/\/www.europesays.com\/fi\/wp-json\/wp\/v2\/posts"}],"about":[{"href":"https:\/\/www.europesays.com\/fi\/wp-json\/wp\/v2\/types\/post"}],"author":[{"embeddable":true,"href":"https:\/\/www.europesays.com\/fi\/wp-json\/wp\/v2\/users\/2"}],"replies":[{"embeddable":true,"href":"https:\/\/www.europesays.com\/fi\/wp-json\/wp\/v2\/comments?post=18083"}],"version-history":[{"count":0,"href":"https:\/\/www.europesays.com\/fi\/wp-json\/wp\/v2\/posts\/18083\/revisions"}],"wp:featuredmedia":[{"embeddable":true,"href":"https:\/\/www.europesays.com\/fi\/wp-json\/wp\/v2\/media\/18084"}],"wp:attachment":[{"href":"https:\/\/www.europesays.com\/fi\/wp-json\/wp\/v2\/media?parent=18083"}],"wp:term":[{"taxonomy":"category","embeddable":true,"href":"https:\/\/www.europesays.com\/fi\/wp-json\/wp\/v2\/categories?post=18083"},{"taxonomy":"post_tag","embeddable":true,"href":"https:\/\/www.europesays.com\/fi\/wp-json\/wp\/v2\/tags?post=18083"}],"curies":[{"name":"wp","href":"https:\/\/api.w.org\/{rel}","templated":true}]}}