{"id":180865,"date":"2026-02-27T03:36:13","date_gmt":"2026-02-27T03:36:13","guid":{"rendered":"https:\/\/www.europesays.com\/fi\/180865\/"},"modified":"2026-02-27T03:36:13","modified_gmt":"2026-02-27T03:36:13","slug":"rakkaustarina-jatkuu-saara-aalto-ja-teemu-roivainen-paljastivat-iloisen-uutisen","status":"publish","type":"post","link":"https:\/\/www.europesays.com\/fi\/180865\/","title":{"rendered":"Rakkaustarina jatkuu: Saara Aalto ja Teemu Roivainen paljastivat iloisen uutisen"},"content":{"rendered":"<p class=\"has-drop-cap\"><strong>Saara Aallon<\/strong>\u00a0ja\u00a0<strong><a href=\"https:\/\/www.tanssiin.fi\/tag\/teemu-roivainen\/\" title=\"teemu roivainen\" rel=\"nofollow noopener\" target=\"_blank\">Teemu Roivaisen<\/a><\/strong>\u00a0menestyksek\u00e4s Rakkaustarina -20-vuotisjuhlakiertue kiert\u00e4\u00e4 viel\u00e4 kev\u00e4\u00e4ll\u00e4 2026 eri puolilla Suomea.\u00a0Konsertit ovat jatkoa viime vuoden konserteille, joita esitettiin loppuunmyydyille saleille.\u00a0<\/p>\n<p>Viimeiset konsertit n\u00e4hd\u00e4\u00e4n maaliskuussa Raumalla,\u00a0Hyvink\u00e4\u00e4ss\u00e4, Porissa, J\u00e4rvenp\u00e4\u00e4ss\u00e4,\u00a0H\u00e4meenlinnassa, Pieks\u00e4m\u00e4ell\u00e4 ja\u00a0Imatralla.\u00a0<\/p>\n<p>Tavatessaan toisensa Oulussa lukiossa vuonna 2002 heist\u00e4 syntyi nopeasti tiivis pari, joka jakoi rakkauden musiikkiin ja alkoi esiintym\u00e4\u00e4n yhdess\u00e4 niin lavoilla kuin levyill\u00e4. T\u00e4ll\u00e4 kiertueella kuullaan heid\u00e4n uransa t\u00e4rkeimpi\u00e4 kappaleita yli 20-vuotisen matkan varrelta, sek\u00e4 p\u00e4\u00e4st\u00e4\u00e4n seuraamaan parin uskomatonta tarinaa tarinoiden muodossa.\u00a0<\/p>\n<blockquote>\n<p>\u201dKerromme aidosti, miten rakastuimme ja miten erosimme\u201d<\/p>\n<p>saara aalto<\/p><\/blockquote>\n<p>Konserttien tunneskaala on laaja. Matkalle on mahtunut ilon ja surun hetki\u00e4.<\/p>\n<p>\u201dKun laulamme lavalla yhdess\u00e4 ja katsomme toisiamme, n\u00e4kyy ja tuntuu siin\u00e4 koko historiamme. Kerromme yleis\u00f6lle aidosti sen, miten rakastuimme, ja my\u00f6s sen miten erosimme. Ja miten tietyt kappaleet ovat kulkeneet mukanamme ja v\u00e4ritt\u00e4neet el\u00e4m\u00e4mme suuria hetki\u00e4. T\u00e4ss\u00e4 konsertissa ei kyynelilt\u00e4 v\u00e4ltyt\u00e4\u201d, sanoo Saara Aalto.\u00a0<\/p>\n<p><strong>Lue my\u00f6s:<\/strong> <a href=\"https:\/\/www.tanssiin.fi\/harvinaiset-kuvat-ja-video-teemu-roivainen-ja-saara-aalto-paljastivat-rakkaustarinansa\/\" title=\"Harvinaiset kuvat ja video: Teemu Roivainen ja Saara Aalto paljastivat rakkaustarinansa\" rel=\"nofollow noopener\" target=\"_blank\">Harvinaiset kuvat ja video: Teemu Roivainen ja Saara Aalto paljastivat rakkaustarinansa<\/a><\/p>\n<p>Teemu: \u201dLaulaminen Saaran kanssa on tuntunut upealta\u201d<\/p>\n<p>Ex-rakastavaisten Rakkaustarina-kiertueella luvassa on kauniita duettoja, ennen kuulemattomia yll\u00e4tyskappaleita, parhaita paloja vuosien varrelta, sek\u00e4 pys\u00e4ytt\u00e4vimpi\u00e4 esityksi\u00e4 Teemun tangokuninkuusvuosilta ja Saaran X Factor UK -matkalta.<\/p>\n<p>\u201dKonserteissa Saaran kanssa on ollut hienointa juhlistaa meid\u00e4n pitk\u00e4\u00e4 ja tiivist\u00e4 yhteist\u00e4 musiikillista taivalta. Niist\u00e4 kaikista yhteisist\u00e4 kokemuksista olemme lavalla saaneet jakaa yleis\u00f6lle parhaat muistomme \u2013 ennen kaikkea upeiden kappaleiden v\u00e4lityksell\u00e4. Saaran kanssa laulaminen kaikkien vuosien j\u00e4lkeen on tuntunut upelta\u201d,\u00a0Roivainen valottaa.<\/p>\n<p>Teemuhan soitti ennen soolouraansa koskettimia\u00a0Saara Aallon\u00a0yhtyeess\u00e4.<\/p>\n<p><strong>Lue my\u00f6s: <\/strong><a href=\"https:\/\/www.tanssiin.fi\/teemu-roivainen-avautuu-perheestaan-annassa-vaimon-pappa-on-niilo-tarvajarvi-ja-tyttaren-kummitati-saara-aalto\/\" title=\"Teemu Roivainen avautuu perheest\u00e4\u00e4n Annassa: vaimon pappa on Niilo Tarvaj\u00e4rvi ja tytt\u00e4ren kummit\u00e4ti Saara Aalto\" rel=\"nofollow noopener\" target=\"_blank\">Teemu Roivainen avautuu perheest\u00e4\u00e4n Annassa: vaimon pappa on Niilo Tarvaj\u00e4rvi ja tytt\u00e4ren kummit\u00e4ti Saara Aalto<\/a><\/p>\n<p>Saara ja Teemu eiv\u00e4t olisi t\u00e4ss\u00e4 ilman toisiaan<\/p>\n<p>Artistit esitt\u00e4v\u00e4t t\u00e4t\u00e4 yhteiskonserttia en\u00e4\u00e4 vain t\u00e4m\u00e4n kev\u00e4\u00e4n ajan, sen j\u00e4lkeen heill\u00e4 molemmilla on j\u00e4lleen omat suunnitelmansa.<\/p>\n<p>\u201dUusia projekteja on luvassa, mutta niist\u00e4 my\u00f6hemmin. T\u00e4n\u00e4 vuonna en esimerkiksi tee omaa joulukonserttikiertuetta lainkaan, joten nyt on hyv\u00e4 hetki tulla konsertteihimme\u201d, kertoo Saara, joka joulun alla suuntaa musikaalin maailmaan.<\/p>\n<p>\u201dTotuus on, ett\u00e4 ilman toisiamme me emme olisi voineet rakentaa sellaisia uria, kuin mitk\u00e4 meill\u00e4 ovat olleet. Olemme alusta asti tukeneet toisiamme ja puskeneet toisiamme paremmiksi muusikoiksi ja esiintyjiksi, ja musiikillinen yhteytemme on aina ollut maagista\u201d, Saara lis\u00e4\u00e4.<\/p>\n<p>\u201dVaikka perinteinen rakkaustarinamme p\u00e4\u00e4ttyi jo yli 10 vuotta sitten, olemme luoneet yhdess\u00e4 niin paljon hienoja juttuja, ettei yhteinen siteemme katkea koskaan. Rakkaustarinamme on vain muuttanut muotoaan. Ja nyt se tuodaan kaikkien n\u00e4ht\u00e4v\u00e4ksi lavalle t\u00e4m\u00e4n kiertueen muodossa.\u201d\u00a0<\/p>\n<p>My\u00f6s Teemu kiittelee yhteisty\u00f6t\u00e4 Saaran kanssa.<\/p>\n<p>\u201dOlen aina sanonut, ett\u00e4 Saara on itselle yksi suurimmista esikuvista musiikin tekemisess\u00e4. Me ollaan saatu jo hyvin nuoresta l\u00e4htien tehd\u00e4 yhdess\u00e4 musiikkia ja ollaan opittu toisiltamme valtavasti.\u201d<\/p>\n<p><strong>Saara Aalto &amp; Teemu Roivainen Rakkaustarina-kiertue kev\u00e4t 2026<\/strong><\/p>\n<p>la 14.03. Rauma, Rauma-sali<br \/>su 15.03. Hyvink\u00e4\u00e4, Hyvink\u00e4\u00e4sali<br \/>ma 16.03. Pori, Promenadikeskus<br \/>ke 18.03. J\u00e4rvenp\u00e4\u00e4, Sibelius-sali<br \/>to 19.03. H\u00e4meenlinna, Verkatehdas<br \/>pe 20.03. Pieks\u00e4m\u00e4ki, Poleeni<br \/>la 21.03. Imatra, Kulttuuritalo Virta<\/p>\n<p>Kesto: 2 tuntia sis v\u00e4liajan, <a href=\"https:\/\/www.lippu.fi\/artist\/saara-aalto-teemu-roivainen\/\" title=\"\" rel=\"nofollow noopener\" target=\"_blank\">Lippu.fi <\/a>\/ Imatra <a href=\"https:\/\/www.ticketmaster.fi\/event\/saara-aalto--teemu-roivainen-rakkaustarina-lippuja\/421311454\" title=\"\" rel=\"nofollow noopener\" target=\"_blank\">Ticketmaster<\/a>.<\/p>\n<p>Kirjoittanut:<br \/>\n<img decoding=\"async\" class=\"aioseo-author-image\" src=\"https:\/\/www.europesays.com\/fi\/wp-content\/uploads\/2025\/10\/cropped-tanssiin-logo.jpg\" alt=\"author avatar\"\/><\/p>\n<p>Tanssiin.fi<\/p>\n<p>\nTanssi- ja iskelm\u00e4musiikin uutiset asiantuntevasti.<\/p>\n<p><img decoding=\"async\" class=\"aioseo-author-bio-compact-image\" src=\"https:\/\/www.europesays.com\/fi\/wp-content\/uploads\/2025\/10\/cropped-tanssiin-logo.jpg\" alt=\"author avatar\"\/><br \/>\nTanssi- ja iskelm\u00e4musiikin uutiset asiantuntevasti.<\/p>\n<p>50%<br \/>\nIhana<\/p>\n<p>25%<br \/>\nHauska<\/p>\n<p>13%<br \/>\nVau<\/p>\n<p>0%<br \/>\nSurullinen<\/p>\n<p>13%<br \/>\nVihainen\n<\/p>\n<p>Post navigation<\/p>\n","protected":false},"excerpt":{"rendered":"Saara Aallon\u00a0ja\u00a0Teemu Roivaisen\u00a0menestyksek\u00e4s Rakkaustarina -20-vuotisjuhlakiertue kiert\u00e4\u00e4 viel\u00e4 kev\u00e4\u00e4ll\u00e4 2026 eri puolilla Suomea.\u00a0Konsertit ovat jatkoa viime vuoden konserteille, joita&hellip;\n","protected":false},"author":2,"featured_media":180866,"comment_status":"","ping_status":"","sticky":false,"template":"","format":"standard","meta":{"footnotes":"","_share_on_mastodon":"0"},"categories":[136],"tags":[19552,407,137,33,31,30,408,17233,5207,1311,3151,5508,32,4049,12422,16,109],"class_list":["post-180865","post","type-post","status-publish","format-standard","has-post-thumbnail","category-julkkikset","tag-19552","tag-celebrities","tag-entertainment","tag-fi","tag-finland","tag-finnish","tag-julkkikset","tag-keikat-ja-kiertueet","tag-kiertue","tag-rakkaus","tag-rakkaustarina","tag-saara-aalto","tag-suomi","tag-tanssitahdet","tag-teemu-roivainen","tag-uutiset","tag-viihde"],"share_on_mastodon":{"url":"https:\/\/pubeurope.com\/@fi\/116140506000843585","error":""},"_links":{"self":[{"href":"https:\/\/www.europesays.com\/fi\/wp-json\/wp\/v2\/posts\/180865","targetHints":{"allow":["GET"]}}],"collection":[{"href":"https:\/\/www.europesays.com\/fi\/wp-json\/wp\/v2\/posts"}],"about":[{"href":"https:\/\/www.europesays.com\/fi\/wp-json\/wp\/v2\/types\/post"}],"author":[{"embeddable":true,"href":"https:\/\/www.europesays.com\/fi\/wp-json\/wp\/v2\/users\/2"}],"replies":[{"embeddable":true,"href":"https:\/\/www.europesays.com\/fi\/wp-json\/wp\/v2\/comments?post=180865"}],"version-history":[{"count":0,"href":"https:\/\/www.europesays.com\/fi\/wp-json\/wp\/v2\/posts\/180865\/revisions"}],"wp:featuredmedia":[{"embeddable":true,"href":"https:\/\/www.europesays.com\/fi\/wp-json\/wp\/v2\/media\/180866"}],"wp:attachment":[{"href":"https:\/\/www.europesays.com\/fi\/wp-json\/wp\/v2\/media?parent=180865"}],"wp:term":[{"taxonomy":"category","embeddable":true,"href":"https:\/\/www.europesays.com\/fi\/wp-json\/wp\/v2\/categories?post=180865"},{"taxonomy":"post_tag","embeddable":true,"href":"https:\/\/www.europesays.com\/fi\/wp-json\/wp\/v2\/tags?post=180865"}],"curies":[{"name":"wp","href":"https:\/\/api.w.org\/{rel}","templated":true}]}}