{"id":180897,"date":"2026-02-27T04:40:07","date_gmt":"2026-02-27T04:40:07","guid":{"rendered":"https:\/\/www.europesays.com\/fi\/180897\/"},"modified":"2026-02-27T04:40:07","modified_gmt":"2026-02-27T04:40:07","slug":"hillary-clinton-sanoo-olevansa-varma-ettei-hanen-miehensa-tiennyt-jeffrey-epsteinin-rikoksista-uutisia-lyhyesti","status":"publish","type":"post","link":"https:\/\/www.europesays.com\/fi\/180897\/","title":{"rendered":"Hillary Clinton sanoo olevansa varma, ettei h\u00e4nen miehens\u00e4 tiennyt Jeffrey Epsteinin rikoksista | Uutisia lyhyesti"},"content":{"rendered":"<p class=\"aw-1gybjub aw-1p7kakr kEtdKx cEmitX yle__article__paragraph\">Yhdysvaltain entinen ulkoministeri <strong class=\"aw-ak79eh KyCXm yle__article__strong\">Hillary Clinton<\/strong> sanoo olevansa varma siit\u00e4, ettei h\u00e4nen miehens\u00e4 tiennyt mit\u00e4\u00e4n <strong class=\"aw-ak79eh KyCXm yle__article__strong\">Jeffrey Epsteinin<\/strong> rikoksista, kun n\u00e4m\u00e4 olivat viel\u00e4 tekemisiss\u00e4 toistensa kanssa.<\/p>\n<p class=\"aw-1gybjub aw-1p7kakr kEtdKx cEmitX yle__article__paragraph\">Clinton esitti kommenttinsa medialle sen j\u00e4lkeen, kun oli todistanut kongressin komitean Epstein-tutkinnassa.<\/p>\n<p class=\"aw-1gybjub aw-1p7kakr kEtdKx cEmitX yle__article__paragraph\">Clintonin puoliso, Yhdysvaltain entinen presidentti <strong class=\"aw-ak79eh KyCXm yle__article__strong\">Bill Clinton<\/strong> on esiintynyt lukuisia kertoja seksuaalirikoksista tuomittua Epsteini\u00e4 koskevissa tutkinta-asiakirjoissa. Hillary Clintonin mukaan h\u00e4nen miehens\u00e4 ja Epsteinin yhteydenpito oli p\u00e4\u00e4ttynyt useita vuosia ennen kuin Epsteinin rikollisesta toiminnasta tuli mit\u00e4\u00e4n ilmi.<\/p>\n","protected":false},"excerpt":{"rendered":"Yhdysvaltain entinen ulkoministeri Hillary Clinton sanoo olevansa varma siit\u00e4, ettei h\u00e4nen miehens\u00e4 tiennyt mit\u00e4\u00e4n Jeffrey Epsteinin rikoksista, kun&hellip;\n","protected":false},"author":2,"featured_media":74,"comment_status":"","ping_status":"","sticky":false,"template":"","format":"standard","meta":{"footnotes":"","_share_on_mastodon":"0"},"categories":[14],"tags":[2491,22,23,26,27,33,31,30,17,24837,11121,24,25,28,29,15,18,21,26556,32,19,20,56,16,59,60,61,619],"class_list":["post-180897","post","type-post","status-publish","format-standard","has-post-thumbnail","category-ulkomaat","tag-bill-clinton","tag-breaking-news","tag-breakingnews","tag-featured-news","tag-featurednews","tag-fi","tag-finland","tag-finnish","tag-headlines","tag-hillary-clinton","tag-jeffrey-epstein","tag-latest-news","tag-latestnews","tag-main-news","tag-mainnews","tag-news","tag-otsikot","tag-paauutiset","tag-seksuaalirikolliset","tag-suomi","tag-top-stories","tag-topstories","tag-ulkomaat","tag-uutiset","tag-world","tag-world-news","tag-worldnews","tag-yhdysvallat"],"share_on_mastodon":{"url":"https:\/\/pubeurope.com\/@fi\/116140757670627426","error":""},"_links":{"self":[{"href":"https:\/\/www.europesays.com\/fi\/wp-json\/wp\/v2\/posts\/180897","targetHints":{"allow":["GET"]}}],"collection":[{"href":"https:\/\/www.europesays.com\/fi\/wp-json\/wp\/v2\/posts"}],"about":[{"href":"https:\/\/www.europesays.com\/fi\/wp-json\/wp\/v2\/types\/post"}],"author":[{"embeddable":true,"href":"https:\/\/www.europesays.com\/fi\/wp-json\/wp\/v2\/users\/2"}],"replies":[{"embeddable":true,"href":"https:\/\/www.europesays.com\/fi\/wp-json\/wp\/v2\/comments?post=180897"}],"version-history":[{"count":0,"href":"https:\/\/www.europesays.com\/fi\/wp-json\/wp\/v2\/posts\/180897\/revisions"}],"wp:featuredmedia":[{"embeddable":true,"href":"https:\/\/www.europesays.com\/fi\/wp-json\/wp\/v2\/media\/74"}],"wp:attachment":[{"href":"https:\/\/www.europesays.com\/fi\/wp-json\/wp\/v2\/media?parent=180897"}],"wp:term":[{"taxonomy":"category","embeddable":true,"href":"https:\/\/www.europesays.com\/fi\/wp-json\/wp\/v2\/categories?post=180897"},{"taxonomy":"post_tag","embeddable":true,"href":"https:\/\/www.europesays.com\/fi\/wp-json\/wp\/v2\/tags?post=180897"}],"curies":[{"name":"wp","href":"https:\/\/api.w.org\/{rel}","templated":true}]}}