{"id":180932,"date":"2026-02-27T05:55:09","date_gmt":"2026-02-27T05:55:09","guid":{"rendered":"https:\/\/www.europesays.com\/fi\/180932\/"},"modified":"2026-02-27T05:55:09","modified_gmt":"2026-02-27T05:55:09","slug":"karkkilan-vedenjakeluhairio-ohi-terveysviranomainen-kehottaa-keittamaan-vetta-3-5-minuuttia-uusimaa","status":"publish","type":"post","link":"https:\/\/www.europesays.com\/fi\/180932\/","title":{"rendered":"Karkkilan vedenjakelu\u00adh\u00e4iri\u00f6 ohi \u2013 terveys\u00adviranomainen kehottaa keitt\u00e4m\u00e4\u00e4n vett\u00e4 3\u20135 minuuttia | Uusimaa"},"content":{"rendered":"<p class=\"aw-1gybjub aw-5vja16 kEtdKx kmuxyA yle__article__paragraph\">Karkkilan vesijohtoverkon vuoto on saatu korjattua. Kaupunki suosittelee veden keitt\u00e4mist\u00e4 toistaiseksi.<\/p>\n<p><img decoding=\"async\" alt=\"Henkil\u00f6 pesee k\u00e4si\u00e4\u00e4n auki olevan vesihanan alla.\" src=\"https:\/\/www.europesays.com\/fi\/wp-content\/uploads\/2026\/02\/39-15818956968d69d375af.jpeg\" class=\"aw-1l9m598 hKVVvP\"\/><\/p>\n<p>Avaa kuvien katselu<\/p>\n<p>Karkkilassa viikonvaihteen yli kest\u00e4nyt vedenjakeluh\u00e4iri\u00f6 on ohi. Kuva: Esa Huuhko \/ Yle<\/p>\n<p class=\"aw-1gybjub aw-1p7kakr kEtdKx cEmitX yle__article__paragraph\">Karkkilan vedenjakelu toimii taas. Karkkilan kaupunki tiedotti vedenjakeluh\u00e4iri\u00f6st\u00e4 ensimm\u00e4isen kerran lauantai-iltana.<\/p>\n<p class=\"aw-1gybjub aw-1p7kakr kEtdKx cEmitX yle__article__paragraph\">H\u00e4iri\u00f6n aiheuttanut vuotokohta l\u00f6ytyi maanantai-iltana. Kaupungin tiedotteen mukaan vuoto on saatu korjattua tiistain vastaisena y\u00f6ll\u00e4.<\/p>\n<p class=\"aw-1gybjub aw-1p7kakr kEtdKx cEmitX yle__article__paragraph\">Kaupungin terveystarkastaja suosittelee, ett\u00e4 kaikki Karkkilan vesijohtoverkon vett\u00e4 k\u00e4ytt\u00e4v\u00e4t keitt\u00e4isiv\u00e4t juomaveden ja ruuanlaittoon k\u00e4ytett\u00e4v\u00e4n veden varmuuden vuoksi.<\/p>\n<p class=\"aw-1gybjub aw-1p7kakr kEtdKx cEmitX yle__article__paragraph\">Sopiva keittoaika on v\u00e4hint\u00e4\u00e4n 3\u20135 minuuttia. Veden keittokehotus on kaupungin tiedotteen mukaan voimassa toistaiseksi.<\/p>\n","protected":false},"excerpt":{"rendered":"Karkkilan vesijohtoverkon vuoto on saatu korjattua. Kaupunki suosittelee veden keitt\u00e4mist\u00e4 toistaiseksi. Avaa kuvien katselu Karkkilassa viikonvaihteen yli kest\u00e4nyt&hellip;\n","protected":false},"author":2,"featured_media":180933,"comment_status":"","ping_status":"","sticky":false,"template":"","format":"standard","meta":{"footnotes":"","_share_on_mastodon":"0"},"categories":[112],"tags":[33,31,30,929,4689,118,32,119,1168,25510],"class_list":["post-180932","post","type-post","status-publish","format-standard","has-post-thumbnail","category-tiede","tag-fi","tag-finland","tag-finnish","tag-karkkila","tag-kotitaloudet","tag-science","tag-suomi","tag-tiede","tag-uusimaa","tag-vedenjakelu"],"share_on_mastodon":{"url":"https:\/\/pubeurope.com\/@fi\/116141052577932095","error":""},"_links":{"self":[{"href":"https:\/\/www.europesays.com\/fi\/wp-json\/wp\/v2\/posts\/180932","targetHints":{"allow":["GET"]}}],"collection":[{"href":"https:\/\/www.europesays.com\/fi\/wp-json\/wp\/v2\/posts"}],"about":[{"href":"https:\/\/www.europesays.com\/fi\/wp-json\/wp\/v2\/types\/post"}],"author":[{"embeddable":true,"href":"https:\/\/www.europesays.com\/fi\/wp-json\/wp\/v2\/users\/2"}],"replies":[{"embeddable":true,"href":"https:\/\/www.europesays.com\/fi\/wp-json\/wp\/v2\/comments?post=180932"}],"version-history":[{"count":0,"href":"https:\/\/www.europesays.com\/fi\/wp-json\/wp\/v2\/posts\/180932\/revisions"}],"wp:featuredmedia":[{"embeddable":true,"href":"https:\/\/www.europesays.com\/fi\/wp-json\/wp\/v2\/media\/180933"}],"wp:attachment":[{"href":"https:\/\/www.europesays.com\/fi\/wp-json\/wp\/v2\/media?parent=180932"}],"wp:term":[{"taxonomy":"category","embeddable":true,"href":"https:\/\/www.europesays.com\/fi\/wp-json\/wp\/v2\/categories?post=180932"},{"taxonomy":"post_tag","embeddable":true,"href":"https:\/\/www.europesays.com\/fi\/wp-json\/wp\/v2\/tags?post=180932"}],"curies":[{"name":"wp","href":"https:\/\/api.w.org\/{rel}","templated":true}]}}