{"id":181316,"date":"2026-02-27T14:41:11","date_gmt":"2026-02-27T14:41:11","guid":{"rendered":"https:\/\/www.europesays.com\/fi\/181316\/"},"modified":"2026-02-27T14:41:11","modified_gmt":"2026-02-27T14:41:11","slug":"tunturissa-jysahtelee-kuin-olisi-ukkonen-lumivyoryolosuhteet-ovat-nyt-paikoin-vaaralliset-lapissa-ja-rukalla-lappi","status":"publish","type":"post","link":"https:\/\/www.europesays.com\/fi\/181316\/","title":{"rendered":"Tunturissa jys\u00e4htelee kuin olisi ukkonen: lumivy\u00f6ry\u00adolosuhteet ovat nyt paikoin vaaralliset Lapissa ja Rukalla | Lappi"},"content":{"rendered":"<p class=\"aw-1gybjub aw-5vja16 kEtdKx kmuxyA yle__article__paragraph\">Tunturissa paukahtelee ja n\u00e4kyy harvinaisen isoa pintakuuraa, Pallaksen p\u00f6ll\u00f6jen p\u00e4\u00e4p\u00f6ll\u00f6 Juuso Holstein kertoo. Ne ovat merkkej\u00e4 kasvavasta lumivy\u00f6ry\u00advaarasta.<\/p>\n<p><img decoding=\"async\" alt=\"Pyh\u00e4tunturi talvella 2026.\" src=\"https:\/\/www.europesays.com\/fi\/wp-content\/uploads\/2026\/02\/39-160443269a1966a766a6.jpeg\" class=\"aw-1l9m598 hKVVvP\"\/><\/p>\n<p>Avaa kuvien katselu<\/p>\n<p>Pyh\u00e4-Luoston kansallispuisto on yksi niist\u00e4 paikoista, joissa on nyt vaaralliset lumivy\u00f6ryolosuhteet. T\u00e4lt\u00e4 Pyh\u00e4ll\u00e4 n\u00e4ytti torstaina. Kuva: Antti Mikkola \/ Yle<\/p>\n<p class=\"aw-1gybjub aw-1p7kakr kEtdKx cEmitX yle__article__paragraph\">Lumivy\u00f6ryjen riski on Lapissa paikoin huomattava. <a class=\"aw-iao6s4 iHOxEa yle__article__link\" href=\"https:\/\/www.ilmatieteenlaitos.fi\/lumivyoryennuste\" role=\"link\" rel=\"nofollow noopener\" target=\"_blank\">Ilmatieteen laitoksen<\/a> mukaan lumivy\u00f6ryolosuhteet ovat vaaralliset Yll\u00e4s-Levill\u00e4 ja Luosto-Pyh\u00e4ll\u00e4. My\u00f6s Rukalla olosuhteet ovat vaaralliset.<\/p>\n<p class=\"aw-1gybjub aw-1p7kakr kEtdKx cEmitX yle__article__paragraph\">Sen sijaan Kilpisj\u00e4rvell\u00e4, Ounas-Pallaksella ja Saarisel\u00e4ll\u00e4 lumivy\u00f6ryriski on kohtalainen eli lumivy\u00f6ryolosuhteet ovat kohonneet tietyiss\u00e4 maaston muodoissa.<\/p>\n<p class=\"aw-1gybjub aw-1p7kakr kEtdKx cEmitX yle__article__paragraph\">Pohjois-Ruotsissa on havaittu viime p\u00e4ivin\u00e4 yli 40 lumivy\u00f6ry\u00e4, mik\u00e4 on normaalia enemm\u00e4n, Ruotsin yleisradioyhti\u00f6 <a class=\"aw-iao6s4 iHOxEa yle__article__link\" href=\"https:\/\/www.svt.se\/nyheter\/lokalt\/norrbotten\/stor-lavinfara-i-fjallen-och-alperna\" role=\"link\" rel=\"nofollow noopener\" target=\"_blank\">SVT uutisoi<\/a>.<\/p>\n<p class=\"aw-1gybjub aw-1p7kakr kEtdKx cEmitX yle__article__paragraph\">Suomen puolella ainakaan L\u00e4nsi-Lapissa suuria lumivy\u00f6ryj\u00e4 ei ole nyt ollut, kertoo Pallastunturin alueella toimivan hiihtokoulu Pallaksen p\u00f6ll\u00f6jen p\u00e4\u00e4p\u00f6ll\u00f6 eli toimitusjohtaja <strong class=\"aw-ak79eh KyCXm yle__article__strong\">Juuso Holstein<\/strong>.<\/p>\n<p class=\"aw-1gybjub aw-1p7kakr kEtdKx cEmitX yle__article__paragraph\">H\u00e4n on kuitenkin havainnut t\u00e4ll\u00e4 ja viime viikolla pienempi\u00e4 vy\u00f6ryj\u00e4 ja merkkej\u00e4, jotka kertovat kasvavasta lumivy\u00f6ryvaarasta.<\/p>\n<p class=\"aw-1gybjub aw-1p7kakr kEtdKx cEmitX yle__article__paragraph\">\u2013 Lumessa on ollut lumipeitteen halkeamisia. Ja tunturissa ymp\u00e4riins\u00e4 on kuulunut jys\u00e4hdyksi\u00e4 tai paukahduksia, kuin olisi ukkonen. Viime viikolla n\u00e4ytti yksi pienempi laatta liikahtavan, Holstein sanoo.<\/p>\n<p class=\"aw-1gybjub aw-1p7kakr kEtdKx cEmitX yle__article__paragraph\">Lis\u00e4ksi Yll\u00e4ksell\u00e4 Holstein n\u00e4ki viime viikolla tunturissa harvinaisen isoa pintakuuraa lumessa. Isorakeisen pintakuuran p\u00e4\u00e4lle sataa uutta lunta ja se synnytt\u00e4\u00e4 lumeen heikon kerroksen v\u00e4liin.<\/p>\n<p class=\"aw-1gybjub aw-1p7kakr kEtdKx cEmitX yle__article__paragraph\">\u2013 Se on mahdollisesti riski tulevaisuudessa, eli luultavasti n\u00e4emme lumivy\u00f6ryj\u00e4 viel\u00e4, h\u00e4n arvioi.<\/p>\n<p class=\"aw-1gybjub aw-1p7kakr kEtdKx cEmitX yle__article__paragraph\">Ruotsin ja Norjan lumivy\u00f6ryvaara on kuitenkin erilainen ja yleisempi kuin Suomessa, koska Lapissa tunturit eiv\u00e4t ole yht\u00e4 jyrkki\u00e4 kuin naapurimaissa.<\/p>\n","protected":false},"excerpt":{"rendered":"Tunturissa paukahtelee ja n\u00e4kyy harvinaisen isoa pintakuuraa, Pallaksen p\u00f6ll\u00f6jen p\u00e4\u00e4p\u00f6ll\u00f6 Juuso Holstein kertoo. Ne ovat merkkej\u00e4 kasvavasta lumivy\u00f6ry\u00advaarasta.&hellip;\n","protected":false},"author":2,"featured_media":181317,"comment_status":"","ping_status":"","sticky":false,"template":"","format":"standard","meta":{"footnotes":"","_share_on_mastodon":"0"},"categories":[117],"tags":[33,31,30,71,667,22480,16630,72,476,710,118,32,119,11327,477],"class_list":["post-181316","post","type-post","status-publish","format-standard","has-post-thumbnail","category-luonto","tag-fi","tag-finland","tag-finnish","tag-kotimaa","tag-lappi","tag-lumionnettomuudet","tag-lumivyoryt","tag-luonto","tag-nature","tag-saa","tag-science","tag-suomi","tag-tiede","tag-tunturit","tag-wildlife"],"share_on_mastodon":{"url":"https:\/\/pubeurope.com\/@fi\/116143121064040889","error":""},"_links":{"self":[{"href":"https:\/\/www.europesays.com\/fi\/wp-json\/wp\/v2\/posts\/181316","targetHints":{"allow":["GET"]}}],"collection":[{"href":"https:\/\/www.europesays.com\/fi\/wp-json\/wp\/v2\/posts"}],"about":[{"href":"https:\/\/www.europesays.com\/fi\/wp-json\/wp\/v2\/types\/post"}],"author":[{"embeddable":true,"href":"https:\/\/www.europesays.com\/fi\/wp-json\/wp\/v2\/users\/2"}],"replies":[{"embeddable":true,"href":"https:\/\/www.europesays.com\/fi\/wp-json\/wp\/v2\/comments?post=181316"}],"version-history":[{"count":0,"href":"https:\/\/www.europesays.com\/fi\/wp-json\/wp\/v2\/posts\/181316\/revisions"}],"wp:featuredmedia":[{"embeddable":true,"href":"https:\/\/www.europesays.com\/fi\/wp-json\/wp\/v2\/media\/181317"}],"wp:attachment":[{"href":"https:\/\/www.europesays.com\/fi\/wp-json\/wp\/v2\/media?parent=181316"}],"wp:term":[{"taxonomy":"category","embeddable":true,"href":"https:\/\/www.europesays.com\/fi\/wp-json\/wp\/v2\/categories?post=181316"},{"taxonomy":"post_tag","embeddable":true,"href":"https:\/\/www.europesays.com\/fi\/wp-json\/wp\/v2\/tags?post=181316"}],"curies":[{"name":"wp","href":"https:\/\/api.w.org\/{rel}","templated":true}]}}