{"id":18132,"date":"2025-08-27T20:53:07","date_gmt":"2025-08-27T20:53:07","guid":{"rendered":"https:\/\/www.europesays.com\/fi\/18132\/"},"modified":"2025-08-27T20:53:07","modified_gmt":"2025-08-27T20:53:07","slug":"tama-nuorukainen-esittaa-nuorta-sylvester-stallonea-tulevassa-rocky-leffassa","status":"publish","type":"post","link":"https:\/\/www.europesays.com\/fi\/18132\/","title":{"rendered":"T\u00e4m\u00e4 nuorukainen esitt\u00e4\u00e4 nuorta Sylvester Stallonea tulevassa Rocky-leffassa"},"content":{"rendered":"<p>Nuija ja tosinuija -ohjaaja <strong>Peter Farrellyn<\/strong> tulevassa elokuvassa n\u00e4hd\u00e4\u00e4n nuori <strong>Sylvester Stallone.<\/strong><\/p>\n<p>Elokuva kertoo legendaarisen, vuonna 1976 ensi-iltansa saaneen Rocky-elokuvan teosta.<\/p>\n<p>Lue my\u00f6s: <a href=\"https:\/\/www.episodi.fi\/uutiset\/tahan-saavutukseen-on-elokuvahistoriassa-yltanyt-vain-3-ihmista-charlie-chaplin-orson-welles-ja-sylvester-stallone\/\" title=\"T\u00e4h\u00e4n saavutukseen on elokuvahistoriassa ylt\u00e4nyt vain 3 ihmist\u00e4: Charlie Chaplin, Orson Welles ja Sylvester Stallone\" class=\"underline-custom !font-montserrat !font-bold !underline-offset-4 !decoration-4 !decoration-episodi-blue !text-md\" rel=\"nofollow noopener\" target=\"_blank\">T\u00e4h\u00e4n saavutukseen on elokuvahistoriassa ylt\u00e4nyt vain 3 ihmist\u00e4: Charlie Chaplin, Orson Welles ja Sylvester Stallone<\/a><\/p>\n<p>Lue my\u00f6s: <a href=\"https:\/\/www.episodi.fi\/uutiset\/suosittu-dandadan-anime-joutui-tekijanoikeuskiistojen-kohteeksi\/\" title=\"Suosittu Dandadan-anime joutui tekij\u00e4noikeuskiistojen kohteeksi\" class=\"underline-custom !font-montserrat !font-bold !underline-offset-4 !decoration-4 !decoration-episodi-blue !text-md\" rel=\"nofollow noopener\" target=\"_blank\">Suosittu Dandadan-anime joutui tekij\u00e4noikeuskiistojen kohteeksi<\/a><\/p>\n<p>Sylvester Stallonen rooliin on valittu<strong> Anthony Ippolito,<\/strong> joka tunnetaan my\u00f6s <strong>Al Pacinona<\/strong> The Offer \u2013sarjasta.<\/p>\n<p>I Play Rocky -niminen elokuva kertoo Stallonen el\u00e4m\u00e4st\u00e4 ennen kuin h\u00e4nest\u00e4 tuli megat\u00e4hti. Stallonelle sanottiin kaikkialla ei, mutta h\u00e4n oli valmis tekem\u00e4\u00e4n kaikkensa, jotta saisi elokuvansa tehty\u00e4.<\/p>\n<p>Lopputulos on Hollywoodin historiaa parhaimmillaan.<\/p>\n<p>Rocky-franchise on tienannut yli 1,7 miljardia dollaria maailmanlaajuisesti. Oli jo aikakin kertoa, miten kaikki sai alkunsa.<\/p>\n<p>L\u00e4hde: <a href=\"https:\/\/deadline.com\/2025\/08\/anthony-ippolito-sylvester-stallone-i-play-rocky-movie-1236499116\" target=\"_blank\" rel=\"noreferrer noopener nofollow\">Deadline<\/a><\/p>\n<p>Lue my\u00f6s: <a href=\"https:\/\/www.episodi.fi\/uutiskirje\/?uutiskirjemainos=tekstilinkkimainos\" title=\"Tilaa Episodin uutiskirje ja voit voittaa leffalippuja! Nappaa tv-vinkit suoraan s\u00e4hk\u00f6postiin t\u00e4st\u00e4.\" class=\"underline-custom !font-montserrat !font-bold !underline-offset-4 !decoration-4 !decoration-episodi-blue !text-md\" rel=\"nofollow noopener\" target=\"_blank\">Tilaa Episodin uutiskirje ja voit voittaa leffalippuja! Nappaa katseluvinkit suoraan s\u00e4hk\u00f6postiin t\u00e4st\u00e4.<\/a><\/p>\n","protected":false},"excerpt":{"rendered":"Nuija ja tosinuija -ohjaaja Peter Farrellyn tulevassa elokuvassa n\u00e4hd\u00e4\u00e4n nuori Sylvester Stallone. Elokuva kertoo legendaarisen, vuonna 1976 ensi-iltansa&hellip;\n","protected":false},"author":2,"featured_media":18133,"comment_status":"","ping_status":"","sticky":false,"template":"","format":"standard","meta":{"footnotes":""},"categories":[130],"tags":[6670,137,33,31,30,6671,6672,32,1490,109],"class_list":{"0":"post-18132","1":"post","2":"type-post","3":"status-publish","4":"format-standard","5":"has-post-thumbnail","7":"category-viihde","8":"tag-anthony-ippolito","9":"tag-entertainment","10":"tag-fi","11":"tag-finland","12":"tag-finnish","13":"tag-i-play-rocky","14":"tag-peter-farrelly","15":"tag-suomi","16":"tag-sylvester-stallone","17":"tag-viihde"},"share_on_mastodon":{"url":"","error":""},"_links":{"self":[{"href":"https:\/\/www.europesays.com\/fi\/wp-json\/wp\/v2\/posts\/18132","targetHints":{"allow":["GET"]}}],"collection":[{"href":"https:\/\/www.europesays.com\/fi\/wp-json\/wp\/v2\/posts"}],"about":[{"href":"https:\/\/www.europesays.com\/fi\/wp-json\/wp\/v2\/types\/post"}],"author":[{"embeddable":true,"href":"https:\/\/www.europesays.com\/fi\/wp-json\/wp\/v2\/users\/2"}],"replies":[{"embeddable":true,"href":"https:\/\/www.europesays.com\/fi\/wp-json\/wp\/v2\/comments?post=18132"}],"version-history":[{"count":0,"href":"https:\/\/www.europesays.com\/fi\/wp-json\/wp\/v2\/posts\/18132\/revisions"}],"wp:featuredmedia":[{"embeddable":true,"href":"https:\/\/www.europesays.com\/fi\/wp-json\/wp\/v2\/media\/18133"}],"wp:attachment":[{"href":"https:\/\/www.europesays.com\/fi\/wp-json\/wp\/v2\/media?parent=18132"}],"wp:term":[{"taxonomy":"category","embeddable":true,"href":"https:\/\/www.europesays.com\/fi\/wp-json\/wp\/v2\/categories?post=18132"},{"taxonomy":"post_tag","embeddable":true,"href":"https:\/\/www.europesays.com\/fi\/wp-json\/wp\/v2\/tags?post=18132"}],"curies":[{"name":"wp","href":"https:\/\/api.w.org\/{rel}","templated":true}]}}