{"id":181475,"date":"2026-02-27T18:50:07","date_gmt":"2026-02-27T18:50:07","guid":{"rendered":"https:\/\/www.europesays.com\/fi\/181475\/"},"modified":"2026-02-27T18:50:07","modified_gmt":"2026-02-27T18:50:07","slug":"salatut-elamat-kulissien-takana-nain-syntyvat-hahmojen-tyylit","status":"publish","type":"post","link":"https:\/\/www.europesays.com\/fi\/181475\/","title":{"rendered":"Salatut el\u00e4m\u00e4t kulissien takana: N\u00e4in syntyv\u00e4t hahmojen tyylit"},"content":{"rendered":"<p>\n            Salatut El\u00e4m\u00e4t 27 v pressitilaisuus 22.1.2026<br \/>\n            Jani Korpela\n        <\/p>\n<p class=\"subtitle \">Salatut el\u00e4m\u00e4t -hahmojen tyylit ovat tarkkaan laadittuja.<\/p>\n<p class=\"article-content article-content-width !bg-background\">Salatut el\u00e4m\u00e4t -hahmoilla on n\u00e4hty aikojen saatossa v\u00e4rikk\u00e4it\u00e4 ja omanlaatuisia tyylej\u00e4 laidasta laitaan.\u00a0<\/p>\n<p class=\"font-weight-bold m-font-weight-bold article-content article-content-width !bg-background\">Katso video: Salatut el\u00e4m\u00e4t: Tiesitk\u00f6 n\u00e4m\u00e4 tosiel\u00e4m\u00e4n parit?<\/p>\n<p class=\"article-content article-content-width !bg-background\">Linda Eerik\u00e4isen roolista tunnettu  kuvasi\u00a0Salattujen el\u00e4mien <a href=\"https:\/\/www.instagram.com\/mtvsalatutelamat\/\" target=\"_blank\" rel=\"nofollow noopener\">Instagram-tilill\u00e4<\/a> p\u00e4iv\u00e4\u00e4ns\u00e4 26. helmikuuta. H\u00e4n vastailee kysymyksiin ja tarjoaa kurkistuksen sarjan kulisseihin tarinat-osiossa. Tarinat poistuvat 24 tunnin j\u00e4lkeen julkaisusta.<\/p>\n<p>Vaatteet puhuttavat<\/p>\n<p class=\"article-content article-content-width !bg-background\">Katsojat ovat kysynyeet Monikalta, joutuvatko n\u00e4yttelij\u00e4t itse p\u00e4\u00e4tt\u00e4m\u00e4\u00e4n, mit\u00e4 heid\u00e4n roolihahmonsa pukevat p\u00e4\u00e4lleen.\u00a0<\/p>\n<p>        <a itemprop=\"url\" href=\"https:\/\/www.seiska.fi\/katso\/talta-lola-odusoga-nayttaa-salatut-elamat-sarjassa\/2086335\" rel=\"nofollow noopener\" target=\"_blank\"><\/p>\n<p>\nLola Odusoga\n<\/p>\n<p class=\"section-date\">\n        <strong class=\"article-section\" data-section=\"katso\"><br \/>\n            katso<br \/>\n        <\/strong><br \/>\n        26.2. 09:15\n    <\/p>\n<p>T\u00e4lt\u00e4 Lola Odusoga n\u00e4ytt\u00e4\u00e4 Salatut el\u00e4m\u00e4t -sarjassa\n    <\/p>\n<p itemprop=\"description\" class=\"subtitle \">\n    Lola Odusoga n\u00e4hd\u00e4\u00e4n uuden aluevaltauksen edess\u00e4 kansan rakastamassa ohjelmassa.\n<\/p>\n<p>        <\/a><\/p>\n<p class=\"article-content article-content-width !bg-background\">Monika vastaa t\u00e4h\u00e4n kielt\u00e4v\u00e4sti. H\u00e4n suuntaa videolla sarjan pukusuunnittelijan,  luokse.<\/p>\n<p>                <img decoding=\"async\" src=\"https:\/\/www.europesays.com\/fi\/wp-content\/uploads\/2026\/02\/1693381.webp.jpeg\" width=\"576\" height=\"274\" title=\"Pauliina kuvailee Lindan tyyli\u00e4 helpoksi, sporttiseksi ja v\u00e4h\u00e4n maskuliiniseksi.\" alt=\"Monika Lindeman ja Tommi Taurula l\u00e4hekk\u00e4in.\" loading=\"lazy\" \/>            <\/p>\n<p>\n            Pauliina kuvailee Lindan tyyli\u00e4 helpoksi, sporttiseksi ja v\u00e4h\u00e4n maskuliiniseksi.<br \/>\n            MTV\n        <\/p>\n<p class=\"article-content article-content-width !bg-background\">Monika kysyy Pauliinalta, mit\u00e4 h\u00e4nen ty\u00f6ns\u00e4 pit\u00e4\u00e4 sis\u00e4ll\u00e4\u00e4n.<\/p>\n<p class=\"article-content article-content-width !bg-background\">\u2013\u00a0Minulla on moninainen ty\u00f6nkuva, Pauliina vastaa.<\/p>\n<p class=\"article-content article-content-width !bg-background\">Aina uuden hahmon ilmestyess\u00e4 sarjaan on Pauliina se henkil\u00f6, joka vastaa heid\u00e4n tyylist\u00e4\u00e4n. H\u00e4n suunnittelee mink\u00e4lainen tyyli sopii kullekkin hahmolle.<\/p>\n<p class=\"article-content article-content-width !bg-background\">Suunnittelun lis\u00e4ksi h\u00e4nen tulee toteuttaa asut my\u00f6s k\u00e4yt\u00e4nn\u00f6ss\u00e4. Jos puvustamossa ei ole valmiiksi haluttua asua tai vaatetta Pauliinan teht\u00e4v\u00e4n\u00e4 on mietti\u00e4, mist\u00e4 sellaisen voisi hankkia.<\/p>\n<p>Tarkkaan harkittua<\/p>\n<p class=\"article-content article-content-width !bg-background\">Pauliina kertoo lukevansa k\u00e4sikirjoitukset l\u00e4pi hyviss\u00e4 ajoin.<\/p>\n<p class=\"article-content article-content-width !bg-background\">\u2013 Jos k\u00e4sikirjoituksessa sanotaan Lindan laittavan p\u00e4\u00e4h\u00e4ns\u00e4 hatun, alan heti suunnitella mink\u00e4lainen hattu on kyseess\u00e4. Jos hattua ei ole entuudestaan, hankin sellaisen.<\/p>\n<p>        <a itemprop=\"url\" href=\"https:\/\/www.seiska.fi\/katso\/salatut-elamat-juonipaljastukset-kristian-joutuu-sairaalaan\/2077885\" rel=\"nofollow noopener\" target=\"_blank\"><\/p>\n<p>\nSalatut el\u00e4m\u00e4t -juonipaljastukset:\n<\/p>\n<p class=\"section-date\">\n        <strong class=\"article-section\" data-section=\"katso\"><br \/>\n            katso<br \/>\n        <\/strong><br \/>\n        26.2. 05:15\n    <\/p>\n<p>Salatut el\u00e4m\u00e4t &#8211; juonipaljastukset: Kristian joutuu sairaalaan\n    <\/p>\n<p itemprop=\"description\" class=\"subtitle \">\n    Ensiviikon Salatut el\u00e4m\u00e4t -jaksoissa Kristian joutuu sairaalaan, Olli viett\u00e4\u00e4 y\u00f6ns\u00e4 erikoisessa paikassa sek\u00e4 Ismo ja Iisa p\u00e4\u00e4tyv\u00e4t l\u00e4heisiin tunnelmiin.\n<\/p>\n<p>        <\/a><\/p>\n<p class=\"article-content article-content-width !bg-background\">T\u00e4rke\u00e4\u00e4 on Pauliinan mukaan my\u00f6s mietti\u00e4 miss\u00e4 kohtaa hattu mahdollisesti n\u00e4ytet\u00e4\u00e4n ensimm\u00e4isen kerran.<\/p>\n<p class=\"article-content article-content-width !bg-background\">Monika kuvaa puvustushuonetta ja kertoo n\u00e4yttelij\u00f6iden k\u00e4yv\u00e4n siell\u00e4 sovituksissa, joissa katsotaan vaatteista oikeat koot.<\/p>\n<p class=\"article-content article-content-width !bg-background\"><a href=\"https:\/\/www.iltalehti.fi\/tv-ja-leffat\/a\/25c36fe7-a1db-414c-ad04-660e8297ef93\" target=\"_blank\" rel=\"nofollow noopener\">Iltalehden<\/a>\u00a0parin vuoden takaisessa artikkelissa Pauliina kertoo, ettei vaatteissa saa n\u00e4yk\u00e4 esimerkiksi logoja. Korkokeng\u00e4t j\u00e4\u00e4v\u00e4t hankkimatta, mik\u00e4li ne kopisevat.<\/p>\n<p class=\"article-content article-content-width !bg-background\">Salatut el\u00e4m\u00e4t ma-to MTV3:lla ja MTV Katsomossa, seuraavan viikon jaksot perjantaisin MTV Katsomo+ -tilauksella.<\/p>\n<p>        <a itemprop=\"url\" href=\"https:\/\/www.seiska.fi\/kotimaa\/tiia-elg-todellinen-syy-ttkn-jattamiseen\/2081705\" rel=\"nofollow noopener\" target=\"_blank\"><\/p>\n<p>\nTiia Elg avoimena:\n<\/p>\n<p class=\"section-date\">\n        <strong class=\"article-section\" data-section=\"kotimaa\"><br \/>\n            kotimaa<br \/>\n        <\/strong><br \/>\n        24.2. 07:00\n    <\/p>\n<p>Tiia Elg: Todellinen syy TTK:n j\u00e4tt\u00e4miseen!\n    <\/p>\n<p itemprop=\"description\" class=\"subtitle \">\n    Tiia paljastaa, miksi viihtyi TTK:ssa vain kahden kauden ajan.\n<\/p>\n<p>        <\/a><\/p>\n<p><script async src=\"\/\/www.instagram.com\/embed.js\"><\/script><\/p>\n","protected":false},"excerpt":{"rendered":"Salatut El\u00e4m\u00e4t 27 v pressitilaisuus 22.1.2026 Jani Korpela Salatut el\u00e4m\u00e4t -hahmojen tyylit ovat tarkkaan laadittuja. Salatut el\u00e4m\u00e4t -hahmoilla&hellip;\n","protected":false},"author":2,"featured_media":181476,"comment_status":"","ping_status":"","sticky":false,"template":"","format":"standard","meta":{"footnotes":"","_share_on_mastodon":"0"},"categories":[133],"tags":[137,33,31,30,29013,8507,905,29012,23338,209,4463,32,206,156,109],"class_list":["post-181475","post","type-post","status-publish","format-standard","has-post-thumbnail","category-televisiot","tag-entertainment","tag-fi","tag-finland","tag-finnish","tag-linda-eerikainen","tag-monika-lindeman","tag-mtv3","tag-pauliina-lindsberg","tag-pukusuunnittelu","tag-salatut-elamat","tag-salkkarit","tag-suomi","tag-televisiot","tag-tv","tag-viihde"],"share_on_mastodon":{"url":"https:\/\/pubeurope.com\/@fi\/116144100182401667","error":""},"_links":{"self":[{"href":"https:\/\/www.europesays.com\/fi\/wp-json\/wp\/v2\/posts\/181475","targetHints":{"allow":["GET"]}}],"collection":[{"href":"https:\/\/www.europesays.com\/fi\/wp-json\/wp\/v2\/posts"}],"about":[{"href":"https:\/\/www.europesays.com\/fi\/wp-json\/wp\/v2\/types\/post"}],"author":[{"embeddable":true,"href":"https:\/\/www.europesays.com\/fi\/wp-json\/wp\/v2\/users\/2"}],"replies":[{"embeddable":true,"href":"https:\/\/www.europesays.com\/fi\/wp-json\/wp\/v2\/comments?post=181475"}],"version-history":[{"count":0,"href":"https:\/\/www.europesays.com\/fi\/wp-json\/wp\/v2\/posts\/181475\/revisions"}],"wp:featuredmedia":[{"embeddable":true,"href":"https:\/\/www.europesays.com\/fi\/wp-json\/wp\/v2\/media\/181476"}],"wp:attachment":[{"href":"https:\/\/www.europesays.com\/fi\/wp-json\/wp\/v2\/media?parent=181475"}],"wp:term":[{"taxonomy":"category","embeddable":true,"href":"https:\/\/www.europesays.com\/fi\/wp-json\/wp\/v2\/categories?post=181475"},{"taxonomy":"post_tag","embeddable":true,"href":"https:\/\/www.europesays.com\/fi\/wp-json\/wp\/v2\/tags?post=181475"}],"curies":[{"name":"wp","href":"https:\/\/api.w.org\/{rel}","templated":true}]}}