{"id":181642,"date":"2026-02-27T23:34:13","date_gmt":"2026-02-27T23:34:13","guid":{"rendered":"https:\/\/www.europesays.com\/fi\/181642\/"},"modified":"2026-02-27T23:34:13","modified_gmt":"2026-02-27T23:34:13","slug":"aidiksi-tullut-jasmin-vahakangas-jarkyttyi-rikoksesta","status":"publish","type":"post","link":"https:\/\/www.europesays.com\/fi\/181642\/","title":{"rendered":"\u00c4idiksi tullut Jasmin V\u00e4h\u00e4kangas j\u00e4rkyttyi rikoksesta"},"content":{"rendered":"<p>            Markku Ruottinen\n        <\/p>\n<p class=\"subtitle \">Raaka rikos kotikulmilla sai Jasminin j\u00e4rkyttym\u00e4\u00e4n.<\/p>\n<p class=\"article-content article-content-width !bg-background\"> (o.s. ), 43, tuli \u00e4idiksi viime vuoden maaliskuussa. Lapsi on h\u00e4nen ja -puolison ainokainen.\u00a0<\/p>\n<p class=\"font-weight-bold m-font-weight-bold article-content article-content-width !bg-background\">Video: Jasmin V\u00e4h\u00e4kangas avautuu pelottavasta hetkest\u00e4 vauvansa kanssa:<\/p>\n<p class=\"article-content article-content-width !bg-background\">Raskaus tuli entiselle kohukaunottarelle yll\u00e4tyksen\u00e4. Jasmin eli vuosikaudet luulossa, ettei h\u00e4n voisi saada lapsia. Toisin kuitenkin k\u00e4vi, ja nyt pariskunta el\u00e4\u00e4 onnellisena lapsiperheen arkea Oulussa.<\/p>\n<p>        <a itemprop=\"url\" href=\"https:\/\/www.seiska.fi\/kotimaa\/rauhan-tervehdys-lehti-jasmin-vahakankaan-avoin-tilitys-perhearjesta\/2073782\" rel=\"nofollow noopener\" target=\"_blank\"><\/p>\n<p>\nRauhan Tervehdys -lehti:\n<\/p>\n<p class=\"section-date\">\n        <strong class=\"article-section\" data-section=\"kotimaa\"><br \/>\n            kotimaa<br \/>\n        <\/strong><br \/>\n        19.2. 20:00\n    <\/p>\n<p>Rauhan Tervehdys -lehti: Jasmin V\u00e4h\u00e4kankaan avoin tilitys perhearjesta\n    <\/p>\n<p itemprop=\"description\" class=\"subtitle \">\n    Jasmin V\u00e4h\u00e4kangas kertoo avoimesti v\u00e4symyksest\u00e4\u00e4n\n<\/p>\n<p>        <\/a><\/p>\n<p>\u00c4itiydell\u00e4 yll\u00e4tt\u00e4v\u00e4 vaikutus<\/p>\n<p class=\"article-content article-content-width !bg-background\">H\u00e4mmennyksen aiheet eiv\u00e4t kuitenkaan p\u00e4\u00e4ttyneet yll\u00e4tt\u00e4v\u00e4\u00e4n siki\u00e4miseen. Jasmin on havainnut itsess\u00e4\u00e4n monia muutoksia -poikansa syntym\u00e4n j\u00e4lkeen. H\u00e4n paljastaa somejulkaisussaan (25.2.) esimerkiksi herkistyneens\u00e4 huomattavasti.\u00a0<\/p>\n<p>                <img decoding=\"async\" src=\"https:\/\/www.europesays.com\/fi\/wp-content\/uploads\/2026\/02\/2087507.webp.jpeg\" width=\"576\" height=\"720\" alt=\"L\u00e4\u00e4k\u00e4rit olivat sanoneet, ettei Jasmin voisi saada lapsia. Nyt h\u00e4n on pienen pojan onnellinen \u00e4iti.\" loading=\"lazy\" \/>            <\/p>\n<p>\n            L\u00e4\u00e4k\u00e4rit olivat sanoneet, ettei Jasmin voisi saada lapsia. Nyt h\u00e4n on pienen pojan onnellinen \u00e4iti.<br \/>\n            Markku Ruottinen\n        <\/p>\n<p class=\"article-content article-content-width !bg-background\">\u2013\u00a0Tied\u00e4n, ett\u00e4 herkkyys ei miss\u00e4\u00e4n nimess\u00e4 ole heikkoutta, mutta en ole tottunut siihen, Jasmin kirjoittaa.\u00a0<\/p>\n<p>V\u00e4kivaltarikos j\u00e4rkytti<\/p>\n<p class=\"article-content article-content-width !bg-background\">Ex-malli kokee, ett\u00e4 esimerkiksi uutiset vaikuttavat h\u00e4neen aiempaa enemm\u00e4n. Ik\u00e4v\u00e4t asiat menev\u00e4t ihon alle pitk\u00e4lti siksi, ett\u00e4 Jasminilla itsell\u00e4\u00e4n on nyky\u00e4\u00e4n j\u00e4lkikasvua.<\/p>\n<p class=\"article-content article-content-width !bg-background\">\u2013\u00a0Oon ollut aivan j\u00e4rkyttynyt uutisoinnista koskien t\u00e4t\u00e4 oululaista \u201dmiest\u00e4\u201d, joka oli yritt\u00e4nyt tappaa pienen vauvansa paiskaamalla h\u00e4net betonilattialle. Sit\u00e4, mit\u00e4 tuon vauvan \u00e4iti on tuntenut siin\u00e4 tilanteessa tai mit\u00e4 h\u00e4n tulee varmasti aina tuntemaan, ei halua kokonaan edes tiet\u00e4\u00e4, Jasmin kertoo.\u00a0<\/p>\n<p>        <a itemprop=\"url\" href=\"https:\/\/www.seiska.fi\/kotimaa\/jasmin-vahakankaalta-erikoinen-vaite-kohutaustastaan\/1939244\" rel=\"nofollow noopener\" target=\"_blank\"><\/p>\n<p>\nJasmin V\u00e4h\u00e4kangas\n<\/p>\n<p class=\"section-date\">\n        <strong class=\"article-section\" data-section=\"kotimaa\"><br \/>\n            kotimaa<br \/>\n        <\/strong><br \/>\n        23.9.2025 13:26\n    <\/p>\n<p>Jasmin V\u00e4h\u00e4kankaalta erikoinen v\u00e4ite kohutaustastaan\n    <\/p>\n<p itemprop=\"description\" class=\"subtitle \">\n    Jasmin el\u00e4\u00e4 nykyisin lapsiperhearkea Marko-miehens\u00e4 kanssa.\n<\/p>\n<p>        <\/a><\/p>\n<p class=\"article-content article-content-width !bg-background\">\u2013 T\u00e4llaiset asiat ovat mulle nyky\u00e4\u00e4n sellaisia, etten yksinkertaisesti pysty ajattelemaan niit\u00e4 liikaa.<\/p>\n<p>Kuvitteellinen manipulointi ahdistaa<\/p>\n<p class=\"article-content article-content-width !bg-background\">Jasminin herkkyys virittyy my\u00f6s muista kuin tosiel\u00e4m\u00e4n tapahtumista.\u00a0<\/p>\n<p>                <img decoding=\"async\" src=\"https:\/\/www.europesays.com\/fi\/wp-content\/uploads\/2026\/02\/2087522.webp.jpeg\" width=\"576\" height=\"764\" alt=\"Jasmin ja Marko avioituivat vuonna 20236.\" loading=\"lazy\" \/>            <\/p>\n<p>\n            Jasmin ja Marko avioituivat vuonna 20236.<br \/>\n            Markku Ruottinen\n        <\/p>\n<p class=\"article-content article-content-width !bg-background\">H\u00e4n on katsellut televisiosta alkuvuodesta alkanutta L\/over-sarjaa, joka kertoo etenkin henkisest\u00e4 l\u00e4hisuhdev\u00e4kivallasta. Raaka fiktio on kuitenkin osoittautunut ajoittain liian raskaaksi viihteeksi.\u00a0<\/p>\n<p>        <a itemprop=\"url\" href=\"https:\/\/www.seiska.fi\/vain-seiskassa\/jasmin-vahakankaan-kauhunhetket-vauva-lakkasi-hengittamasta\/1974126\" rel=\"nofollow noopener\" target=\"_blank\"><\/p>\n<p>\nVauva lakkasi hengitt\u00e4m\u00e4st\u00e4\n<\/p>\n<p class=\"section-date\">\n        <strong class=\"article-section\" data-section=\"vain seiskassa\"><br \/>\n            vain seiskassa<br \/>\n        <\/strong><br \/>\n        30.10.2025 05:00\n    <\/p>\n<p>Jasmin V\u00e4h\u00e4kankaan kauhunhetket: Vauva lakkasi hengitt\u00e4m\u00e4st\u00e4\n    <\/p>\n<p itemprop=\"description\" class=\"subtitle \">\n    Jasmin V\u00e4h\u00e4kangas huomasi heti vauvansa katseesta, ettei kaikki ollut kunnossa. Pian pienokainen lakkasi hengitt\u00e4m\u00e4st\u00e4.\n<\/p>\n<p>        <\/a><\/p>\n<p class=\"article-content article-content-width !bg-background\">\u2013 Ennen tuollainen ei olisi tuntunut miss\u00e4\u00e4n, Jasmin toteaa ja jatkaa:<\/p>\n<p class=\"article-content article-content-width !bg-background\">\u2013\u00a0Niin kyll\u00e4 t\u00e4\u00e4 herkkyys on yll\u00e4tt\u00e4nyt mut ihan t\u00e4ysin, kun ennen oon siet\u00e4nyt lukea ja katsoa mit\u00e4 tahansa.\u00a0<\/p>\n<p class=\"italic m-italic article-content article-content-width !bg-background\">Jos upotus ei toimi, <a href=\"https:\/\/www.instagram.com\/p\/DVL8lUmiNV9\/\" target=\"_blank\" rel=\"nofollow noopener\">voit katsoa julkaisun t\u00e4\u00e4lt\u00e4<\/a>.<\/p>\n<p><script async src=\"\/\/www.instagram.com\/embed.js\"><\/script><\/p>\n","protected":false},"excerpt":{"rendered":"Markku Ruottinen Raaka rikos kotikulmilla sai Jasminin j\u00e4rkyttym\u00e4\u00e4n. (o.s. ), 43, tuli \u00e4idiksi viime vuoden maaliskuussa. Lapsi on&hellip;\n","protected":false},"author":2,"featured_media":181643,"comment_status":"","ping_status":"","sticky":false,"template":"","format":"standard","meta":{"footnotes":"","_share_on_mastodon":"0"},"categories":[136],"tags":[2454,407,137,33,31,30,14568,11299,408,1127,212,11298,16260,952,98,32,17994,29023,109],"class_list":["post-181642","post","type-post","status-publish","format-standard","has-post-thumbnail","category-julkkikset","tag-aitiys","tag-celebrities","tag-entertainment","tag-fi","tag-finland","tag-finnish","tag-herkkyys","tag-jasmin-vahakangas","tag-julkkikset","tag-lapsi","tag-lifestyle","tag-marko-vahakangas","tag-ossian","tag-oulu","tag-perhe","tag-suomi","tag-uutinen","tag-vakivaltarikos","tag-viihde"],"share_on_mastodon":{"url":"https:\/\/pubeurope.com\/@fi\/116145216824775634","error":""},"_links":{"self":[{"href":"https:\/\/www.europesays.com\/fi\/wp-json\/wp\/v2\/posts\/181642","targetHints":{"allow":["GET"]}}],"collection":[{"href":"https:\/\/www.europesays.com\/fi\/wp-json\/wp\/v2\/posts"}],"about":[{"href":"https:\/\/www.europesays.com\/fi\/wp-json\/wp\/v2\/types\/post"}],"author":[{"embeddable":true,"href":"https:\/\/www.europesays.com\/fi\/wp-json\/wp\/v2\/users\/2"}],"replies":[{"embeddable":true,"href":"https:\/\/www.europesays.com\/fi\/wp-json\/wp\/v2\/comments?post=181642"}],"version-history":[{"count":0,"href":"https:\/\/www.europesays.com\/fi\/wp-json\/wp\/v2\/posts\/181642\/revisions"}],"wp:featuredmedia":[{"embeddable":true,"href":"https:\/\/www.europesays.com\/fi\/wp-json\/wp\/v2\/media\/181643"}],"wp:attachment":[{"href":"https:\/\/www.europesays.com\/fi\/wp-json\/wp\/v2\/media?parent=181642"}],"wp:term":[{"taxonomy":"category","embeddable":true,"href":"https:\/\/www.europesays.com\/fi\/wp-json\/wp\/v2\/categories?post=181642"},{"taxonomy":"post_tag","embeddable":true,"href":"https:\/\/www.europesays.com\/fi\/wp-json\/wp\/v2\/tags?post=181642"}],"curies":[{"name":"wp","href":"https:\/\/api.w.org\/{rel}","templated":true}]}}