{"id":18175,"date":"2025-08-27T22:08:07","date_gmt":"2025-08-27T22:08:07","guid":{"rendered":"https:\/\/www.europesays.com\/fi\/18175\/"},"modified":"2025-08-27T22:08:07","modified_gmt":"2025-08-27T22:08:07","slug":"arvio-valkea-yhtyeen-vedenjakaja-on-vahva-kokonaisuus-joka-vangitsee-taysilla-otteeseensa","status":"publish","type":"post","link":"https:\/\/www.europesays.com\/fi\/18175\/","title":{"rendered":"Arvio: Valkea-yhtyeen Vedenjakaja on vahva kokonaisuus, joka vangitsee t\u00e4ysill\u00e4 otteeseensa"},"content":{"rendered":"<p>Sanotaan t\u00e4m\u00e4 heti k\u00e4rkeen: jos maailmassa on en\u00e4\u00e4 yht\u00e4\u00e4n oikeudenmukaisuutta, oululainen Valkea tulee tavoittamaan paljon ihmisi\u00e4, joiden syd\u00e4n sykkii suomilyriikalle, popille, iskelm\u00e4lle ja\/tai syv\u00e4llisemm\u00e4lle vaihtoehtorockille.<\/p>\n<p>Valkean p\u00e4\u00e4llimm\u00e4isin kerros muodostuu lumoavan iskevist\u00e4 melo\u00addioista sek\u00e4 laulajakaksikko Tatu Palon ja Laura Hiltusen t\u00e4ydellisesti yhteen soivista \u00e4\u00e4nist\u00e4. S\u00e4vellyksiss\u00e4 on suomalaisen iskelm\u00e4llisyyden kuulautta, mutta ainoastaan hedelm\u00e4llisell\u00e4 tavalla. Kappaleet ovat kiehtovia jo melodioiden ja lyriikoiden ansiosta.<\/p>\n<p>Yhtyeen sisemmist\u00e4 kerroksista l\u00f6ytyy monis\u00e4vyisyytt\u00e4 vaihtoeh\u00adto- ja jopa post-rockia my\u00f6ten. Tunnelmat kouraisevat todella syv\u00e4lt\u00e4 lempe\u00e4n oloisen albumin paljastaessa yh\u00e4 synkempi\u00e4 puoliaan. Monis\u00adsa kappaleissa kitarat, koskettimet ja koneet saavat leijailemaan kauas maanpinnalta.<\/p>\n<p>Pian huomaa, ett\u00e4 Vedenjakaja on todella vahva albumikokonaisuus. Silt\u00e4 irrotetut singlet Melkein, Pallosalamavideot ja Tottunut veteen ovat t\u00e4ysin valmista hittimateriaalia, mutta koko albumista muodostuu valtoimenaan virtaava, t\u00e4ysill\u00e4 otteeseensa vangitseva tarina tulvillaan k\u00e4\u00e4nteit\u00e4.<\/p>\n","protected":false},"excerpt":{"rendered":"Sanotaan t\u00e4m\u00e4 heti k\u00e4rkeen: jos maailmassa on en\u00e4\u00e4 yht\u00e4\u00e4n oikeudenmukaisuutta, oululainen Valkea tulee tavoittamaan paljon ihmisi\u00e4, joiden syd\u00e4n&hellip;\n","protected":false},"author":2,"featured_media":18176,"comment_status":"","ping_status":"","sticky":false,"template":"","format":"standard","meta":{"footnotes":""},"categories":[132],"tags":[137,33,31,30,195,47,32,109],"class_list":{"0":"post-18175","1":"post","2":"type-post","3":"status-publish","4":"format-standard","5":"has-post-thumbnail","7":"category-musiikki","8":"tag-entertainment","9":"tag-fi","10":"tag-finland","11":"tag-finnish","12":"tag-music","13":"tag-musiikki","14":"tag-suomi","15":"tag-viihde"},"share_on_mastodon":{"url":"","error":""},"_links":{"self":[{"href":"https:\/\/www.europesays.com\/fi\/wp-json\/wp\/v2\/posts\/18175","targetHints":{"allow":["GET"]}}],"collection":[{"href":"https:\/\/www.europesays.com\/fi\/wp-json\/wp\/v2\/posts"}],"about":[{"href":"https:\/\/www.europesays.com\/fi\/wp-json\/wp\/v2\/types\/post"}],"author":[{"embeddable":true,"href":"https:\/\/www.europesays.com\/fi\/wp-json\/wp\/v2\/users\/2"}],"replies":[{"embeddable":true,"href":"https:\/\/www.europesays.com\/fi\/wp-json\/wp\/v2\/comments?post=18175"}],"version-history":[{"count":0,"href":"https:\/\/www.europesays.com\/fi\/wp-json\/wp\/v2\/posts\/18175\/revisions"}],"wp:featuredmedia":[{"embeddable":true,"href":"https:\/\/www.europesays.com\/fi\/wp-json\/wp\/v2\/media\/18176"}],"wp:attachment":[{"href":"https:\/\/www.europesays.com\/fi\/wp-json\/wp\/v2\/media?parent=18175"}],"wp:term":[{"taxonomy":"category","embeddable":true,"href":"https:\/\/www.europesays.com\/fi\/wp-json\/wp\/v2\/categories?post=18175"},{"taxonomy":"post_tag","embeddable":true,"href":"https:\/\/www.europesays.com\/fi\/wp-json\/wp\/v2\/tags?post=18175"}],"curies":[{"name":"wp","href":"https:\/\/api.w.org\/{rel}","templated":true}]}}