{"id":18179,"date":"2025-08-27T22:12:07","date_gmt":"2025-08-27T22:12:07","guid":{"rendered":"https:\/\/www.europesays.com\/fi\/18179\/"},"modified":"2025-08-27T22:12:07","modified_gmt":"2025-08-27T22:12:07","slug":"harry-potter-ohjaaja-kritisoi-tulevaa-sarjaa-nahtyaan-siita-kuvia-mika-jarki-siina-on","status":"publish","type":"post","link":"https:\/\/www.europesays.com\/fi\/18179\/","title":{"rendered":"Harry Potter -ohjaaja kritisoi tulevaa sarjaa n\u00e4hty\u00e4\u00e4n siit\u00e4 kuvia: &#8221;Mik\u00e4 j\u00e4rki siin\u00e4 on&#8221;"},"content":{"rendered":"<p><a href=\"https:\/\/variety.com\/2025\/film\/news\/harry-potter-director-criticizes-nick-frost-hagrid-photos-1236499627\/?fbclid=IwY2xjawMcAzVleHRuA2FlbQIxMQBicmlkETBvRnNXUmRTYldWSWZEY1FqAR54WzK9oVLEk0fD8RMNrX1fKZzo6UYNcfGPJn9LPDBRjoMjWkmDHYWqlnMmyA_aem_-vVVrCA9BjEJxb9oLKO-RA\" rel=\"nofollow noopener\" target=\"_blank\">Variety<\/a> uutisoi Harry Potter -elokuvien ohjaaja <strong>Chris Columbuksen<\/strong> haastattelusta, jossa ohjaaja kritisoi uuden HBO-sarjan valintaa.<\/p>\n<p>\u201dN\u00e4in ne valokuvat\u2026 <strong>Nick Frostilla<\/strong> on yll\u00e4\u00e4n t\u00e4ysin samanlainen puku, mink\u00e4 me suunnittelimme Hagridille. Osa minusta ajatteli, ett\u00e4 mik\u00e4 j\u00e4rki siin\u00e4 on. Ajattelin, ett\u00e4 roolivaatteet ja kaikki tulee olemaan erilaista, mutta se on enimm\u00e4kseen samanlaista. Se tulee olemaan samanlainen\u201d, kahden ensimm\u00e4isen elokuvan ohjannut Columbus sanoo.<\/p>\n<p>\u201dSe on hyvin imartelevaa minulle, koska se on t\u00e4ysin sama Hagrid-asu, jonka me suunnittelimme. Osa minusta on todella innoissaan t\u00e4st\u00e4, odotan mit\u00e4 he tekev\u00e4t teoksen kanssa. Osa minusta kokee kuitenkin deja vun.\u201d<\/p>\n<p><a href=\"https:\/\/www.episodi.fi\/uutiset\/harry-potter-ohjaaja-jk-rowlingista-erottakaa-taide-taiteilijasta\/\" rel=\"nofollow noopener\" target=\"_blank\">Lue my\u00f6s: Harry Potter -ohjaaja JK Rowlingista: \u201dErottakaa taide taiteilijasta\u201d<\/a><\/p>\n<p>Lue my\u00f6s: <a href=\"https:\/\/www.episodi.fi\/uutiskirje\/?uutiskirjemainos=tekstilinkkimainos\" title=\"Tilaa Episodin uutiskirje ja voit voittaa leffalippuja! Nappaa tv-vinkit suoraan s\u00e4hk\u00f6postiin t\u00e4st\u00e4.\" class=\"underline-custom !font-montserrat !font-bold !underline-offset-4 !decoration-4 !decoration-episodi-blue !text-md\" rel=\"nofollow noopener\" target=\"_blank\">Tilaa Episodin uutiskirje ja voit voittaa leffalippuja! Nappaa katseluvinkit suoraan s\u00e4hk\u00f6postiin t\u00e4st\u00e4.<\/a><\/p>\n<p>\t\t\tAiheeseen liittyvi\u00e4 elokuvia<\/p>\n","protected":false},"excerpt":{"rendered":"Variety uutisoi Harry Potter -elokuvien ohjaaja Chris Columbuksen haastattelusta, jossa ohjaaja kritisoi uuden HBO-sarjan valintaa. \u201dN\u00e4in ne valokuvat\u2026&hellip;\n","protected":false},"author":2,"featured_media":18180,"comment_status":"","ping_status":"","sticky":false,"template":"","format":"standard","meta":{"footnotes":""},"categories":[130],"tags":[6024,137,33,31,30,4207,6302,32,109],"class_list":{"0":"post-18179","1":"post","2":"type-post","3":"status-publish","4":"format-standard","5":"has-post-thumbnail","7":"category-viihde","8":"tag-chris-columbus","9":"tag-entertainment","10":"tag-fi","11":"tag-finland","12":"tag-finnish","13":"tag-harry-potter","14":"tag-ignostot","15":"tag-suomi","16":"tag-viihde"},"share_on_mastodon":{"url":"","error":""},"_links":{"self":[{"href":"https:\/\/www.europesays.com\/fi\/wp-json\/wp\/v2\/posts\/18179","targetHints":{"allow":["GET"]}}],"collection":[{"href":"https:\/\/www.europesays.com\/fi\/wp-json\/wp\/v2\/posts"}],"about":[{"href":"https:\/\/www.europesays.com\/fi\/wp-json\/wp\/v2\/types\/post"}],"author":[{"embeddable":true,"href":"https:\/\/www.europesays.com\/fi\/wp-json\/wp\/v2\/users\/2"}],"replies":[{"embeddable":true,"href":"https:\/\/www.europesays.com\/fi\/wp-json\/wp\/v2\/comments?post=18179"}],"version-history":[{"count":0,"href":"https:\/\/www.europesays.com\/fi\/wp-json\/wp\/v2\/posts\/18179\/revisions"}],"wp:featuredmedia":[{"embeddable":true,"href":"https:\/\/www.europesays.com\/fi\/wp-json\/wp\/v2\/media\/18180"}],"wp:attachment":[{"href":"https:\/\/www.europesays.com\/fi\/wp-json\/wp\/v2\/media?parent=18179"}],"wp:term":[{"taxonomy":"category","embeddable":true,"href":"https:\/\/www.europesays.com\/fi\/wp-json\/wp\/v2\/categories?post=18179"},{"taxonomy":"post_tag","embeddable":true,"href":"https:\/\/www.europesays.com\/fi\/wp-json\/wp\/v2\/tags?post=18179"}],"curies":[{"name":"wp","href":"https:\/\/api.w.org\/{rel}","templated":true}]}}