{"id":18272,"date":"2025-08-28T00:54:09","date_gmt":"2025-08-28T00:54:09","guid":{"rendered":"https:\/\/www.europesays.com\/fi\/18272\/"},"modified":"2025-08-28T00:54:09","modified_gmt":"2025-08-28T00:54:09","slug":"susijengin-peli-ja-tietyomaat-ruuhkauttivat-liikenteen-tampereella-uutisia-lyhyesti","status":"publish","type":"post","link":"https:\/\/www.europesays.com\/fi\/18272\/","title":{"rendered":"Susijengin peli ja tiety\u00f6maat ruuhkauttivat liikenteen Tampereella | Uutisia lyhyesti"},"content":{"rendered":"<p class=\"sc-jYczwO sc-dNFkOE bUKqJd eiHPxO yle__article__paragraph\">Tieliikenne\u00adkeskuksesta kerrotaan, ett\u00e4 jonoutumista on ollut keskiviikkona etenkin tiety\u00f6maiden kohdalla.<\/p>\n<p><img decoding=\"async\" alt=\"Busseja jonossa Tampereella.\" src=\"https:\/\/www.europesays.com\/fi\/wp-content\/uploads\/2025\/08\/39-151344568af3d91c5c47.jpeg\" class=\"sc-dntSTA iywpZY\"\/><\/p>\n<p>Avaa kuvien katselu<\/p>\n<p>Liikenneruuhkaa Hatanp\u00e4\u00e4n valtatiell\u00e4 Tampereella t\u00e4n\u00e4\u00e4n 27. 8.2025. Kuva: Tuomas Savonen \/ Lehtikuva<\/p>\n<p class=\"sc-jYczwO sc-ciCoXh bUKqJd cIOueB yle__article__paragraph\">Tampereen keskustan liikenne ruuhkautui selv\u00e4sti tavanomaista arkip\u00e4iv\u00e4n iltaa enemm\u00e4n keskiviikkona, kerrottiin Fintrafficin Tampereen tieliikennekeskuksesta.<\/p>\n<p class=\"sc-jYczwO sc-ciCoXh bUKqJd cIOueB yle__article__paragraph\">Ruuhkan aiheutti tieliikennekeskuksen arvion mukaan kaksi eri syyt\u00e4. <a class=\"sc-jDJeIs gotUgl yle__article__link\" href=\"https:\/\/yle.fi\/a\/74-20179716\" role=\"link\" rel=\"nofollow noopener\" target=\"_blank\">Koripallon miesten EM-kisat<\/a> k\u00e4ynnistyiv\u00e4t Tampereella keskiviikkona, mik\u00e4 on tuonut tieliikennekeskuksen mukaan kaupunkiin runsaasti urheiluyleis\u00f6\u00e4.<\/p>\n<p class=\"sc-jYczwO sc-ciCoXh bUKqJd cIOueB yle__article__paragraph\">Lis\u00e4ksi Tampereen keskustassa on nyt lukuisia tiety\u00f6maita. Liikenne etenkin tiety\u00f6maiden kohdalla on jonoutunut keskiviikkona selv\u00e4sti enemm\u00e4n kuin edelt\u00e4nein\u00e4 p\u00e4ivin\u00e4, tieliikennekeskuksesta kerrottiin STT:lle.<\/p>\n<p class=\"sc-jYczwO sc-ciCoXh bUKqJd cIOueB yle__article__paragraph\">Ilta-Sanomien mukaan Tamperetta ruuhkautti osaltaan iltap\u00e4iv\u00e4n lopulla <a class=\"sc-jDJeIs gotUgl yle__article__link\" href=\"https:\/\/www.is.fi\/tampereen-seutu\/art-2000011455532.html\" role=\"link\" rel=\"nofollow noopener\" target=\"_blank\">poliisioperaatio<\/a>. Poliisi pys\u00e4ytti ydinkeskustassa raitiovaunun saatuaan h\u00e4t\u00e4numeroon soiton sivulliselta, joka oli n\u00e4hnyt uhkaavasti pukeutuneen porukan. Lopulta ilmeni, ett\u00e4 ryhm\u00e4ll\u00e4 oli naamiaisasut.<\/p>\n","protected":false},"excerpt":{"rendered":"Tieliikenne\u00adkeskuksesta kerrotaan, ett\u00e4 jonoutumista on ollut keskiviikkona etenkin tiety\u00f6maiden kohdalla. Avaa kuvien katselu Liikenneruuhkaa Hatanp\u00e4\u00e4n valtatiell\u00e4 Tampereella t\u00e4n\u00e4\u00e4n&hellip;\n","protected":false},"author":2,"featured_media":18273,"comment_status":"","ping_status":"","sticky":false,"template":"","format":"standard","meta":{"footnotes":""},"categories":[5],"tags":[22,23,26,27,33,31,30,17,24,25,1161,28,29,15,18,21,32,551,19,20,16],"class_list":{"0":"post-18272","1":"post","2":"type-post","3":"status-publish","4":"format-standard","5":"has-post-thumbnail","7":"category-otsikot","8":"tag-breaking-news","9":"tag-breakingnews","10":"tag-featured-news","11":"tag-featurednews","12":"tag-fi","13":"tag-finland","14":"tag-finnish","15":"tag-headlines","16":"tag-latest-news","17":"tag-latestnews","18":"tag-liikenne","19":"tag-main-news","20":"tag-mainnews","21":"tag-news","22":"tag-otsikot","23":"tag-paauutiset","24":"tag-suomi","25":"tag-tampere","26":"tag-top-stories","27":"tag-topstories","28":"tag-uutiset"},"share_on_mastodon":{"url":"","error":""},"_links":{"self":[{"href":"https:\/\/www.europesays.com\/fi\/wp-json\/wp\/v2\/posts\/18272","targetHints":{"allow":["GET"]}}],"collection":[{"href":"https:\/\/www.europesays.com\/fi\/wp-json\/wp\/v2\/posts"}],"about":[{"href":"https:\/\/www.europesays.com\/fi\/wp-json\/wp\/v2\/types\/post"}],"author":[{"embeddable":true,"href":"https:\/\/www.europesays.com\/fi\/wp-json\/wp\/v2\/users\/2"}],"replies":[{"embeddable":true,"href":"https:\/\/www.europesays.com\/fi\/wp-json\/wp\/v2\/comments?post=18272"}],"version-history":[{"count":0,"href":"https:\/\/www.europesays.com\/fi\/wp-json\/wp\/v2\/posts\/18272\/revisions"}],"wp:featuredmedia":[{"embeddable":true,"href":"https:\/\/www.europesays.com\/fi\/wp-json\/wp\/v2\/media\/18273"}],"wp:attachment":[{"href":"https:\/\/www.europesays.com\/fi\/wp-json\/wp\/v2\/media?parent=18272"}],"wp:term":[{"taxonomy":"category","embeddable":true,"href":"https:\/\/www.europesays.com\/fi\/wp-json\/wp\/v2\/categories?post=18272"},{"taxonomy":"post_tag","embeddable":true,"href":"https:\/\/www.europesays.com\/fi\/wp-json\/wp\/v2\/tags?post=18272"}],"curies":[{"name":"wp","href":"https:\/\/api.w.org\/{rel}","templated":true}]}}