{"id":18284,"date":"2025-08-28T01:19:07","date_gmt":"2025-08-28T01:19:07","guid":{"rendered":"https:\/\/www.europesays.com\/fi\/18284\/"},"modified":"2025-08-28T01:19:07","modified_gmt":"2025-08-28T01:19:07","slug":"purra-noin-miljardin-euron-saastokokonaisuudesta-alustava-sopu-mukana-kehitysapu-ja-kotoutumiskorvaukset-uutissuomalainen","status":"publish","type":"post","link":"https:\/\/www.europesays.com\/fi\/18284\/","title":{"rendered":"Purra: Noin miljardin euron s\u00e4\u00e4st\u00f6kokonaisuudesta alustava sopu \u2013 mukana kehitysapu ja kotoutumiskorvaukset | Uutissuomalainen"},"content":{"rendered":"<p>Perussuomalaisten puheenjohtaja, valtiovarainministeri Riikka Purra sanoo, ett\u00e4 noin miljardin euron s\u00e4\u00e4st\u00f6kokonaisuudesta on alustava sopu. Purran mukaan niin sanottu s\u00e4\u00e4st\u00f6ryhm\u00e4 sai kokonaisuuden valmiiksi viime perjantaina.<\/p>\n<p>Purran mukaan s\u00e4\u00e4st\u00f6kokonaisuudessa on useita kohtia h\u00e4nen omasta ehdotuksestaan, kuten kehitysapuun ja kotoutumiskorvaukseen teht\u00e4v\u00e4t leikkaukset.<\/p>\n<p>\u2013\u2009Vaikka se on alustavasti kuitattu ja me (perussuomalaiset) voimme hyv\u00e4ksy\u00e4 kaikki ne toimet, kaikki puolueet eiv\u00e4t ole sit\u00e4 kuitanneet, Purra sanoi STT:lle Oulussa eduskuntaryhm\u00e4n kes\u00e4kokouksen yhteydess\u00e4.<\/p>\n<p>Purran mukaan k\u00e4yt\u00e4nn\u00f6ss\u00e4 kaikki on auki ennen kuin kaikesta on sovittu.<\/p>\n<p>Purra antoi valtiovarainministerin\u00e4 elokuun alussa budjettiehdotuksen, joka sis\u00e4lsi noin miljardin euron edest\u00e4 menoleikkauksia. Purran s\u00e4\u00e4st\u00f6ehdotusten listalla oli leikkauksia muun muassa kehitysapuun. Kunnille ja hyvinvointialueille maksettavia kotoutumiskorvauksia h\u00e4n ehdotti my\u00f6s lakkautettavaksi.<\/p>\n<p>Hallituskumppanit tyrm\u00e4siv\u00e4t monet Purran ehdottamat leikkauskohteet sek\u00e4 kritisoivat valtiovarainministerin irtiottoa. P\u00e4\u00e4ministeri Petteri Orpo (kok.) asetti hallituspuolueiden edustajista koostuvan neuvotteluty\u00f6ryhm\u00e4n, niin sanotun s\u00e4\u00e4st\u00f6ryhm\u00e4n, joka etsi julkista taloutta vahvistavia toimia osana hallituksen budjettivalmistelua.<\/p>\n<p>Neuvottelut hallituspuolueiden kesken jatkuvat Purran mukaan torstaina. Niiss\u00e4 on pidetty h\u00e4nen mukaansa taukoa kes\u00e4kokousten takia. Varsinainen hallituksen budjettiriihi, jossa budjettiesityksen sis\u00e4ll\u00f6st\u00e4 p\u00e4\u00e4tet\u00e4\u00e4n, k\u00e4yd\u00e4\u00e4n ensi viikon alussa.<\/p>\n<p>\t\t\t\tYritystukia ty\u00f6stet\u00e4\u00e4n<\/p>\n<p>Esimerkiksi Purran ehdotus kiinti\u00f6pakolaisten vastaanoton lopettamisesta on tyrm\u00e4tty muissa hallituspuolueissa. Kysymykseen siit\u00e4, ovatko perussuomalaiset valmiita hyv\u00e4ksym\u00e4\u00e4n, ett\u00e4 t\u00e4m\u00e4 ehdotus ei mene l\u00e4pi, h\u00e4n totesi, ett\u00e4 &#8221;hallituksessa joutuu tekem\u00e4\u00e4n kompromisseja&#8221;.<\/p>\n<p>\u2013\u2009Tottakai meid\u00e4n n\u00e4k\u00f6kulmamme on, ett\u00e4 tilanne, jossa meill\u00e4 on kymmeni\u00e4tuhansia ukrainalaisia tilap\u00e4isen suojelun saajia, meid\u00e4n pit\u00e4isi yksinomaan keskitty\u00e4 siihen, h\u00e4n sanoi STT:lle.<\/p>\n<p>Purran mukaan esimerkiksi TKI-tavoite (tutkimus-, kehitys- ja innovaatiotoiminta) ja yritystuet ovat niin isoja neuvoteltavia kokonaisuuksia, ett\u00e4 niit\u00e4 viel\u00e4 ty\u00f6stet\u00e4\u00e4n. Valtiovarainministeri ehdotti osana omaa s\u00e4\u00e4st\u00f6listaansa, ett\u00e4 Suomen TKI-tavoitteen toteutumista viiv\u00e4stytett\u00e4isiin ja leikattaisiin merenkulun miehist\u00f6tukea.<\/p>\n<p>Purra ei avannut t\u00e4t\u00e4 yksityiskohtaisemmin keskiviikkona, millaisista sopeutustoimista s\u00e4\u00e4st\u00f6ryhm\u00e4ss\u00e4 p\u00e4\u00e4stiin sopuun.<\/p>\n<p>\u2013\u2009Luonnollisestikaan sielt\u00e4 listalta ei varmasti l\u00f6ydy niit\u00e4, joista hallituspuolueet ovat julkisuudessa jo kertoneet, etteiv\u00e4t ne miss\u00e4\u00e4n nimess\u00e4 k\u00e4y, h\u00e4n sanoi.<\/p>\n<p>\t\t\t\tPurra ehdotti vain menoleikkauksia<\/p>\n<p>Purran l\u00e4ht\u00f6kohtana h\u00e4nen s\u00e4\u00e4st\u00f6ehdotuksessaan oli, ett\u00e4 leikkaukset kohdistuisivat p\u00e4\u00e4asiassa toissijaisiin menoihin. Lis\u00e4ksi h\u00e4n ehdotti vain suoria menoleikkauksia eik\u00e4 halunnut, ett\u00e4 ty\u00f6h\u00f6n ja yritt\u00e4miseen kohdistuvia veronkiristyksi\u00e4 tehd\u00e4\u00e4n.<\/p>\n<p>\u2013\u2009T\u00e4ss\u00e4 kokonaisuudessa, josta on alustavasti sovittu, on kaikenlaisia toimia.<\/p>\n<p>Onko siell\u00e4 siis my\u00f6s veronkiristyksi\u00e4 mukana?<\/p>\n<p>\u2013\u2009En mene yksityiskohtiin.<\/p>\n<p>Iltalehti <a href=\"https:\/\/www.iltalehti.fi\/politiikka\/a\/99e0406e-b042-45a7-a475-881884c054d3\" rel=\"nofollow noopener\" target=\"_blank\">uutisoi<\/a> keskiviikkona, ett\u00e4 hallitus ehdottaa my\u00f6s valtion el\u00e4kerahastolle entist\u00e4 suurempaa riskinottomahdollisuutta.<\/p>\n<p>\u2013\u2009En vahvista mit\u00e4\u00e4n. N\u00e4ist\u00e4 kuullaan tarkemmin ensi tiistaina, kun toivottavasti neuvottelut on saatu valmiiksi, Purra sanoi.<\/p>\n","protected":false},"excerpt":{"rendered":"Perussuomalaisten puheenjohtaja, valtiovarainministeri Riikka Purra sanoo, ett\u00e4 noin miljardin euron s\u00e4\u00e4st\u00f6kokonaisuudesta on alustava sopu. Purran mukaan niin sanottu&hellip;\n","protected":false},"author":2,"featured_media":18285,"comment_status":"","ping_status":"","sticky":false,"template":"","format":"standard","meta":{"footnotes":""},"categories":[12],"tags":[22,23,26,27,33,31,30,863,17,24,25,28,29,15,18,952,2230,21,637,886,885,887,32,19,20,16],"class_list":{"0":"post-18284","1":"post","2":"type-post","3":"status-publish","4":"format-standard","5":"has-post-thumbnail","7":"category-suomi","8":"tag-breaking-news","9":"tag-breakingnews","10":"tag-featured-news","11":"tag-featurednews","12":"tag-fi","13":"tag-finland","14":"tag-finnish","15":"tag-hallitus","16":"tag-headlines","17":"tag-latest-news","18":"tag-latestnews","19":"tag-main-news","20":"tag-mainnews","21":"tag-news","22":"tag-otsikot","23":"tag-oulu","24":"tag-oulunkaaren-seutukunta","25":"tag-paauutiset","26":"tag-politiikka","27":"tag-puolueet","28":"tag-suomen-poliittiset-puolueet","29":"tag-suomen-politiikka","30":"tag-suomi","31":"tag-top-stories","32":"tag-topstories","33":"tag-uutiset"},"share_on_mastodon":{"url":"","error":""},"_links":{"self":[{"href":"https:\/\/www.europesays.com\/fi\/wp-json\/wp\/v2\/posts\/18284","targetHints":{"allow":["GET"]}}],"collection":[{"href":"https:\/\/www.europesays.com\/fi\/wp-json\/wp\/v2\/posts"}],"about":[{"href":"https:\/\/www.europesays.com\/fi\/wp-json\/wp\/v2\/types\/post"}],"author":[{"embeddable":true,"href":"https:\/\/www.europesays.com\/fi\/wp-json\/wp\/v2\/users\/2"}],"replies":[{"embeddable":true,"href":"https:\/\/www.europesays.com\/fi\/wp-json\/wp\/v2\/comments?post=18284"}],"version-history":[{"count":0,"href":"https:\/\/www.europesays.com\/fi\/wp-json\/wp\/v2\/posts\/18284\/revisions"}],"wp:featuredmedia":[{"embeddable":true,"href":"https:\/\/www.europesays.com\/fi\/wp-json\/wp\/v2\/media\/18285"}],"wp:attachment":[{"href":"https:\/\/www.europesays.com\/fi\/wp-json\/wp\/v2\/media?parent=18284"}],"wp:term":[{"taxonomy":"category","embeddable":true,"href":"https:\/\/www.europesays.com\/fi\/wp-json\/wp\/v2\/categories?post=18284"},{"taxonomy":"post_tag","embeddable":true,"href":"https:\/\/www.europesays.com\/fi\/wp-json\/wp\/v2\/tags?post=18284"}],"curies":[{"name":"wp","href":"https:\/\/api.w.org\/{rel}","templated":true}]}}