{"id":182921,"date":"2026-03-01T11:46:07","date_gmt":"2026-03-01T11:46:07","guid":{"rendered":"https:\/\/www.europesays.com\/fi\/182921\/"},"modified":"2026-03-01T11:46:07","modified_gmt":"2026-03-01T11:46:07","slug":"niko-ranta-aho-ja-mel-rakas-salahaat","status":"publish","type":"post","link":"https:\/\/www.europesays.com\/fi\/182921\/","title":{"rendered":"Niko Ranta-aho ja Mel-rakas: Salah\u00e4\u00e4t"},"content":{"rendered":"<p>\n            Arkistokuva. Mel-rakas ja Niko Ranta-aho.<br \/>\n            Seiskan arkisto\n        <\/p>\n<p class=\"subtitle \">Katiska-vyyhdin p\u00e4\u00e4tekij\u00e4 ja kuubalaiskaunotar ovat onnensa kukkuloilla.<\/p>\n<p class=\"article-content article-content-width !bg-background\">Vastik\u00e4\u00e4n vankilasta vapautunut  ja h\u00e4nen -rakkaansaovat menneet naimisiin.<\/p>\n<p class=\"font-weight-bold m-font-weight-bold article-content article-content-width !bg-background\">Katso video: Kuka Flexaa Nyt? Niko Ranta-aho<\/p>\n<p class=\"article-content article-content-width !bg-background\">Seiskan toimitukseen sateli aiemmin vihi\u00e4 siit\u00e4, ett\u00e4 Nikon ja Mel-rakkaan avioituminen olisi tapahtunut heti Nikon vapautumisp\u00e4iv\u00e4n\u00e4 eli maanantaina 9. helmikuuta.<\/p>\n<p>        <a itemprop=\"url\" href=\"https:\/\/www.seiska.fi\/kotimaa\/oho-niko-ranta-ahoa-odotti-melkoinen-synttariyllatys\/2005961\" rel=\"nofollow noopener\" target=\"_blank\"><\/p>\n<p>\nOho! Niko Ranta-ahoa\n<\/p>\n<p class=\"section-date\">\n        <strong class=\"article-section\" data-section=\"kotimaa\"><br \/>\n            kotimaa<br \/>\n        <\/strong><br \/>\n        27.11.2025 20:30\n    <\/p>\n<p>Oho! Niko Ranta-ahoa odotti melkoinen syntt\u00e4riyll\u00e4tys\n    <\/p>\n<p itemprop=\"description\" class=\"subtitle \">\n    R\u00f6t\u00f6sherra t\u00e4ytt\u00e4\u00e4 t\u00e4n\u00e4\u00e4n (27.11.) 38 vuotta.\n<\/p>\n<p>        <\/a><\/p>\n<p class=\"article-content article-content-width !bg-background\">Seiska tavoitti Nikon kommentoimaan asiaa 13. helmikuuta. Toimittaja onnitteli Nikoa avioitumiseensa liittyen. Niko ei viel\u00e4 silloin vahvistanut asiaa.<\/p>\n<p class=\"article-content article-content-width !bg-background\">\u2013 Aijaa, mist\u00e4s s\u00e4 sellaista olet kuullut?, hyv\u00e4ntuulinen Niko uteli.<\/p>\n<p class=\"article-content article-content-width !bg-background\">\u2013 En m\u00e4 kommentoi t\u00e4h\u00e4n mit\u00e4\u00e4n, h\u00e4n jatkoi.<\/p>\n<p class=\"tiktok-embed-container article-content article-content-width !bg-background\">Nyt lauantaina (28.2.) Mel paljastaa pariskunnan ilouutisen sosiaalisessamediassa. Mel julkaisi <a href=\"https:\/\/www.tiktok.com\/@melhidalgo3\" target=\"_blank\" rel=\"nofollow noopener\">Tiktok-tililleen<\/a> videon, jossa kutsuu Niko-rakastaan aviomiehekseen.<\/p>\n<blockquote class=\"tiktok-embed\" cite=\"https:\/\/www.tiktok.com\/@melhidalgo3\/video\/7611999987680955670\" data-video-id=\"7611999987680955670\" style=\"max-width:605px;min-width:325px\"><p>  <a target=\"_blank\" title=\"@melhidalgo3\" href=\"https:\/\/www.tiktok.com\/@melhidalgo3?refer=embed\" rel=\"nofollow noopener\">@melhidalgo3<\/a> <\/p>\n<p>Looking back at this beautiful moment from a few months ago\u2026 you were my fianc\u00e9 then, and now I\u2019m so proud to call you my husband. \ud83d\udc8d\u2665\ufe0f<\/p>\n<p> <a target=\"_blank\" title=\"\u266c original sound - Lillyrics\" href=\"https:\/\/www.tiktok.com\/music\/original-sound-7379970475383163649?refer=embed\" rel=\"nofollow noopener\">\u266c original sound &#8211; Lillyrics<\/a>  <\/p><\/blockquote>\n<p class=\"font-weight-normal m-font-weight-normal article-content article-content-width !bg-background\">Julkaisussa on videokuvaa Nikon n\u00e4ytt\u00e4v\u00e4st\u00e4 kosinnasta laiturinnokasta viime kes\u00e4lt\u00e4.<\/p>\n<p class=\"font-weight-bold m-font-weight-bold article-content article-content-width !bg-background\">\u00a0\u2013 Katsoessani t\u00e4t\u00e4 kaunista hetke\u00e4 muutaman kuukauden takaa..\u00a0 olit minun kihlattuni silloin, ja nyt olen niin ylep\u00e4 voidessani kutsua sinua minun aviomiehekseni, Mel kirjoittaa julkaisussaan.<\/p>\n<p>Kosinnasta alle vuosi<\/p>\n<p class=\"article-content article-content-width !bg-background\">Seiska paljasti Nikon ja Melin suhteen vuoden 2025 alussa.<\/p>\n<p class=\"article-content article-content-width !bg-background\">Katiska-vyyhdin p\u00e4\u00e4tekij\u00e4 ja kuubalaiskaunotar bongattiin helmikuussa 2025 toistuvasti Tampereelta.<\/p>\n<p class=\"article-content article-content-width !bg-background\">Niko paljasti huhtikuussa julkaistussa Instagram-p\u00e4ivityksess\u00e4n, ett\u00e4 h\u00e4n ja Mel olivat tavanneet ensimm\u00e4ist\u00e4 kertaa jo kahdeksan vuotta sitten.<\/p>\n<p>        <a itemprop=\"url\" href=\"https:\/\/www.seiska.fi\/vain-seiskassa\/niko-ranta-aho-yllattavat-ostokset-ruokakaupassa-salakuvat\/2056384\" rel=\"nofollow noopener\" target=\"_blank\"><\/p>\n<p>\nSalakuvat Niko Ranta-ahosta\n<\/p>\n<p class=\"section-date\">\n        <strong class=\"article-section\" data-section=\"vain seiskassa\"><br \/>\n            vain seiskassa<br \/>\n        <\/strong><br \/>\n        27.1. 06:00\n    <\/p>\n<p>Niko Ranta-aho: Yll\u00e4tt\u00e4v\u00e4t ostokset ruokakaupassa \u2013 salakuvat!\n    <\/p>\n<p itemprop=\"description\" class=\"subtitle \">\n    Niko on t\u00e4ll\u00e4 hetkell\u00e4 Jokelan avovankilassa, mutta on Seiskan tietojen mukaan p\u00e4\u00e4sem\u00e4ss\u00e4 pian valvottuun koevapauteen.\n<\/p>\n<p>        <\/a><\/p>\n<p class=\"article-content article-content-width !bg-background\">Hein\u00e4kuussa Niko ja Mel osallistuivat yhdess\u00e4 Nikon siskon 40-vuotissyntym\u00e4p\u00e4iv\u00e4juhliin.<\/p>\n<p class=\"article-content article-content-width !bg-background\">Niko ja Mel ilmoittivat kihlauksestaan vain p\u00e4ivi\u00e4 syntt\u00e4rijuhlien j\u00e4lkeen.<\/p>\n<p class=\"article-content article-content-width !bg-background\">\u2013 H\u00e4n sanoi KYLL\u00c4!! Monien vaikeiden vuosien j\u00e4lkeen el\u00e4m\u00e4 toi sinut valaisemaan maailmani. Kiitos, ett\u00e4 valitset minut joka p\u00e4iv\u00e4 ja teet minusta maailman onnellisimman miehen\u2026 Rakastan sinua, Niko kirjoitti Instagram-julkaisunsa kuvatekstiin vapaasti suomennettuna.<\/p>\n<p class=\"article-content article-content-width !bg-background\">Niko oli j\u00e4rjest\u00e4nyt kosinnan laiturilla, jonka p\u00e4\u00e4ss\u00e4 on suuri, syd\u00e4menmuotoinen ilmapallokaari. Itse kosinta tapahtui sekin ilmapalloin.<\/p>\n<p class=\"article-content article-content-width !bg-background\">\u2013 Will you marry me, kultaiset ilmapallokirjaimet kysyiv\u00e4t englanniksi.<\/p>\n<p><script async src=\"\/\/www.tiktok.com\/embed.js\"><\/script><\/p>\n","protected":false},"excerpt":{"rendered":"Arkistokuva. Mel-rakas ja Niko Ranta-aho. Seiskan arkisto Katiska-vyyhdin p\u00e4\u00e4tekij\u00e4 ja kuubalaiskaunotar ovat onnensa kukkuloilla. Vastik\u00e4\u00e4n vankilasta vapautunut ja&hellip;\n","protected":false},"author":2,"featured_media":182922,"comment_status":"","ping_status":"","sticky":false,"template":"","format":"standard","meta":{"footnotes":"","_share_on_mastodon":"0"},"categories":[136],"tags":[1075,407,137,33,31,30,408,2424,2421,2422,651,32,109],"class_list":["post-182921","post","type-post","status-publish","format-standard","has-post-thumbnail","category-julkkikset","tag-avioliitto","tag-celebrities","tag-entertainment","tag-fi","tag-finland","tag-finnish","tag-julkkikset","tag-katiska-vyyhti","tag-mel","tag-niko-ranta-aho","tag-suhteet","tag-suomi","tag-viihde"],"share_on_mastodon":{"url":"https:\/\/pubeurope.com\/@fi\/116153757475508697","error":""},"_links":{"self":[{"href":"https:\/\/www.europesays.com\/fi\/wp-json\/wp\/v2\/posts\/182921","targetHints":{"allow":["GET"]}}],"collection":[{"href":"https:\/\/www.europesays.com\/fi\/wp-json\/wp\/v2\/posts"}],"about":[{"href":"https:\/\/www.europesays.com\/fi\/wp-json\/wp\/v2\/types\/post"}],"author":[{"embeddable":true,"href":"https:\/\/www.europesays.com\/fi\/wp-json\/wp\/v2\/users\/2"}],"replies":[{"embeddable":true,"href":"https:\/\/www.europesays.com\/fi\/wp-json\/wp\/v2\/comments?post=182921"}],"version-history":[{"count":0,"href":"https:\/\/www.europesays.com\/fi\/wp-json\/wp\/v2\/posts\/182921\/revisions"}],"wp:featuredmedia":[{"embeddable":true,"href":"https:\/\/www.europesays.com\/fi\/wp-json\/wp\/v2\/media\/182922"}],"wp:attachment":[{"href":"https:\/\/www.europesays.com\/fi\/wp-json\/wp\/v2\/media?parent=182921"}],"wp:term":[{"taxonomy":"category","embeddable":true,"href":"https:\/\/www.europesays.com\/fi\/wp-json\/wp\/v2\/categories?post=182921"},{"taxonomy":"post_tag","embeddable":true,"href":"https:\/\/www.europesays.com\/fi\/wp-json\/wp\/v2\/tags?post=182921"}],"curies":[{"name":"wp","href":"https:\/\/api.w.org\/{rel}","templated":true}]}}