{"id":18298,"date":"2025-08-28T01:47:09","date_gmt":"2025-08-28T01:47:09","guid":{"rendered":"https:\/\/www.europesays.com\/fi\/18298\/"},"modified":"2025-08-28T01:47:09","modified_gmt":"2025-08-28T01:47:09","slug":"kaksi-kuollut-ja-17-haavoittunut-minneapolisin-ampumisessa-poliisin-mukaan-epailty-kuoli-itseaiheutettuun-vammaan-uutissuomalainen","status":"publish","type":"post","link":"https:\/\/www.europesays.com\/fi\/18298\/","title":{"rendered":"Kaksi kuollut ja 17 haavoittunut Minneapolisin ampumisessa \u2013 poliisin mukaan ep\u00e4ilty kuoli itseaiheutettuun vammaan | Uutissuomalainen"},"content":{"rendered":"<p>Kaksi lasta on kuollut ja 17 ihmist\u00e4 haavoittunut Yhdysvalloissa Minnesotan osavaltiossa t\u00e4n\u00e4\u00e4n tapahtuneessa kouluampumisessa, kertoo poliisi.<\/p>\n<p>Kouluampuminen sattui Minneapolisissa katolisessa koulussa jumalanpalveluksen aikaan aamulla paikallista aikaa.<\/p>\n<p>Poliisin mukaan surmansa sai 10- ja 8-vuotias lapsi, kertoi esimerkiksi <a href=\"https:\/\/www.washingtonpost.com\/nation\/2025\/08\/27\/minneapolis-shooting-annunciation-catholic-school\/?utm_campaign=wp_post_most&amp;utm_medium=email&amp;utm_source=newsletter&amp;carta-url=https%3A%2F%2Fs2.washingtonpost.com%2Fcar-ln-tr%2F446735d%2F68af32249b4df25e238a0cdb%2F687ae93ec788996e1f29f912%2F14%2F63%2F68af32249b4df25e238a0cdb\" rel=\"nofollow noopener\" target=\"_blank\">Washington Post<\/a>. 14 lasta ja kolme aikuista haavoittui, ja n\u00e4ist\u00e4 kaksi on kriittisess\u00e4 tilassa.<\/p>\n<p><a href=\"https:\/\/www.cnn.com\/us\/live-news\/annunciation-catholic-school-minneapolis-shooting-08-27-25#cmeu6h8a100093b6nv7nkbcwx\" rel=\"nofollow noopener\" target=\"_blank\">Uutiskanava CNN:n<\/a> mukaan haavoittuneista nuorimmat ovat 6-vuotiaita.<\/p>\n<p>Ensiapuviranomaisten mukaan kyse on ainakin paristakymmenest\u00e4 uhrista, kertoi puolestaan paikallinen <a href=\"https:\/\/www.startribune.com\/minneapolis-shooting-annunciation-church\/601462164\" rel=\"nofollow noopener\" target=\"_blank\">sanomalehti Star Tribune<\/a>.<\/p>\n<p>Poliisin mukaan tekij\u00e4 ampui kirkon ikkunoista kohti penkeill\u00e4 istuvia lapsia. Poliisin mukaan ep\u00e4ilty on kuollut itse aiheutettuun vammaan.<\/p>\n<p>Viranomaisten mukaan tapauksesta ei en\u00e4\u00e4 aiheudu v\u00e4lit\u00f6nt\u00e4 uhkaa alueelle.<\/p>\n<p>Star Tribunen mukaan l\u00e4hialueiden asukkaat kertoivat pitk\u00e4\u00e4n jatkuneista laukausten \u00e4\u00e4nist\u00e4. Asukkaiden mukaan alueella on k\u00e4ynniss\u00e4 laaja poliisioperaatio.<\/p>\n<p>\t\t\t\t&#8221;Pilasi ensimm\u00e4isen kouluviikon&#8221;<\/p>\n<p>Ampumista tutkitaan terroritekona ja katolisia kohtaan suunnattuna viharikoksena, kertoo liittovaltion poliisi FBI. FBI tiedotti asiasta <a href=\"https:\/\/x.com\/FBIDirectorKash\/status\/1960785108996112782\" rel=\"nofollow\">viestipalvelu X:ss\u00e4<\/a>.<\/p>\n<p>Minnesotan kuvern\u00f6\u00f6ri Tim Walz kertoi saaneensa tiedon ampumisesta.<\/p>\n<p>\u2013\u2009Rukoilen lastemme ja opettajiemme puolesta, joiden ensimm\u00e4isen kouluviikon t\u00e4m\u00e4 j\u00e4rkytt\u00e4v\u00e4 v\u00e4kivallanteko pilasi, Walz kirjoitti <a href=\"https:\/\/x.com\/GovTimWalz\/status\/1960706436284985707\" rel=\"nofollow\">viestipalvelu X:ss\u00e4<\/a>.<\/p>\n<p>My\u00f6s Yhdysvaltain presidentti Donald Trump kertoi saaneensa tiedon tapahtumasta. H\u00e4n kehui liittovaltion poliisin FBI:n reagoineen tapahtuneeseen nopeasti ja kertoi poliisin olevan paikan p\u00e4\u00e4ll\u00e4.<\/p>\n<p>\u2013\u2009Valkoinen talo jatkaa t\u00e4m\u00e4n kauhean tilanteen seuraamista, Trump kirjoitti <a href=\"https:\/\/truthsocial.com\/@realDonaldTrump\/posts\/115101274999111772\" rel=\"nofollow noopener\" target=\"_blank\">Truth Social -viestipalvelussaan<\/a>.<\/p>\n","protected":false},"excerpt":{"rendered":"Kaksi lasta on kuollut ja 17 ihmist\u00e4 haavoittunut Yhdysvalloissa Minnesotan osavaltiossa t\u00e4n\u00e4\u00e4n tapahtuneessa kouluampumisessa, kertoo poliisi. Kouluampuminen sattui&hellip;\n","protected":false},"author":2,"featured_media":18299,"comment_status":"","ping_status":"","sticky":false,"template":"","format":"standard","meta":{"footnotes":""},"categories":[5],"tags":[22,23,2617,585,26,27,33,31,30,17,2455,683,24,25,28,29,6699,15,18,21,52,32,19,20,16,40],"class_list":{"0":"post-18298","1":"post","2":"type-post","3":"status-publish","4":"format-standard","5":"has-post-thumbnail","7":"category-otsikot","8":"tag-breaking-news","9":"tag-breakingnews","10":"tag-cnn","11":"tag-donald-trump","12":"tag-featured-news","13":"tag-featurednews","14":"tag-fi","15":"tag-finland","16":"tag-finnish","17":"tag-headlines","18":"tag-hengenvaara-ja-loukkaantuminen","19":"tag-kuolema","20":"tag-latest-news","21":"tag-latestnews","22":"tag-main-news","23":"tag-mainnews","24":"tag-minneapolis","25":"tag-news","26":"tag-otsikot","27":"tag-paauutiset","28":"tag-poliisi","29":"tag-suomi","30":"tag-top-stories","31":"tag-topstories","32":"tag-uutiset","33":"tag-vakivalta"},"share_on_mastodon":{"url":"","error":""},"_links":{"self":[{"href":"https:\/\/www.europesays.com\/fi\/wp-json\/wp\/v2\/posts\/18298","targetHints":{"allow":["GET"]}}],"collection":[{"href":"https:\/\/www.europesays.com\/fi\/wp-json\/wp\/v2\/posts"}],"about":[{"href":"https:\/\/www.europesays.com\/fi\/wp-json\/wp\/v2\/types\/post"}],"author":[{"embeddable":true,"href":"https:\/\/www.europesays.com\/fi\/wp-json\/wp\/v2\/users\/2"}],"replies":[{"embeddable":true,"href":"https:\/\/www.europesays.com\/fi\/wp-json\/wp\/v2\/comments?post=18298"}],"version-history":[{"count":0,"href":"https:\/\/www.europesays.com\/fi\/wp-json\/wp\/v2\/posts\/18298\/revisions"}],"wp:featuredmedia":[{"embeddable":true,"href":"https:\/\/www.europesays.com\/fi\/wp-json\/wp\/v2\/media\/18299"}],"wp:attachment":[{"href":"https:\/\/www.europesays.com\/fi\/wp-json\/wp\/v2\/media?parent=18298"}],"wp:term":[{"taxonomy":"category","embeddable":true,"href":"https:\/\/www.europesays.com\/fi\/wp-json\/wp\/v2\/categories?post=18298"},{"taxonomy":"post_tag","embeddable":true,"href":"https:\/\/www.europesays.com\/fi\/wp-json\/wp\/v2\/tags?post=18298"}],"curies":[{"name":"wp","href":"https:\/\/api.w.org\/{rel}","templated":true}]}}