{"id":18467,"date":"2025-08-28T06:24:08","date_gmt":"2025-08-28T06:24:08","guid":{"rendered":"https:\/\/www.europesays.com\/fi\/18467\/"},"modified":"2025-08-28T06:24:08","modified_gmt":"2025-08-28T06:24:08","slug":"harry-potter-elokuvien-ohjaaja-tyrmasi-hbo-maxin-uuden-sarjan-kuvat-nahtyaan-mita-jarkea-sen-tekemisessa-on","status":"publish","type":"post","link":"https:\/\/www.europesays.com\/fi\/18467\/","title":{"rendered":"Harry Potter -elokuvien ohjaaja tyrm\u00e4si HBO Maxin uuden sarjan kuvat n\u00e4hty\u00e4\u00e4n: &#8221;Mit\u00e4 j\u00e4rke\u00e4 sen tekemisess\u00e4 on?&#8221;"},"content":{"rendered":"\n<p><strong>Harry Potter -sarjan ensimm\u00e4inen kausi n\u00e4hd\u00e4\u00e4n vuoden 2027 alussa.<\/strong><\/p>\n<p>The Rest is Entertainment -podcastissa vieraillut ohjaaja Chris Columbus ei tajua mit\u00e4 j\u00e4rke\u00e4 HBO:n tulevassa <a href=\"https:\/\/muropaketti.com\/avainsana\/harry-potter\/\" rel=\"nofollow noopener\" target=\"_blank\">Harry Potter<\/a> -sarjassa on.<\/p>\n<p>Kaksi ensimm\u00e4ist\u00e4 Harry Potter -elokuvaa ohjannut Columbus ihmettelee muun muassa n\u00e4kemi\u00e4\u00e4n kuvia, joissa Nick Frostin esitt\u00e4m\u00e4 Hagrid ja Dominic McLaughlinin n\u00e4yttelem\u00e4 Harry Potter ovat Lontoossa.<\/p>\n<p>\u201dNetiss\u00e4 n\u00e4kemiss\u00e4ni kuvissa Nick Frostin Hagridilla oli p\u00e4\u00e4ll\u00e4\u00e4n t\u00e4sm\u00e4lleen sama asu kuin meid\u00e4n elokuvissamme. Kuvittelin ett\u00e4 HBO-sarja laittaa kaiken uusiksi, mutta seh\u00e4n on vain vanhan toistoa. Mit\u00e4 j\u00e4rke\u00e4 koko sarjan tekemisess\u00e4 on?\u201d.<\/p>\n<p>\u201dTietysti se on osittain my\u00f6s imartelevaa, ett\u00e4 he kierr\u00e4tt\u00e4v\u00e4t meid\u00e4n Hagrid-asuamme. Odotan kyll\u00e4 innoissani mit\u00e4 he saavat aikaan, mutta kuvista tuli melkoinen d\u00e9j\u00e0 vu.\u201d<\/p>\n<p>Francesca Gardinerin k\u00e4sikirjoittaman sarjan on suunniteltu kattavan yhden J.K. Rowlingin romaaneista per tuotantokausi. Sen kuvaukset ovat t\u00e4ll\u00e4 hetkell\u00e4 k\u00e4ynniss\u00e4 ja sarja n\u00e4hd\u00e4\u00e4n alkuvuodesta 2027.<\/p>\n<p><a href=\"https:\/\/www.europesays.com\/fi\/wp-content\/uploads\/2025\/08\/harry-potter-nick-frost.jpg\"><img fetchpriority=\"high\" decoding=\"async\" aria-describedby=\"caption-attachment-888983\" class=\"size-full wp-image-888983 awpo-lazy\" alt=\"Harry Potter -sarja\" width=\"900\" height=\"1350\"  data- src=\"https:\/\/www.europesays.com\/fi\/wp-content\/uploads\/2025\/08\/harry-potter-nick-frost.jpg\"\/><\/a><\/p>\n<p id=\"caption-attachment-888983\" class=\"wp-caption-text\">Kuva: \u00a9 HBO<\/p>\n<p><a href=\"https:\/\/www.europesays.com\/fi\/wp-content\/uploads\/2025\/08\/harry-potter-dominic-mclaughlin.jpg\"><img loading=\"lazy\" decoding=\"async\" aria-describedby=\"caption-attachment-888982\" class=\"size-full wp-image-888982 awpo-lazy\" alt=\"Harry Potter -sarja\" width=\"1000\" height=\"1333\"  data- src=\"https:\/\/www.europesays.com\/fi\/wp-content\/uploads\/2025\/08\/harry-potter-dominic-mclaughlin.jpg\"\/><\/a><\/p>\n<p id=\"caption-attachment-888982\" class=\"wp-caption-text\">Kuva: \u00a9 HBO<\/p>\n","protected":false},"excerpt":{"rendered":"Harry Potter -sarjan ensimm\u00e4inen kausi n\u00e4hd\u00e4\u00e4n vuoden 2027 alussa. The Rest is Entertainment -podcastissa vieraillut ohjaaja Chris Columbus&hellip;\n","protected":false},"author":2,"featured_media":18468,"comment_status":"","ping_status":"","sticky":false,"template":"","format":"standard","meta":{"footnotes":""},"categories":[131],"tags":[6024,155,137,33,173,31,30,6341,4207,6730,280,172,32,109],"class_list":{"0":"post-18467","1":"post","2":"type-post","3":"status-publish","4":"format-standard","5":"has-post-thumbnail","7":"category-elokuvat","8":"tag-chris-columbus","9":"tag-elokuvat","10":"tag-entertainment","11":"tag-fi","12":"tag-film","13":"tag-finland","14":"tag-finnish","15":"tag-harry-potter-sarja","16":"tag-harry-potter","17":"tag-hbo","18":"tag-hbo-max","19":"tag-movies","20":"tag-suomi","21":"tag-viihde"},"share_on_mastodon":{"url":"","error":""},"_links":{"self":[{"href":"https:\/\/www.europesays.com\/fi\/wp-json\/wp\/v2\/posts\/18467","targetHints":{"allow":["GET"]}}],"collection":[{"href":"https:\/\/www.europesays.com\/fi\/wp-json\/wp\/v2\/posts"}],"about":[{"href":"https:\/\/www.europesays.com\/fi\/wp-json\/wp\/v2\/types\/post"}],"author":[{"embeddable":true,"href":"https:\/\/www.europesays.com\/fi\/wp-json\/wp\/v2\/users\/2"}],"replies":[{"embeddable":true,"href":"https:\/\/www.europesays.com\/fi\/wp-json\/wp\/v2\/comments?post=18467"}],"version-history":[{"count":0,"href":"https:\/\/www.europesays.com\/fi\/wp-json\/wp\/v2\/posts\/18467\/revisions"}],"wp:featuredmedia":[{"embeddable":true,"href":"https:\/\/www.europesays.com\/fi\/wp-json\/wp\/v2\/media\/18468"}],"wp:attachment":[{"href":"https:\/\/www.europesays.com\/fi\/wp-json\/wp\/v2\/media?parent=18467"}],"wp:term":[{"taxonomy":"category","embeddable":true,"href":"https:\/\/www.europesays.com\/fi\/wp-json\/wp\/v2\/categories?post=18467"},{"taxonomy":"post_tag","embeddable":true,"href":"https:\/\/www.europesays.com\/fi\/wp-json\/wp\/v2\/tags?post=18467"}],"curies":[{"name":"wp","href":"https:\/\/api.w.org\/{rel}","templated":true}]}}