{"id":184806,"date":"2026-03-03T19:13:10","date_gmt":"2026-03-03T19:13:10","guid":{"rendered":"https:\/\/www.europesays.com\/fi\/184806\/"},"modified":"2026-03-03T19:13:10","modified_gmt":"2026-03-03T19:13:10","slug":"tuukka-temosen-ei-enaa-himmaile-nyt-on-aika-elaa","status":"publish","type":"post","link":"https:\/\/www.europesays.com\/fi\/184806\/","title":{"rendered":"Tuukka Temosen ei en\u00e4\u00e4 himmaile: &#8221;Nyt on aika el\u00e4\u00e4&#8221;"},"content":{"rendered":"<p>\n            (100425) &#8212; Iitti, October 4, 2025 \u2013 Tuukka Temonen poses for the camera during his interview for Seiska in his Pizzeria and Bar Rehtori in Iitti, Finland, 4. October 2025. (Matti Matikainen\/Aller Media)<br \/>\n            Matti Matikainen\n        <\/p>\n<p class=\"subtitle \">Tuukka julkaisi Instagramissa perheens\u00e4 kuulumisia ja vahvan puheenvuoron el\u00e4m\u00e4n puolesta.<\/p>\n<p class=\"article-content article-content-width !bg-background\">Elokuvaohjaaja  on viett\u00e4nyt vuodenvaihteen j\u00e4lkeen hiljaiseloa. Nyt h\u00e4n kuitenkin rikkoo hiljaisuuden vahvalla ulostulolla el\u00e4m\u00e4n puolesta.<\/p>\n<p class=\"article-content article-content-width !bg-background\">Tuukka julkaisi tiistaina (3.3.) <a href=\"https:\/\/www.instagram.com\/tuukkatemonen\/\" aria-label=\"Tuukka Temosen Instagram\" target=\"_blank\" rel=\"nofollow noopener\">Instagram-tilill\u00e4\u00e4n<\/a> p\u00e4ivityksen, jonka kuvakollaasissa n\u00e4hd\u00e4\u00e4n niin v\u00e4l\u00e4yksi\u00e4 h\u00e4nen perhearjestaan, kuin Tuukan edesmenneelle -vaimolle postuumisti my\u00f6nnetty Venla-palkintokin.<\/p>\n<p>        <a itemprop=\"url\" href=\"https:\/\/www.seiska.fi\/katso\/olga-temoselle-upea-kunnianosoitus-tuukka-murtui-kyyneliin\/2055116\" rel=\"nofollow noopener\" target=\"_blank\"><\/p>\n<p>\nOlga Temoselle upea kunnianosoitus!\n<\/p>\n<p class=\"section-date\">\n        <strong class=\"article-section\" data-section=\"katso\"><br \/>\n            katso<br \/>\n        <\/strong><br \/>\n        23.1. 23:05\n    <\/p>\n<p>Olga Temoselle upea kunnianosoitus \u2013 Tuukka murtui kyyneliin\n    <\/p>\n<p itemprop=\"description\" class=\"subtitle \">\n    Olga Temonen sai kunnianosoituksensa p\u00e4iv\u00e4n\u00e4, jona h\u00e4n olisi t\u00e4ytt\u00e4nyt 48 vuotta.\n<\/p>\n<p>        <\/a><\/p>\n<p class=\"article-content article-content-width !bg-background\">Mutta julkaisun varsinainen juju l\u00f6ytyy sen kuvatekstist\u00e4.<\/p>\n<p class=\"article-content article-content-width !bg-background\">Siin\u00e4 menestysohjaaja avaa tulevaisuudensuunnitelmiaan harvinaisen suoraan.<\/p>\n<p>&#8221;En en\u00e4\u00e4 himmaile&#8221;<\/p>\n<p class=\"article-content article-content-width !bg-background\">Tuukka aloittaa tekstins\u00e4 toteamalla, ett\u00e4 uuden vuoden lis\u00e4ksi takana ovat my\u00f6s uuden ajan ensimm\u00e4iset kuukaudet. Uudella ajalla h\u00e4n viitannee perhett\u00e4\u00e4n kohdanneeseen suruun: Tuukan puoliso, n\u00e4yttelij\u00e4-yritt\u00e4j\u00e4 Olga Temonen menehtyi viime marraskuussa sy\u00f6p\u00e4\u00e4n 47-vuotiaana.<\/p>\n<p>        <a itemprop=\"url\" href=\"https:\/\/www.seiska.fi\/kotimaa\/tuukka-temonen-paljastaa-edessa-suuri-muutos\/2049537\" rel=\"nofollow noopener\" target=\"_blank\"><\/p>\n<p>\nOhhoh!\n<\/p>\n<p class=\"section-date\">\n        <strong class=\"article-section\" data-section=\"kotimaa\"><br \/>\n            kotimaa<br \/>\n        <\/strong><br \/>\n        18.1. 14:30\n    <\/p>\n<p>Tuukka Temonen paljastaa: Edess\u00e4 suuri muutos!\n    <\/p>\n<p itemprop=\"description\" class=\"subtitle \">\n    Tuukka perheineen on uuden edess\u00e4.\n<\/p>\n<p>        <\/a><\/p>\n<p class=\"article-content article-content-width !bg-background\">\u2013\u00a0Olen p\u00e4\u00e4tt\u00e4nyt, ett\u00e4 aion tehd\u00e4 kaikkea mahdollisimman paljon. En en\u00e4\u00e4 himmaile, s\u00e4\u00e4stele tai sorru ajatukseen, ett\u00e4 t\u00e4n voi tehd\u00e4 my\u00f6hemminkin. Sill\u00e4, ei v\u00e4ltsii en\u00e4\u00e4 voi? h\u00e4n kirjoittaa ja jatkaa:<\/p>\n<p class=\"article-content article-content-width !bg-background\">\u2013 Jotenkin ajattelen, ett\u00e4 nyt on aika el\u00e4\u00e4. <\/p>\n<p>El\u00e4m\u00e4 on jatkunut<\/p>\n<p class=\"article-content article-content-width !bg-background\">Tuukka kertoo perheen el\u00e4m\u00e4n jatkuneen hyvin aktiivisena: el\u00e4m\u00e4\u00e4n on viime kuukausina mahtunut niin vanhojentanssit, matkustelua sek\u00e4 uuden ravintolan suunnittelua.\u00a0<\/p>\n<p class=\"article-content article-content-width !bg-background\">My\u00f6s yst\u00e4ville on ollut aikaa.<\/p>\n<p>        <a itemprop=\"url\" href=\"https:\/\/www.seiska.fi\/kotimaa\/tuukka-temonen-yllattaa-huimalla-tempulla\/2042155\" rel=\"nofollow noopener\" target=\"_blank\"><\/p>\n<p>\nTuukka Temonen\n<\/p>\n<p class=\"section-date\">\n        <strong class=\"article-section\" data-section=\"kotimaa\"><br \/>\n            kotimaa<br \/>\n        <\/strong><br \/>\n        9.1. 21:00\n    <\/p>\n<p>Tuukka Temonen yll\u00e4tt\u00e4\u00e4 huimalla tempulla\n    <\/p>\n<p itemprop=\"description\" class=\"subtitle \">\n    Tuukan video her\u00e4tt\u00e4\u00e4 katsojissa ihastusta.\n<\/p>\n<p>        <\/a><\/p>\n<p class=\"article-content article-content-width !bg-background\"> \u2013 On hyv\u00e4 tiet\u00e4\u00e4, ett\u00e4 on ihmisi\u00e4, jotka oikeasti tulee sitten, kun on tiukka paikka. Muutenkin ihmisi\u00e4 mahtuisi nyt paljon enemm\u00e4nkin el\u00e4m\u00e4\u00e4n. <\/p>\n<p>                <img decoding=\"async\" src=\"https:\/\/www.europesays.com\/fi\/wp-content\/uploads\/2026\/03\/2036635.webp.jpeg\" width=\"576\" height=\"720\" title=\"Tuukka ei ole j\u00e4\u00e4nyt lep\u00e4\u00e4m\u00e4\u00e4n laakereilleen.\" alt=\"Tuukka Temonen\" loading=\"lazy\" \/>            <\/p>\n<p>\n            Tuukka ei ole j\u00e4\u00e4nyt lep\u00e4\u00e4m\u00e4\u00e4n laakereilleen.<br \/>\n            Timo Korhonen\n        <\/p>\n<p class=\"article-content article-content-width !bg-background\">Tuukka suuntaa katseensa tiukasti tulevaan:<\/p>\n<p class=\"article-content article-content-width !bg-background\">\u2013 Kaikesta maailman surusta huolimatta el\u00e4m\u00e4 on upeaa ja se tapahtuu nyt ymp\u00e4rill\u00e4mme.\u00a0<\/p>\n<p class=\"article-content article-content-width !bg-background\">Mutta tulevaisuudelle on my\u00f6s toive: tehd\u00e4 enemm\u00e4n t\u00f6it\u00e4, erityisesti videotuotantojen parissa.<\/p>\n<p><script async src=\"\/\/www.instagram.com\/embed.js\"><\/script><\/p>\n","protected":false},"excerpt":{"rendered":"(100425) &#8212; Iitti, October 4, 2025 \u2013 Tuukka Temonen poses for the camera during his interview for Seiska&hellip;\n","protected":false},"author":2,"featured_media":184807,"comment_status":"","ping_status":"","sticky":false,"template":"","format":"standard","meta":{"footnotes":"","_share_on_mastodon":"0"},"categories":[130],"tags":[10909,137,33,31,30,3411,32,2721,20782,109],"class_list":["post-184806","post","type-post","status-publish","format-standard","has-post-thumbnail","category-viihde","tag-elama","tag-entertainment","tag-fi","tag-finland","tag-finnish","tag-olga-temonen","tag-suomi","tag-tuukka-temonen","tag-venla-palkinto","tag-viihde"],"share_on_mastodon":{"url":"https:\/\/pubeurope.com\/@fi\/116166839690349054","error":""},"_links":{"self":[{"href":"https:\/\/www.europesays.com\/fi\/wp-json\/wp\/v2\/posts\/184806","targetHints":{"allow":["GET"]}}],"collection":[{"href":"https:\/\/www.europesays.com\/fi\/wp-json\/wp\/v2\/posts"}],"about":[{"href":"https:\/\/www.europesays.com\/fi\/wp-json\/wp\/v2\/types\/post"}],"author":[{"embeddable":true,"href":"https:\/\/www.europesays.com\/fi\/wp-json\/wp\/v2\/users\/2"}],"replies":[{"embeddable":true,"href":"https:\/\/www.europesays.com\/fi\/wp-json\/wp\/v2\/comments?post=184806"}],"version-history":[{"count":0,"href":"https:\/\/www.europesays.com\/fi\/wp-json\/wp\/v2\/posts\/184806\/revisions"}],"wp:featuredmedia":[{"embeddable":true,"href":"https:\/\/www.europesays.com\/fi\/wp-json\/wp\/v2\/media\/184807"}],"wp:attachment":[{"href":"https:\/\/www.europesays.com\/fi\/wp-json\/wp\/v2\/media?parent=184806"}],"wp:term":[{"taxonomy":"category","embeddable":true,"href":"https:\/\/www.europesays.com\/fi\/wp-json\/wp\/v2\/categories?post=184806"},{"taxonomy":"post_tag","embeddable":true,"href":"https:\/\/www.europesays.com\/fi\/wp-json\/wp\/v2\/tags?post=184806"}],"curies":[{"name":"wp","href":"https:\/\/api.w.org\/{rel}","templated":true}]}}