{"id":185101,"date":"2026-03-04T04:19:12","date_gmt":"2026-03-04T04:19:12","guid":{"rendered":"https:\/\/www.europesays.com\/fi\/185101\/"},"modified":"2026-03-04T04:19:12","modified_gmt":"2026-03-04T04:19:12","slug":"niko-ranta-aho-ja-mel-rakas-viilea-treffi-ilta-nordiksella-katso-salakuvat","status":"publish","type":"post","link":"https:\/\/www.europesays.com\/fi\/185101\/","title":{"rendered":"Niko Ranta-aho ja Mel-rakas: Viile\u00e4 treffi-ilta Nordiksella &#8211; Katso salakuvat!"},"content":{"rendered":"<p>            PANU H\u00d6RKK\u00d6\n        <\/p>\n<p class=\"subtitle \">Niko ja Mel-rakas viettiv\u00e4t perjantaina (27.2.) treffi-iltaa.<\/p>\n<p class=\"article-content article-content-width !bg-background\">Vankilasta hiljattain koevapauteen p\u00e4\u00e4ssyt  vietti perjantaina (27.2.) treffi-iltaa -rakkaansa kanssa. Pari bongattiin Helsingin Nordenski\u00f6ldinkadulla sijaitsevalta j\u00e4\u00e4hallilta, tuttavallisemmin Nordikselta.<\/p>\n<p class=\"font-weight-bold m-font-weight-bold article-content article-content-width !bg-background\">Video: Kuka flexaa nyt? -jakso: Niko Ranta-Aho<\/p>\n<p class=\"article-content article-content-width !bg-background\">Kes\u00e4ll\u00e4 kihlautunut pari hemmotteli itse\u00e4\u00e4n j\u00e4\u00e4kiekko-ottelulla, jossa Helsingin IFK kohtasi Mikkelin Jukurit.<\/p>\n<p class=\"article-content article-content-width !bg-background\"> \u2013 Huomasin Nikon ensin turvatarkastuksessa, Seiskalle hiiskutaan.<\/p>\n<p>        <a itemprop=\"url\" href=\"https:\/\/www.seiska.fi\/kotimaa\/is-niko-ranta-ahon-mel-rakas-avautuu-rahasta\/2076632\" rel=\"nofollow noopener\" target=\"_blank\"><\/p>\n<p>\nIS: Niko Ranta-ahon Mel-rakas\n<\/p>\n<p class=\"section-date\">\n        <strong class=\"article-section\" data-section=\"kotimaa\"><br \/>\n            kotimaa<br \/>\n        <\/strong><br \/>\n        15.2. 13:00\n    <\/p>\n<p>IS: Niko Ranta-ahon Mel-rakas avautuu rahasta\n    <\/p>\n<p itemprop=\"description\" class=\"subtitle \">\n    \u2013 Tavara voi tehd\u00e4 onnelliseksi vain hetkeksi ennen kuin siihen kyll\u00e4styy, kuubalaiskaunotar toteaa Ilta-Sanomille.\n<\/p>\n<p>        <\/a><\/p>\n<p class=\"article-content article-content-width !bg-background\">Niko kulki turvatarkastuksen l\u00e4pi muina miehin\u00e4 ja hyv\u00e4ntuulisesti hymyillen.\u00a0<\/p>\n<p>Hymy karisi kasvoilta<\/p>\n<p class=\"article-content article-content-width !bg-background\">Liigan sarjataulukossa 11. majaileva HIFK toivotti Jukurit tervetulleeksi Nordiksen hornankattilaan, ja antoi viel\u00e4 kotiinviemisiksi mikkelil\u00e4isille mukaan kaksi sarjapistett\u00e4, kun Jukurit vei pelin 3-2 jatkoaikamaalilla.<\/p>\n<p>                <img decoding=\"async\" src=\"https:\/\/www.europesays.com\/fi\/wp-content\/uploads\/2026\/03\/2089521.webp.jpeg\" width=\"576\" height=\"639\" title=\"Niko ja Mel-rakas seurasivat ottelua tiukasti. \u2013 Niko kannatti selv\u00e4sti HIFK:ta, Seiskalle kerrotaan.\" alt=\"Niko Ranta-Aho ja Mel-rakas j\u00e4\u00e4kiekkokatsomossa\" loading=\"lazy\" \/>            <\/p>\n<p>\n            Niko ja Mel-rakas seurasivat ottelua tiukasti. \u2013 Niko kannatti selv\u00e4sti HIFK:ta, Seiskalle kerrotaan.<br \/>\n            Seiska \/ Lukijan kuva\n        <\/p>\n<p class=\"article-content article-content-width !bg-background\">HIFKi\u00e4 kannattannutta Nikoa k\u00e4sist\u00e4 lipuneet pinnat eiv\u00e4t naurattaneet.<\/p>\n<p class=\"article-content article-content-width !bg-background\"> \u2013 Ei mik\u00e4\u00e4n ihme\u00a0\u2013 viikko sitten saatiin katsella laadukasta olympia-l\u00e4tk\u00e4\u00e4 ja nyt t\u00e4t\u00e4, Nordiksen lehtereilt\u00e4 kuiskaillaan Seiskalle tuskaa \u00e4\u00e4ness\u00e4.<\/p>\n<p>        <a itemprop=\"url\" href=\"https:\/\/www.seiska.fi\/kotimaa\/niko-ranta-ahon-mel-rakas-huolestuttava-paivitys-nain-niko-kommentoi\/2076829\" rel=\"nofollow noopener\" target=\"_blank\"><\/p>\n<p>\nMel-rakkaalta huolestuttava p\u00e4ivitys\n<\/p>\n<p class=\"section-date\">\n        <strong class=\"article-section\" data-section=\"kotimaa\"><br \/>\n            kotimaa<br \/>\n        <\/strong><br \/>\n        17.2. 06:00\n    <\/p>\n<p>Niko Ranta-ahon Mel-rakas: Huolestuttava p\u00e4ivitys \u2013 n\u00e4in Niko kommentoi\n    <\/p>\n<p itemprop=\"description\" class=\"subtitle \">\n    Mel julkaisi tiktokissa kuvakollaasin, jossa h\u00e4n kertoo parin viett\u00e4neen yst\u00e4v\u00e4np\u00e4iv\u00e4n sairaalassa.\n<\/p>\n<p>        <\/a><\/p>\n<p class=\"article-content article-content-width !bg-background\"> \u2013 Hifki pelasi kuin amat\u00f6\u00f6rit.<\/p>\n<p class=\"article-content article-content-width !bg-background\">Riemu oli HIFK-pyh\u00e4t\u00f6ss\u00e4 v\u00e4hiss\u00e4 kaikilta, kun kotijoukkue buuattiin tappion j\u00e4lkeen j\u00e4\u00e4lt\u00e4 ulos.\u00a0\u00a0<\/p>\n<p class=\"article-content article-content-width !bg-background\">Paitsi tietenkin niilt\u00e4 muutamilta Jukurit-faneilta, jotka olivat saapuneet paikan p\u00e4\u00e4lle seuraamaan matsia.<\/p>\n","protected":false},"excerpt":{"rendered":"PANU H\u00d6RKK\u00d6 Niko ja Mel-rakas viettiv\u00e4t perjantaina (27.2.) treffi-iltaa. Vankilasta hiljattain koevapauteen p\u00e4\u00e4ssyt vietti perjantaina (27.2.) treffi-iltaa -rakkaansa&hellip;\n","protected":false},"author":2,"featured_media":185102,"comment_status":"","ping_status":"","sticky":false,"template":"","format":"standard","meta":{"footnotes":"","_share_on_mastodon":"0"},"categories":[130],"tags":[137,33,31,30,7525,8474,2421,2422,29341,32,109],"class_list":["post-185101","post","type-post","status-publish","format-standard","has-post-thumbnail","category-viihde","tag-entertainment","tag-fi","tag-finland","tag-finnish","tag-hifk","tag-jukurit","tag-mel","tag-niko-ranta-aho","tag-nordenskioldinkatu","tag-suomi","tag-viihde"],"share_on_mastodon":{"url":"https:\/\/pubeurope.com\/@fi\/116168986671891982","error":""},"_links":{"self":[{"href":"https:\/\/www.europesays.com\/fi\/wp-json\/wp\/v2\/posts\/185101","targetHints":{"allow":["GET"]}}],"collection":[{"href":"https:\/\/www.europesays.com\/fi\/wp-json\/wp\/v2\/posts"}],"about":[{"href":"https:\/\/www.europesays.com\/fi\/wp-json\/wp\/v2\/types\/post"}],"author":[{"embeddable":true,"href":"https:\/\/www.europesays.com\/fi\/wp-json\/wp\/v2\/users\/2"}],"replies":[{"embeddable":true,"href":"https:\/\/www.europesays.com\/fi\/wp-json\/wp\/v2\/comments?post=185101"}],"version-history":[{"count":0,"href":"https:\/\/www.europesays.com\/fi\/wp-json\/wp\/v2\/posts\/185101\/revisions"}],"wp:featuredmedia":[{"embeddable":true,"href":"https:\/\/www.europesays.com\/fi\/wp-json\/wp\/v2\/media\/185102"}],"wp:attachment":[{"href":"https:\/\/www.europesays.com\/fi\/wp-json\/wp\/v2\/media?parent=185101"}],"wp:term":[{"taxonomy":"category","embeddable":true,"href":"https:\/\/www.europesays.com\/fi\/wp-json\/wp\/v2\/categories?post=185101"},{"taxonomy":"post_tag","embeddable":true,"href":"https:\/\/www.europesays.com\/fi\/wp-json\/wp\/v2\/tags?post=185101"}],"curies":[{"name":"wp","href":"https:\/\/api.w.org\/{rel}","templated":true}]}}