{"id":185549,"date":"2026-03-04T16:06:10","date_gmt":"2026-03-04T16:06:10","guid":{"rendered":"https:\/\/www.europesays.com\/fi\/185549\/"},"modified":"2026-03-04T16:06:10","modified_gmt":"2026-03-04T16:06:10","slug":"erna-husko-avoimena-kauneusoperaatiosta-huulet-kapseloituivat","status":"publish","type":"post","link":"https:\/\/www.europesays.com\/fi\/185549\/","title":{"rendered":"Erna Husko avoimena kauneusoperaatiosta: Huulet kapseloituivat!"},"content":{"rendered":"<p>            ATTE KAJOVA\n        <\/p>\n<p class=\"subtitle \">Erna esittelee viimeisimm\u00e4n operaationsa tuloksia ja kertoo, miksi p\u00e4\u00e4tyi nykyiseen ratkaisuun.<\/p>\n<p class=\"article-content article-content-width !bg-background\">Somevaikuttaja , 28, paljasti hiljattain k\u00e4yneens\u00e4 poistattamassa huuliinsa aiemmin laitattamansa t\u00e4yteaineet.\u00a0<\/p>\n<p class=\"font-weight-bold m-font-weight-bold article-content article-content-width !bg-background\">Video: Erna Husko paljastaa, miksi ker\u00e4\u00e4 parkkisakkoja:<\/p>\n<p class=\"article-content article-content-width !bg-background\">Pistoshoitoina k\u00e4ytett\u00e4vien t\u00e4yteaineiden suosio on lis\u00e4\u00e4ntynyt runsaasti, ja niist\u00e4 on tullut monille tavanomainen osa kauneudenhoitorutiineja. Niihin liittyy kuitenkin my\u00f6s riskej\u00e4, kuten mustelmia, paakkuuntumista ja jopa verisuonitukoksia.<a href=\"https:\/\/www.duodecimlehti.fi\/duo16264\" target=\"_blank\" rel=\"nofollow noopener\"> Lieveilmi\u00f6iden seurauksena t\u00e4yteaineita onkin alettu my\u00f6s poistamaan viime vuosina aiempaa enemm\u00e4n<\/a>.<\/p>\n<p>                <img decoding=\"async\" src=\"https:\/\/www.europesays.com\/fi\/wp-content\/uploads\/2026\/03\/2092569.webp.jpeg\" width=\"576\" height=\"322\" alt=\"Erna kuvattuna vuonna 2023. Tuolloin huulissa oli selv\u00e4sti nykyist\u00e4 enemm\u00e4n fyllinki\u00e4.\" loading=\"lazy\" \/>            <\/p>\n<p>\n            Erna kuvattuna vuonna 2023. Tuolloin huulissa oli selv\u00e4sti nykyist\u00e4 enemm\u00e4n fyllinki\u00e4.<br \/>\n            Tomi Natri\n        <\/p>\n<p class=\"article-content article-content-width !bg-background\">Katumap\u00e4\u00e4lle huulit\u00e4ytteiden suhteen on tullut my\u00f6s Erna. H\u00e4n kehottaa someseuraajiaan punnitsemaan ainakin kahteen kertaan, ovatko t\u00e4yteainehoidot todella ottamisen arvoisia.\u00a0<\/p>\n<p>        <a itemprop=\"url\" href=\"https:\/\/www.seiska.fi\/kotimaa\/eronnut-erna-husko-hiukset-lahtivat\/2084875\" rel=\"nofollow noopener\" target=\"_blank\"><\/p>\n<p>\nErna Husko\n<\/p>\n<p class=\"section-date\">\n        <strong class=\"article-section\" data-section=\"kotimaa\"><br \/>\n            kotimaa<br \/>\n        <\/strong><br \/>\n        24.2. 19:30\n    <\/p>\n<p>Eronnut Erna Husko: Hiukset l\u00e4htiv\u00e4t!\n    <\/p>\n<p itemprop=\"description\" class=\"subtitle \">\n    Mennyt vuosi osoittautui fitnesskaunottarelle poikkeuksellisen raskaaksi.\n<\/p>\n<p>        <\/a><\/p>\n<p class=\"article-content article-content-width !bg-background\">\u2013 M\u00e4 oon kyll\u00e4 katunut niin paljon. Jos ne [t\u00e4yteaineet] menev\u00e4t v\u00e4\u00e4rin tai niit\u00e4 on liikaa, niin kasvot on pilalla, Erna toteaa Instagram-tarinassa, joka poistuu keskiviikkona (4.3.).\u00a0<\/p>\n<p>Huulet kapseloituivat<\/p>\n<p class=\"article-content article-content-width !bg-background\">Erna muistuttaa videolla, ett\u00e4 jokainen ihminen on hyv\u00e4 sellaisena kun on. H\u00e4n itse rummuttaa nyky\u00e4\u00e4n luonnollisemman lookin puolesta. Lopputulemaan h\u00e4n on tullut niin sanotusti kantap\u00e4\u00e4n kautta.\u00a0<\/p>\n<p class=\"article-content article-content-width !bg-background\">\u2013 Tein sen virheen joskus nuorempana et laitoin liikaa t\u00e4ytett\u00e4 ja sit ne kapseloitu, Erna kertoo.\u00a0<\/p>\n<p>Pitk\u00e4llinen prosessi<\/p>\n<p class=\"article-content article-content-width !bg-background\">Ensimm\u00e4isen kerran Erna k\u00e4vi poistattamassa t\u00e4yteaineita jo vuonna 2023. Kuluvana talvena h\u00e4n on k\u00e4ynyt operaatiossa kahteen kertaan.<\/p>\n<p>        <a itemprop=\"url\" href=\"https:\/\/www.seiska.fi\/kotimaa\/oho-erna-husko-yllattaa-muodonmuutoksellaan\/1968382\" rel=\"nofollow noopener\" target=\"_blank\"><\/p>\n<p>\nOho!\n<\/p>\n<p class=\"section-date\">\n        <strong class=\"article-section\" data-section=\"kotimaa\"><br \/>\n            kotimaa<br \/>\n        <\/strong><br \/>\n        21.10.2025 13:57\n    <\/p>\n<p>Oho! Erna Husko yll\u00e4tt\u00e4\u00e4 muodonmuutoksellaan\n    <\/p>\n<p itemprop=\"description\" class=\"subtitle \">\n    Erna paljastaa k\u00e4yneens\u00e4 viime aikoina suosioon nousseessa operaatiossa.\n<\/p>\n<p>        <\/a><\/p>\n<p class=\"article-content article-content-width !bg-background\">Somejulkaisujensa perusteella Erna on varsin tyytyv\u00e4inen poiston tuloksiin. H\u00e4n kuvailee erityisesti amorinkaaren erottuvan paremmin ilman ylim\u00e4\u00e4r\u00e4ist\u00e4 t\u00e4ytett\u00e4. Sanojensa tueksi h\u00e4n on liitt\u00e4nyt stooreihinsa kasvoistaan kuvia ajalta, kun niiss\u00e4 oli viel\u00e4 t\u00e4ytteit\u00e4.<\/p>\n<p class=\"article-content article-content-width !bg-background\">\u2013 Omalle lookille sokaistuu, kun on jotkut ankkahuulet. Mutta ei en\u00e4\u00e4, Erna nauraa.\u00a0<\/p>\n","protected":false},"excerpt":{"rendered":"ATTE KAJOVA Erna esittelee viimeisimm\u00e4n operaationsa tuloksia ja kertoo, miksi p\u00e4\u00e4tyi nykyiseen ratkaisuun. Somevaikuttaja , 28, paljasti hiljattain&hellip;\n","protected":false},"author":2,"featured_media":185550,"comment_status":"","ping_status":"","sticky":false,"template":"","format":"standard","meta":{"footnotes":"","_share_on_mastodon":"0"},"categories":[130],"tags":[137,6506,33,31,30,29376,29375,2682,15175,29378,2210,32,29377,29374,109],"class_list":["post-185549","post","type-post","status-publish","format-standard","has-post-thumbnail","category-viihde","tag-entertainment","tag-erna-husko","tag-fi","tag-finland","tag-finnish","tag-huulet","tag-huulitayte","tag-kauneus","tag-kauneusoperaatio","tag-luonnollinen-ulkonako","tag-somevaikuttaja","tag-suomi","tag-tayteaineet","tag-tayteaineiden-poisto","tag-viihde"],"share_on_mastodon":{"url":"https:\/\/pubeurope.com\/@fi\/116171766679099608","error":""},"_links":{"self":[{"href":"https:\/\/www.europesays.com\/fi\/wp-json\/wp\/v2\/posts\/185549","targetHints":{"allow":["GET"]}}],"collection":[{"href":"https:\/\/www.europesays.com\/fi\/wp-json\/wp\/v2\/posts"}],"about":[{"href":"https:\/\/www.europesays.com\/fi\/wp-json\/wp\/v2\/types\/post"}],"author":[{"embeddable":true,"href":"https:\/\/www.europesays.com\/fi\/wp-json\/wp\/v2\/users\/2"}],"replies":[{"embeddable":true,"href":"https:\/\/www.europesays.com\/fi\/wp-json\/wp\/v2\/comments?post=185549"}],"version-history":[{"count":0,"href":"https:\/\/www.europesays.com\/fi\/wp-json\/wp\/v2\/posts\/185549\/revisions"}],"wp:featuredmedia":[{"embeddable":true,"href":"https:\/\/www.europesays.com\/fi\/wp-json\/wp\/v2\/media\/185550"}],"wp:attachment":[{"href":"https:\/\/www.europesays.com\/fi\/wp-json\/wp\/v2\/media?parent=185549"}],"wp:term":[{"taxonomy":"category","embeddable":true,"href":"https:\/\/www.europesays.com\/fi\/wp-json\/wp\/v2\/categories?post=185549"},{"taxonomy":"post_tag","embeddable":true,"href":"https:\/\/www.europesays.com\/fi\/wp-json\/wp\/v2\/tags?post=185549"}],"curies":[{"name":"wp","href":"https:\/\/api.w.org\/{rel}","templated":true}]}}