{"id":185578,"date":"2026-03-04T16:58:07","date_gmt":"2026-03-04T16:58:07","guid":{"rendered":"https:\/\/www.europesays.com\/fi\/185578\/"},"modified":"2026-03-04T16:58:07","modified_gmt":"2026-03-04T16:58:07","slug":"annika-ja-emil-larmi-saivat-laakarilta-musertavia-uutisia","status":"publish","type":"post","link":"https:\/\/www.europesays.com\/fi\/185578\/","title":{"rendered":"Annika ja Emil Larmi saivat l\u00e4\u00e4k\u00e4rilt\u00e4 musertavia uutisia"},"content":{"rendered":"<p>J\u00e4\u00e4kiekkomaalivahti<strong> Emil Larmin<\/strong> ja h\u00e4nen vaimonsa<strong> Annika Larmin <\/strong>el\u00e4m\u00e4ss\u00e4 on viime vuosina ollut sek\u00e4 suurta onnea ett\u00e4 musertavia menetyksi\u00e4. Pariskunnalla on 2,5-vuotias tyt\u00e4r. Onnistuneen raskauden j\u00e4lkeen pariskunta koki vuoden sis\u00e4ll\u00e4 kaksi keskenmenoa.<\/p>\n<p>Nyt Larmit kertovat saaneensa l\u00e4\u00e4k\u00e4rilt\u00e4 tiedon, joka selitt\u00e4\u00e4 aiemmat menetykset.<\/p>\n<p>\u2013 Saimme tiet\u00e4\u00e4, ett\u00e4 olemme mieheni kanssa molemmat samaa sairautta aiheuttavan geenivirheen oireettomia kantajia. On superharvinaista, ett\u00e4 kannamme molemmat samaa geenivirhett\u00e4, Annika Larmi kertoo <a href=\"https:\/\/www.instagram.com\/annikalarmi\/\" target=\"_blank\" rel=\"noreferrer noopener nofollow\">Instagram-tilill\u00e4\u00e4n<\/a>.<\/p>\n<blockquote class=\"instagram-media\" data-instgrm-captioned=\"\" data-instgrm-permalink=\"https:\/\/www.instagram.com\/p\/DVbW7bjAhLO\/?utm_source=ig_embed&amp;utm_campaign=loading\" data-instgrm-version=\"14\" style=\" background:#FFF; border:0; border-radius:3px; box-shadow:0 0 1px 0 rgba(0,0,0,0.5),0 1px 10px 0 rgba(0,0,0,0.15); margin: 1px; max-width:540px; min-width:326px; padding:0; width:99.375%; width:-webkit-calc(100% - 2px); width:calc(100% - 2px);\"\/>\n<p>Sairaus johtaa kuolemaan jo raskausaikana, viimeist\u00e4\u00e4n raskausviikolla 32. Mahdollisuus siihen, ett\u00e4 lapsi perii virheen molemmilta vanhemmiltaan, <a href=\"https:\/\/www.terveyskyla.fi\/genetiikkajaharvinaiset\/tietoa\/harvinaissairauksista-ja-genetiikasta\/sairauksien-periytyminen\/sairauksien-periytymistavat-peittyva-periytyminen\" target=\"_blank\" rel=\"noreferrer noopener nofollow\">on 25 prosenttia jokaisessa raskaudessa<\/a>. Lapsesta voi tulla my\u00f6s oireeton kantaja tai geenivirheen suhteen terve.\u00a0<\/p>\n<p>Annika kuvaa tiedon saamista pys\u00e4ytt\u00e4v\u00e4ksi:<\/p>\n<p>\u2013 Olo on h\u00e4mmentynyt, vihainen, surullinen, ep\u00e4uskoinen, mutta samalla huojentunut. Nyt meill\u00e4 on tieto siit\u00e4, mik\u00e4 sairaus meid\u00e4n vauvoilla on ollut ja mist\u00e4 se johtuu.<\/p>\n<p>Uusi raskaus etenee, mutta ep\u00e4varmuus on l\u00e4sn\u00e4<\/p>\n<p>Pariskunta odottaa parhaillaan uutta perheenlis\u00e4yst\u00e4. 10. raskausviikon ultra\u00e4\u00e4nitutkimuksessa kaikki n\u00e4ytti normaalilta, mik\u00e4 toi toivoa. Samalla pelko tulevasta leijuu ilmassa.<\/p>\n<p>\u2013 Poikkeamat alkavat usein n\u00e4ky\u00e4 v\u00e4h\u00e4n my\u00f6hemmill\u00e4 viikoilla, joten ei voida olla varmoja siit\u00e4, onko vauva sairas vai ei, Annika kertoo Instagramissaan.<\/p>\n<p>Muutaman viikon kuluttua otettava istukkan\u00e4yte kertoo, onko siki\u00f6 perinyt geenivirheen vanhemmiltaan.<\/p>\n<p>    Artikkeliin liittyv\u00e4t aiheet<\/p>\n<p>                  <script async src=\"\/\/www.instagram.com\/embed.js\"><\/script><\/p>\n","protected":false},"excerpt":{"rendered":"J\u00e4\u00e4kiekkomaalivahti Emil Larmin ja h\u00e4nen vaimonsa Annika Larmin el\u00e4m\u00e4ss\u00e4 on viime vuosina ollut sek\u00e4 suurta onnea ett\u00e4 musertavia&hellip;\n","protected":false},"author":2,"featured_media":185579,"comment_status":"","ping_status":"","sticky":false,"template":"","format":"standard","meta":{"footnotes":"","_share_on_mastodon":"0"},"categories":[130],"tags":[137,33,31,30,468,3425,32,109],"class_list":["post-185578","post","type-post","status-publish","format-standard","has-post-thumbnail","category-viihde","tag-entertainment","tag-fi","tag-finland","tag-finnish","tag-geenit","tag-keskenmeno","tag-suomi","tag-viihde"],"share_on_mastodon":{"url":"https:\/\/pubeurope.com\/@fi\/116171971132313757","error":""},"_links":{"self":[{"href":"https:\/\/www.europesays.com\/fi\/wp-json\/wp\/v2\/posts\/185578","targetHints":{"allow":["GET"]}}],"collection":[{"href":"https:\/\/www.europesays.com\/fi\/wp-json\/wp\/v2\/posts"}],"about":[{"href":"https:\/\/www.europesays.com\/fi\/wp-json\/wp\/v2\/types\/post"}],"author":[{"embeddable":true,"href":"https:\/\/www.europesays.com\/fi\/wp-json\/wp\/v2\/users\/2"}],"replies":[{"embeddable":true,"href":"https:\/\/www.europesays.com\/fi\/wp-json\/wp\/v2\/comments?post=185578"}],"version-history":[{"count":0,"href":"https:\/\/www.europesays.com\/fi\/wp-json\/wp\/v2\/posts\/185578\/revisions"}],"wp:featuredmedia":[{"embeddable":true,"href":"https:\/\/www.europesays.com\/fi\/wp-json\/wp\/v2\/media\/185579"}],"wp:attachment":[{"href":"https:\/\/www.europesays.com\/fi\/wp-json\/wp\/v2\/media?parent=185578"}],"wp:term":[{"taxonomy":"category","embeddable":true,"href":"https:\/\/www.europesays.com\/fi\/wp-json\/wp\/v2\/categories?post=185578"},{"taxonomy":"post_tag","embeddable":true,"href":"https:\/\/www.europesays.com\/fi\/wp-json\/wp\/v2\/tags?post=185578"}],"curies":[{"name":"wp","href":"https:\/\/api.w.org\/{rel}","templated":true}]}}