{"id":18572,"date":"2025-08-28T08:18:47","date_gmt":"2025-08-28T08:18:47","guid":{"rendered":"https:\/\/www.europesays.com\/fi\/18572\/"},"modified":"2025-08-28T08:18:47","modified_gmt":"2025-08-28T08:18:47","slug":"huippusuosittu-mikko-peltola-kuvaa-parhaillaan-peltsin-toinen-luonto-sarjaa-etela-karjalassa-hiitolanjoki-oli-hanelle-iso-ja-tarkea-kokemus-paikalliset","status":"publish","type":"post","link":"https:\/\/www.europesays.com\/fi\/18572\/","title":{"rendered":"Huippusuosittu Mikko Peltola kuvaa parhaillaan Peltsin toinen luonto -sarjaa Etel\u00e4-Karjalassa\u2009\u2013\u2009Hiitolanjoki oli h\u00e4nelle iso ja t\u00e4rke\u00e4 kokemus | Paikalliset"},"content":{"rendered":"<p>Luonto-ohjelmaa tehd\u00e4\u00e4n nyt viidett\u00e4 tuotantokautta. Avausjaksossa py\u00f6r\u00e4ill\u00e4\u00e4n Hiitolanjoelta Lappeenrantaan.<\/p>\n<p>Kolmen miehen seurue l\u00e4hti simpelel\u00e4isen B&amp;B Hiitolanjoen pihasta reilun 140 kilometrin py\u00f6r\u00e4matkalle maanantaina 3. maaliskuuta. Helsinkil\u00e4isen juontaja-toimittajan <strong>Mikko &#8221;Peltsi&#8221; Peltolan<\/strong> lis\u00e4ksi l\u00e4skipy\u00f6rien selk\u00e4\u00e4n hypp\u00e4siv\u00e4t taipalsaarelainen valokuvaaja <strong>Mikko Nikkinen<\/strong> ja vastik\u00e4\u00e4n Lappeenrantaan muuttanut visuaalinen journalisti <strong>Juha Korhonen<\/strong>.<\/p>\n","protected":false},"excerpt":{"rendered":"Luonto-ohjelmaa tehd\u00e4\u00e4n nyt viidett\u00e4 tuotantokautta. Avausjaksossa py\u00f6r\u00e4ill\u00e4\u00e4n Hiitolanjoelta Lappeenrantaan. Kolmen miehen seurue l\u00e4hti simpelel\u00e4isen B&amp;B Hiitolanjoen pihasta reilun&hellip;\n","protected":false},"author":2,"featured_media":18573,"comment_status":"","ping_status":"","sticky":false,"template":"","format":"standard","meta":{"footnotes":""},"categories":[117],"tags":[153,33,31,30,3667,4508,1446,72,476,118,3843,32,119,140,139,477],"class_list":{"0":"post-18572","1":"post","2":"type-post","3":"status-publish","4":"format-standard","5":"has-post-thumbnail","7":"category-luonto","8":"tag-audiovisuaalinen-media","9":"tag-fi","10":"tag-finland","11":"tag-finnish","12":"tag-lappee","13":"tag-lappeenrannan-seutukunta","14":"tag-lappeenranta","15":"tag-luonto","16":"tag-nature","17":"tag-science","18":"tag-suomalaiset-nayttelijat","19":"tag-suomi","20":"tag-tiede","21":"tag-tv-ja-elokuvat","22":"tag-tv-ohjelmat","23":"tag-wildlife"},"share_on_mastodon":{"url":"","error":""},"_links":{"self":[{"href":"https:\/\/www.europesays.com\/fi\/wp-json\/wp\/v2\/posts\/18572","targetHints":{"allow":["GET"]}}],"collection":[{"href":"https:\/\/www.europesays.com\/fi\/wp-json\/wp\/v2\/posts"}],"about":[{"href":"https:\/\/www.europesays.com\/fi\/wp-json\/wp\/v2\/types\/post"}],"author":[{"embeddable":true,"href":"https:\/\/www.europesays.com\/fi\/wp-json\/wp\/v2\/users\/2"}],"replies":[{"embeddable":true,"href":"https:\/\/www.europesays.com\/fi\/wp-json\/wp\/v2\/comments?post=18572"}],"version-history":[{"count":0,"href":"https:\/\/www.europesays.com\/fi\/wp-json\/wp\/v2\/posts\/18572\/revisions"}],"wp:featuredmedia":[{"embeddable":true,"href":"https:\/\/www.europesays.com\/fi\/wp-json\/wp\/v2\/media\/18573"}],"wp:attachment":[{"href":"https:\/\/www.europesays.com\/fi\/wp-json\/wp\/v2\/media?parent=18572"}],"wp:term":[{"taxonomy":"category","embeddable":true,"href":"https:\/\/www.europesays.com\/fi\/wp-json\/wp\/v2\/categories?post=18572"},{"taxonomy":"post_tag","embeddable":true,"href":"https:\/\/www.europesays.com\/fi\/wp-json\/wp\/v2\/tags?post=18572"}],"curies":[{"name":"wp","href":"https:\/\/api.w.org\/{rel}","templated":true}]}}