{"id":18590,"date":"2025-08-28T08:42:08","date_gmt":"2025-08-28T08:42:08","guid":{"rendered":"https:\/\/www.europesays.com\/fi\/18590\/"},"modified":"2025-08-28T08:42:08","modified_gmt":"2025-08-28T08:42:08","slug":"5-vuotias-viettaa-jopa-viisi-tuntia-paivassa-puhelimella-aiti-ei-tieda-mita-tehda","status":"publish","type":"post","link":"https:\/\/www.europesays.com\/fi\/18590\/","title":{"rendered":"5-vuotias viett\u00e4\u00e4 jopa viisi tuntia p\u00e4iv\u00e4ss\u00e4 puhelimella \u2013 \u00c4iti ei tied\u00e4, mit\u00e4 tehd\u00e4"},"content":{"rendered":"<p>Viisivuotiaan lapsen \u00e4iti on neuvoton lapsensa puhelinriippuvuuden takia, kertoo Helsingin Sanomat.<\/p>\n<p><img decoding=\"async\" class=\"image image-show image-preview\" src=\"https:\/\/www.europesays.com\/fi\/wp-content\/uploads\/2025\/08\/74896bbf14604e5863ad69426a5026824b70072e0c3ed6e8a979dc8025f6d89c.jpg\" alt=\"\"\/><img decoding=\"async\" class=\"image image-show\" src=\"https:\/\/www.europesays.com\/fi\/wp-content\/uploads\/2025\/08\/1756370528_384_74896bbf14604e5863ad69426a5026824b70072e0c3ed6e8a979dc8025f6d89c.jpg\" alt=\"\"\/><\/p>\n<p>Kuvituskuva. Adobe Stock \/ AOP<\/p>\n<p class=\"paragraph\">Helsinkil\u00e4is\u00e4iti on neuvoton lapsensa puhelinriippuvuuden takia. \u00c4idin mukaan viisivuotias lapsi ahdistuu valtavasti, kun ei saa k\u00e4nnykk\u00e4\u00e4 k\u00e4teens\u00e4. \u00c4iti kertoi asiasta <a href=\"https:\/\/www.hs.fi\/helsinki\/art-2000011452194.html\" target=\"_blank\" rel=\"noopener nofollow\">Helsingin Sanomien haastattelussa<\/a> nimett\u00f6m\u00e4sti.<\/p>\n<p class=\"paragraph\">P\u00e4iv\u00e4koti-ik\u00e4inen lapsi viett\u00e4\u00e4 puhelimella v\u00e4hint\u00e4\u00e4n kaksi tuntia p\u00e4iv\u00e4ss\u00e4, joskus jopa viisi. Lapsi katsoo etenkin Youtube Kids -videoita.<\/p>\n<p class=\"paragraph\">Pojan \u00e4iti kokee, ettei saa mist\u00e4\u00e4n apua ongelmaan.<\/p>\n<p class=\"paragraph\">\u2013 Neuvolasta ei osata sanoa, miten k\u00e4nnyk\u00e4n saisi lapselta pois. Kukaan ei kerro, miten toimia, \u00e4iti sanoi HS:lle.<\/p>\n<p class=\"paragraph\">Kun puhelin otetaan pois, lapsi reagoi huutamalla ja kiukuttelemalla.<\/p>\n<p class=\"paragraph\">HS:n jutussa \u00e4iti pohtii jo nyt, miten lapsen koulunk\u00e4ynti sujuu tulevaisuudessa. Tuoreen lakimuutoksen my\u00f6t\u00e4 puhelinten k\u00e4ytt\u00f6 oppitunneilla on kielletty. H\u00e4n pelk\u00e4\u00e4 my\u00f6s, ett\u00e4 avokonttorimaiset koulutilat vaikeuttavat lapsen sopeutumista.<\/p>\n","protected":false},"excerpt":{"rendered":"Viisivuotiaan lapsen \u00e4iti on neuvoton lapsensa puhelinriippuvuuden takia, kertoo Helsingin Sanomat. Kuvituskuva. Adobe Stock \/ AOP Helsinkil\u00e4is\u00e4iti on&hellip;\n","protected":false},"author":2,"featured_media":18591,"comment_status":"","ping_status":"","sticky":false,"template":"","format":"standard","meta":{"footnotes":""},"categories":[12],"tags":[22,23,26,27,33,31,30,17,101,1390,99,100,24,25,28,29,15,18,21,98,32,19,20,16,102],"class_list":{"0":"post-18590","1":"post","2":"type-post","3":"status-publish","4":"format-standard","5":"has-post-thumbnail","7":"category-suomi","8":"tag-breaking-news","9":"tag-breakingnews","10":"tag-featured-news","11":"tag-featurednews","12":"tag-fi","13":"tag-finland","14":"tag-finnish","15":"tag-headlines","16":"tag-ihmissuhteet","17":"tag-kuukausi","18":"tag-lapset","19":"tag-lapset-ja-nuoret","20":"tag-latest-news","21":"tag-latestnews","22":"tag-main-news","23":"tag-mainnews","24":"tag-news","25":"tag-otsikot","26":"tag-paauutiset","27":"tag-perhe","28":"tag-suomi","29":"tag-top-stories","30":"tag-topstories","31":"tag-uutiset","32":"tag-vanhemmat"},"share_on_mastodon":{"url":"","error":""},"_links":{"self":[{"href":"https:\/\/www.europesays.com\/fi\/wp-json\/wp\/v2\/posts\/18590","targetHints":{"allow":["GET"]}}],"collection":[{"href":"https:\/\/www.europesays.com\/fi\/wp-json\/wp\/v2\/posts"}],"about":[{"href":"https:\/\/www.europesays.com\/fi\/wp-json\/wp\/v2\/types\/post"}],"author":[{"embeddable":true,"href":"https:\/\/www.europesays.com\/fi\/wp-json\/wp\/v2\/users\/2"}],"replies":[{"embeddable":true,"href":"https:\/\/www.europesays.com\/fi\/wp-json\/wp\/v2\/comments?post=18590"}],"version-history":[{"count":0,"href":"https:\/\/www.europesays.com\/fi\/wp-json\/wp\/v2\/posts\/18590\/revisions"}],"wp:featuredmedia":[{"embeddable":true,"href":"https:\/\/www.europesays.com\/fi\/wp-json\/wp\/v2\/media\/18591"}],"wp:attachment":[{"href":"https:\/\/www.europesays.com\/fi\/wp-json\/wp\/v2\/media?parent=18590"}],"wp:term":[{"taxonomy":"category","embeddable":true,"href":"https:\/\/www.europesays.com\/fi\/wp-json\/wp\/v2\/categories?post=18590"},{"taxonomy":"post_tag","embeddable":true,"href":"https:\/\/www.europesays.com\/fi\/wp-json\/wp\/v2\/tags?post=18590"}],"curies":[{"name":"wp","href":"https:\/\/api.w.org\/{rel}","templated":true}]}}