{"id":186016,"date":"2026-03-05T06:50:10","date_gmt":"2026-03-05T06:50:10","guid":{"rendered":"https:\/\/www.europesays.com\/fi\/186016\/"},"modified":"2026-03-05T06:50:10","modified_gmt":"2026-03-05T06:50:10","slug":"eronnut-janni-hussi-laulajakomistuksen-kanssa-kuva","status":"publish","type":"post","link":"https:\/\/www.europesays.com\/fi\/186016\/","title":{"rendered":"Eronnut Janni Hussi laulajakomistuksen kanssa &#8211; kuva!"},"content":{"rendered":"<p>            Timo Korhonen\n        <\/p>\n<p class=\"subtitle \">Janni p\u00e4\u00e4si tapaamaan kansainv\u00e4list\u00e4 t\u00e4hte\u00e4.<\/p>\n<p class=\"article-content article-content-width !bg-background\">Kartanlukija ja mediapersoona  osallistui helmikuussa Ruotsin MM-ralliin yhdess\u00e4  kanssa.\u00a0<\/p>\n<p class=\"font-weight-bold m-font-weight-bold article-content article-content-width !bg-background\">Video: N\u00e4in Janni Hussi on muuttunut:<\/p>\n<p class=\"article-content article-content-width !bg-background\">Lupaavasti alkaneesta yhteisty\u00f6st\u00e4 huolimatta Janni ei ole t\u00e4ysin k\u00e4\u00e4nt\u00e4nyt selk\u00e4\u00e4ns\u00e4 entiselle ralliparilleen . <a href=\"https:\/\/www.seiska.fi\/urheilu\/jymypaljastus-jari-matti-latvala-ja-janni-hussi-jalleen-yhdessa-turha-sita-on-kieltaakaan\/2090144\" target=\"_blank\" rel=\"nofollow noopener\">Seiska uutisoi alkuviikosta kaksikon kisaavan yhdess\u00e4<\/a> j\u00e4lleen tulevana viikonloppuna.\u00a0<\/p>\n<p>        <a itemprop=\"url\" href=\"https:\/\/www.seiska.fi\/kotimaa\/janni-hussilta-henkilokohtainen-paljastus-kuvat\/2090950\" rel=\"nofollow noopener\" target=\"_blank\"><\/p>\n<p>\nKatso kuvat\n<\/p>\n<p class=\"section-date\">\n        <strong class=\"article-section\" data-section=\"kotimaa\"><br \/>\n            kotimaa<br \/>\n        <\/strong><br \/>\n        4.3. 05:00\n    <\/p>\n<p>Janni Hussilta henkil\u00f6kohtainen paljastus \u2013 kuvat!\n    <\/p>\n<p itemprop=\"description\" class=\"subtitle \">\n    Janni Hussi paljasti itsest\u00e4\u00e4n uuden puolen.\n<\/p>\n<p>        <\/a><\/p>\n<p class=\"article-content article-content-width !bg-background\">Jari-Matti kertoi Seiskalle suuntaavansa Jannin kanssa Espanjaan, jossa k\u00e4yd\u00e4\u00e4n Costa Brava -ralli.\u00a0<\/p>\n<p>                <img decoding=\"async\" src=\"https:\/\/www.europesays.com\/fi\/wp-content\/uploads\/2026\/03\/2093608.webp.jpeg\" width=\"576\" height=\"720\" alt=\"Ralli vie Jannia ymp\u00e4ri maailmaa. Arkistokuva 2025.\" loading=\"lazy\" \/>            <\/p>\n<p>\n            Ralli vie Jannia ymp\u00e4ri maailmaa. Arkistokuva 2025.<br \/>\n            Timo Korhonen\n        <\/p>\n<p class=\"article-content article-content-width !bg-background\">\u2013\u00a0Olen todella tyk\u00e4nnyt tehd\u00e4 t\u00f6it\u00e4 Jannin kanssa. Siit\u00e4 on tosi hyv\u00e4 fiilis. Janni on huippukartturi, Jari-Matti kehui kollegaansa.<\/p>\n<p>Rallia ja PR:\u00e4\u00e4<\/p>\n<p class=\"article-content article-content-width !bg-background\">Janni ja Jari-Matti ovat parhaillaan Espanjassa. Viikkoon on kuulunut tavanomaisia testej\u00e4, mutta my\u00f6s tavallisesta poikkeavia tilaisuuksia. Janni paljastaa sometarinoissaan osallistuneensa matkallaan PR-tapahtumaan.\u00a0<\/p>\n<p>        <a itemprop=\"url\" href=\"https:\/\/www.seiska.fi\/urheilu\/jymypaljastus-jari-matti-latvala-ja-janni-hussi-jalleen-yhdessa-turha-sita-on-kieltaakaan\/2090144\" rel=\"nofollow noopener\" target=\"_blank\"><\/p>\n<p>\nJymypaljastus!\n<\/p>\n<p class=\"section-date\">\n        <strong class=\"article-section\" data-section=\"urheilu\"><br \/>\n            urheilu<br \/>\n        <\/strong><br \/>\n        3.3. 07:00\n    <\/p>\n<p>Jymypaljastus! Jari-Matti Latvala ja Janni Hussi j\u00e4lleen yhdess\u00e4 \u2013 \u201cTurha sit\u00e4 on kielt\u00e4\u00e4k\u00e4\u00e4n\u201d\n    <\/p>\n<p itemprop=\"description\" class=\"subtitle \">\n    Kansaa kovasti kiinnostavan rallikaksikon hedelm\u00e4llinen yhteisty\u00f6 jatkuu j\u00e4lleen.\n<\/p>\n<p>        <\/a><\/p>\n<p class=\"article-content article-content-width !bg-background\">\u2013 PR-tapahtumia on erilaisia, mutta t\u00e4m\u00e4 nyt sattuu olemaan Michelin-ravintolassa, Janni toteaa Instagramiin julkaisemallaan laittautumisvideolla. Julkaisu poistuu torstai-iltana (5.3.).<\/p>\n<p class=\"article-content article-content-width !bg-background\">Janni my\u00f6nt\u00e4\u00e4, ett\u00e4 vaikka verkkareissa viihtyykin, t\u00e4ll\u00e4 kertaa sellaisissa ei liikenteeseen ole asiaa. Videolla meikkaillessaan ja hiuksiaan kihartaessaan Janni paljastaa, ett\u00e4 PR-tapahtumaan on saapumassa my\u00f6s er\u00e4s kansainv\u00e4linen t\u00e4htiartisti. Kartturi odottaa staran tapaamista innolla.\u00a0<\/p>\n<p class=\"article-content article-content-width !bg-background\">\u2013 T\u00e4n\u00e4\u00e4n m\u00e4 menen pyyt\u00e4m\u00e4\u00e4n yhteiskuvaa, Janni ilmoittaa p\u00e4\u00e4tt\u00e4v\u00e4isesti.\u00a0<\/p>\n<p>Komistuksen kainalossa<\/p>\n<p class=\"article-content article-content-width !bg-background\">Jannin my\u00f6hemmist\u00e4 somejulkaisuista selvi\u00e4\u00e4, ett\u00e4 artisti on suostunut kartturin pyynt\u00f6\u00f6n.\u00a0<\/p>\n<p>        <a itemprop=\"url\" href=\"https:\/\/www.seiska.fi\/katso\/joel-harkimon-tv-paljastus-sai-kansan-kiehumaan-janni-hussille-sataa-tukea\/2088144\" rel=\"nofollow noopener\" target=\"_blank\"><\/p>\n<p>\nJoelin paljastus suututti somen\n<\/p>\n<p class=\"section-date\">\n        <strong class=\"article-section\" data-section=\"katso\"><br \/>\n            katso<br \/>\n        <\/strong><br \/>\n        27.2. 11:15\n    <\/p>\n<p>Joel Harkimon tv-paljastus sai kansan kiehumaan: Janni Hussille sataa tukea\n    <\/p>\n<p itemprop=\"description\" class=\"subtitle \">\n    Joelin ja t\u00e4m\u00e4n suvun toiminta on tuomittu ajattelemattomana.\n<\/p>\n<p>        <\/a><\/p>\n<p class=\"article-content article-content-width !bg-background\">Janni poseeraa kuvassa espanjalaislaulaja\u00a0 kanssa. Komistus tunnetaan hiteist\u00e4\u00e4n Sofia ja La Cintura.\u00a0<\/p>\n<p class=\"article-content article-content-width !bg-background\">\u2013 Okei. Fan girl moment, Janni kirjoittaa stooriensa puolella englanniksi.\u00a0<\/p>\n<p class=\"italic m-italic article-content article-content-width !bg-background\">Jos upotus ei n\u00e4y, <a href=\"https:\/\/www.instagram.com\/p\/DVeS3NHgAcR\/\" target=\"_blank\" rel=\"nofollow noopener\">voit katsoa julkaisun t\u00e4\u00e4lt\u00e4<\/a>.<\/p>\n<p><script async src=\"\/\/www.instagram.com\/embed.js\"><\/script><\/p>\n","protected":false},"excerpt":{"rendered":"Timo Korhonen Janni p\u00e4\u00e4si tapaamaan kansainv\u00e4list\u00e4 t\u00e4hte\u00e4. Kartanlukija ja mediapersoona osallistui helmikuussa Ruotsin MM-ralliin yhdess\u00e4 kanssa.\u00a0 Video: N\u00e4in&hellip;\n","protected":false},"author":2,"featured_media":186017,"comment_status":"","ping_status":"","sticky":false,"template":"","format":"standard","meta":{"footnotes":"","_share_on_mastodon":"0"},"categories":[136],"tags":[29422,407,29421,137,1819,33,31,30,2597,3631,408,13057,16887,6208,212,29420,3240,32,18232,109],"class_list":["post-186016","post","type-post","status-publish","format-standard","has-post-thumbnail","category-julkkikset","tag-alvaro-soler","tag-celebrities","tag-costa-brava-ralli","tag-entertainment","tag-espanja","tag-fi","tag-finland","tag-finnish","tag-janni-hussi","tag-jari-matti-latvala","tag-julkkikset","tag-kartturi","tag-komistus","tag-kuva","tag-lifestyle","tag-pr-tapahtuma","tag-ralli","tag-suomi","tag-teemu-suninen","tag-viihde"],"share_on_mastodon":{"url":"https:\/\/pubeurope.com\/@fi\/116175242864578704","error":""},"_links":{"self":[{"href":"https:\/\/www.europesays.com\/fi\/wp-json\/wp\/v2\/posts\/186016","targetHints":{"allow":["GET"]}}],"collection":[{"href":"https:\/\/www.europesays.com\/fi\/wp-json\/wp\/v2\/posts"}],"about":[{"href":"https:\/\/www.europesays.com\/fi\/wp-json\/wp\/v2\/types\/post"}],"author":[{"embeddable":true,"href":"https:\/\/www.europesays.com\/fi\/wp-json\/wp\/v2\/users\/2"}],"replies":[{"embeddable":true,"href":"https:\/\/www.europesays.com\/fi\/wp-json\/wp\/v2\/comments?post=186016"}],"version-history":[{"count":0,"href":"https:\/\/www.europesays.com\/fi\/wp-json\/wp\/v2\/posts\/186016\/revisions"}],"wp:featuredmedia":[{"embeddable":true,"href":"https:\/\/www.europesays.com\/fi\/wp-json\/wp\/v2\/media\/186017"}],"wp:attachment":[{"href":"https:\/\/www.europesays.com\/fi\/wp-json\/wp\/v2\/media?parent=186016"}],"wp:term":[{"taxonomy":"category","embeddable":true,"href":"https:\/\/www.europesays.com\/fi\/wp-json\/wp\/v2\/categories?post=186016"},{"taxonomy":"post_tag","embeddable":true,"href":"https:\/\/www.europesays.com\/fi\/wp-json\/wp\/v2\/tags?post=186016"}],"curies":[{"name":"wp","href":"https:\/\/api.w.org\/{rel}","templated":true}]}}