{"id":18621,"date":"2025-08-28T09:32:07","date_gmt":"2025-08-28T09:32:07","guid":{"rendered":"https:\/\/www.europesays.com\/fi\/18621\/"},"modified":"2025-08-28T09:32:07","modified_gmt":"2025-08-28T09:32:07","slug":"vanhemmat-haluavat-valvoa-lastensa-viesteja-teini-ikaan-asti","status":"publish","type":"post","link":"https:\/\/www.europesays.com\/fi\/18621\/","title":{"rendered":"Vanhemmat haluavat valvoa lastensa viestej\u00e4 teini-ik\u00e4\u00e4n asti"},"content":{"rendered":"<p class=\"ai-optimize-6 ai-optimize-introduction\">Samsungin tilaaman kyselytutkimuksen mukaan 39 prosenttia suomalaisista vanhemmista pit\u00e4\u00e4 t\u00e4rke\u00e4n\u00e4, ett\u00e4 he voivat valvoa nuoren sijaintia \u00e4lylaitteiden avulla 15-vuotiaaksi tai sit\u00e4 vanhemmaksi.<\/p>\n<p class=\"ai-optimize-7\">Vastaajista 18 prosenttia haluaa seurata lastensa sijaintia 11\u201312-vuotiaaksi ja 26 prosenttia 13\u201314-vuotiaaksi. Vain kolme prosenttia kokee, ett\u00e4 vanhempien ei tulisi lainkaan voida seurata lastensa sijaintitietoja.<\/p>\n<p class=\"ai-optimize-8\">Samsungin maajohtaja <strong>Mika Engblomin<\/strong> mukaan kyselyn perusteella vanhemmat kokevat eritt\u00e4in t\u00e4rke\u00e4ksi lapsen sijainnin seurannan.<\/p>\n<p class=\"ai-optimize-9\">\u2013 Asiasta kannattaa kuitenkin keskustella varsinkin nuoren kanssa, sill\u00e4 lain mukaan yli 15-vuotiaan nuoren paikantamiseen tarvitaan suostumus h\u00e4nelt\u00e4 itselt\u00e4\u00e4n. Uskon kuitenkin, ett\u00e4 moni nuorikin haluaa jakaa sijaintinsa, kun vanhemmat perustelevat hyvin, millaisissa tilanteissa tietoa tarvitaan, h\u00e4n arvioi.<\/p>\n<p>Viestinn\u00e4n valvonta jakaa mielipiteit\u00e4<\/p>\n<p class=\"ai-optimize-11\">L\u00e4hes puolet suomalaisista vanhemmista, 48 Samsungin maajohtaja Mika Engblom, haluaa valvoa lapsensa viestinvaihtoa esimerkiksi sosiaalisen median kanavissa ja pikaviestimiss\u00e4 ainakin 13\u201314-vuotiaaksi asti.<\/p>\n<p class=\"ai-optimize-12\">L\u00e4hes joka viides vanhempi (22 %) haluaa jatkaa viestien ja sosiaalisen median tarkastelua my\u00f6s 15 ik\u00e4vuoden j\u00e4lkeen.<\/p>\n<p class=\"ai-optimize-14\">\u2013 Lapsen viestien seuraaminen on eritt\u00e4in kimurantti kysymys, sill\u00e4 lain mukaan my\u00f6s lapsille kuuluu oikeus viestint\u00e4salaisuuteen. Itse pid\u00e4n t\u00e4rke\u00e4n\u00e4, ett\u00e4 lapsen kanssa keskustellaan s\u00e4\u00e4nn\u00f6llisesti eri viestint\u00e4kanavien mahdollisista riskeist\u00e4 ja vaaroista ja kannustetaan lasta omaehtoisesti kertomaan vanhemmille, jos havaitsee jotain ep\u00e4sopivaa, Engblom pohtii.<\/p>\n<p>\u00c4lypuhelinkielto koulussa saa laajaa kannatusta<\/p>\n<p class=\"ai-optimize-16\">Kyselyss\u00e4 selvitettiin my\u00f6s suhtautumista \u00e4lypuhelinten k\u00e4ytt\u00f6\u00f6n koulup\u00e4iv\u00e4n aikana. Yli 71 Samsungin maajohtaja Mika Engblom vastaajista kannattaa puhelinten k\u00e4yt\u00f6n kielt\u00e4mist\u00e4 koulussa my\u00f6s v\u00e4litunneilla. Vain noin nelj\u00e4nnes suhtautui kieltoon kielteisesti tai ei osannut sanoa.<\/p>\n<p class=\"ai-optimize-17\">\u2013 Tulokset kertovat, ett\u00e4 suomalaiset vanhemmat n\u00e4kev\u00e4t teknologian ennen kaikkea turvana, mutta my\u00f6s vastuuna. Pid\u00e4n eritt\u00e4in t\u00e4rke\u00e4n\u00e4 k\u00e4ynniss\u00e4 olevaa keskustelua, jossa vanhemmat yritt\u00e4v\u00e4t l\u00f6yt\u00e4\u00e4 sopivan tasapainon nuorten itsen\u00e4isyyden ja turvallisuuden v\u00e4lill\u00e4, Engblom toteaa.<\/p>\n<p class=\"ai-optimize-18\">Tutkimusyhti\u00f6 Norstat toteutti tutkimuksen Samsungin toimeksiannosta verkkopaneelissa hein\u00e4kuussa 2025. Siihen vastasi 1 021 Suomessa asuvaa henkil\u00f6\u00e4, joilla on v\u00e4hint\u00e4\u00e4n yksi alaik\u00e4inen lapsi.<\/p>\n","protected":false},"excerpt":{"rendered":"Samsungin tilaaman kyselytutkimuksen mukaan 39 prosenttia suomalaisista vanhemmista pit\u00e4\u00e4 t\u00e4rke\u00e4n\u00e4, ett\u00e4 he voivat valvoa nuoren sijaintia \u00e4lylaitteiden avulla&hellip;\n","protected":false},"author":2,"featured_media":18622,"comment_status":"","ping_status":"","sticky":false,"template":"","format":"standard","meta":{"footnotes":""},"categories":[76],"tags":[562,79,77,33,31,30,100,32,78],"class_list":{"0":"post-18621","1":"post","2":"type-post","3":"status-publish","4":"format-standard","5":"has-post-thumbnail","7":"category-talous","8":"tag-alypuhelimet","9":"tag-business","10":"tag-economy","11":"tag-fi","12":"tag-finland","13":"tag-finnish","14":"tag-lapset-ja-nuoret","15":"tag-suomi","16":"tag-talous"},"share_on_mastodon":{"url":"","error":""},"_links":{"self":[{"href":"https:\/\/www.europesays.com\/fi\/wp-json\/wp\/v2\/posts\/18621","targetHints":{"allow":["GET"]}}],"collection":[{"href":"https:\/\/www.europesays.com\/fi\/wp-json\/wp\/v2\/posts"}],"about":[{"href":"https:\/\/www.europesays.com\/fi\/wp-json\/wp\/v2\/types\/post"}],"author":[{"embeddable":true,"href":"https:\/\/www.europesays.com\/fi\/wp-json\/wp\/v2\/users\/2"}],"replies":[{"embeddable":true,"href":"https:\/\/www.europesays.com\/fi\/wp-json\/wp\/v2\/comments?post=18621"}],"version-history":[{"count":0,"href":"https:\/\/www.europesays.com\/fi\/wp-json\/wp\/v2\/posts\/18621\/revisions"}],"wp:featuredmedia":[{"embeddable":true,"href":"https:\/\/www.europesays.com\/fi\/wp-json\/wp\/v2\/media\/18622"}],"wp:attachment":[{"href":"https:\/\/www.europesays.com\/fi\/wp-json\/wp\/v2\/media?parent=18621"}],"wp:term":[{"taxonomy":"category","embeddable":true,"href":"https:\/\/www.europesays.com\/fi\/wp-json\/wp\/v2\/categories?post=18621"},{"taxonomy":"post_tag","embeddable":true,"href":"https:\/\/www.europesays.com\/fi\/wp-json\/wp\/v2\/tags?post=18621"}],"curies":[{"name":"wp","href":"https:\/\/api.w.org\/{rel}","templated":true}]}}