{"id":186224,"date":"2026-03-05T11:48:08","date_gmt":"2026-03-05T11:48:08","guid":{"rendered":"https:\/\/www.europesays.com\/fi\/186224\/"},"modified":"2026-03-05T11:48:08","modified_gmt":"2026-03-05T11:48:08","slug":"saksassa-oikeus-tuomitsi-syyrialaismiehen-13-vuodeksi-vankeuteen-turistin-puukottamisesta-holokaustin-muistomerkilla-uutisia-lyhyesti","status":"publish","type":"post","link":"https:\/\/www.europesays.com\/fi\/186224\/","title":{"rendered":"Saksassa oikeus tuomitsi syyrialaismiehen 13 vuodeksi vankeuteen turistin puukottamisesta holokaustin muistomerkill\u00e4 | Uutisia lyhyesti"},"content":{"rendered":"<p class=\"aw-1gybjub aw-1p7kakr kEtdKx cEmitX yle__article__paragraph\">Saksassa oikeusistuin on tuominnut syyrialaismiehen 13 vuodeksi vankeuteen turistin puukottamisesta holokaustin muistomerkill\u00e4 Berliiniss\u00e4. Syyrialaismies tuomittiin muun muassa murhan yrityksest\u00e4.<\/p>\n<p class=\"aw-1gybjub aw-1p7kakr kEtdKx cEmitX yle__article__paragraph\">20-vuotias syyrialaismies puukotti espanjalaisturistia vuosi sitten helmikuussa holokaustin juutalaisuhrien muistomerkill\u00e4. 30-vuotias espanjalaismies haavoittui puukotuksessa vakavasti, mutta selvisi hengiss\u00e4.<\/p>\n<p class=\"aw-1gybjub aw-1p7kakr kEtdKx cEmitX yle__article__paragraph\">Viranomaisten mukaan syyrialaismies oli suunnitellut juutalaisten tappamista. Puukottaja saapui Saksaan muutama vuosi sitten alaik\u00e4isen\u00e4.<\/p>\n","protected":false},"excerpt":{"rendered":"Saksassa oikeusistuin on tuominnut syyrialaismiehen 13 vuodeksi vankeuteen turistin puukottamisesta holokaustin muistomerkill\u00e4 Berliiniss\u00e4. Syyrialaismies tuomittiin muun muassa murhan&hellip;\n","protected":false},"author":2,"featured_media":74,"comment_status":"","ping_status":"","sticky":false,"template":"","format":"standard","meta":{"footnotes":"","_share_on_mastodon":"0"},"categories":[14],"tags":[22,23,26,27,33,31,30,17,24,25,28,29,15,18,21,1282,3911,32,19,20,56,16,37,59,60,61],"class_list":["post-186224","post","type-post","status-publish","format-standard","has-post-thumbnail","category-ulkomaat","tag-breaking-news","tag-breakingnews","tag-featured-news","tag-featurednews","tag-fi","tag-finland","tag-finnish","tag-headlines","tag-latest-news","tag-latestnews","tag-main-news","tag-mainnews","tag-news","tag-otsikot","tag-paauutiset","tag-puukotus","tag-saksa","tag-suomi","tag-top-stories","tag-topstories","tag-ulkomaat","tag-uutiset","tag-vakivaltarikokset","tag-world","tag-world-news","tag-worldnews"],"share_on_mastodon":{"url":"https:\/\/pubeurope.com\/@fi\/116176414607173938","error":""},"_links":{"self":[{"href":"https:\/\/www.europesays.com\/fi\/wp-json\/wp\/v2\/posts\/186224","targetHints":{"allow":["GET"]}}],"collection":[{"href":"https:\/\/www.europesays.com\/fi\/wp-json\/wp\/v2\/posts"}],"about":[{"href":"https:\/\/www.europesays.com\/fi\/wp-json\/wp\/v2\/types\/post"}],"author":[{"embeddable":true,"href":"https:\/\/www.europesays.com\/fi\/wp-json\/wp\/v2\/users\/2"}],"replies":[{"embeddable":true,"href":"https:\/\/www.europesays.com\/fi\/wp-json\/wp\/v2\/comments?post=186224"}],"version-history":[{"count":0,"href":"https:\/\/www.europesays.com\/fi\/wp-json\/wp\/v2\/posts\/186224\/revisions"}],"wp:featuredmedia":[{"embeddable":true,"href":"https:\/\/www.europesays.com\/fi\/wp-json\/wp\/v2\/media\/74"}],"wp:attachment":[{"href":"https:\/\/www.europesays.com\/fi\/wp-json\/wp\/v2\/media?parent=186224"}],"wp:term":[{"taxonomy":"category","embeddable":true,"href":"https:\/\/www.europesays.com\/fi\/wp-json\/wp\/v2\/categories?post=186224"},{"taxonomy":"post_tag","embeddable":true,"href":"https:\/\/www.europesays.com\/fi\/wp-json\/wp\/v2\/tags?post=186224"}],"curies":[{"name":"wp","href":"https:\/\/api.w.org\/{rel}","templated":true}]}}