{"id":186366,"date":"2026-03-05T15:42:10","date_gmt":"2026-03-05T15:42:10","guid":{"rendered":"https:\/\/www.europesays.com\/fi\/186366\/"},"modified":"2026-03-05T15:42:10","modified_gmt":"2026-03-05T15:42:10","slug":"lahi-idan-konflikti-heijastuu-myos-asuntolainoihin-12-kuukauden-euribor-nousi-korkeimmilleen-sitten-viime-kevaan-uutisia-lyhyesti","status":"publish","type":"post","link":"https:\/\/www.europesays.com\/fi\/186366\/","title":{"rendered":"L\u00e4hi-id\u00e4n konflikti heijastuu my\u00f6s asuntolainoihin \u2013 12 kuukauden euribor nousi korkeimmilleen sitten viime kev\u00e4\u00e4n | Uutisia lyhyesti"},"content":{"rendered":"<p class=\"aw-1gybjub aw-1p7kakr kEtdKx cEmitX yle__article__paragraph\">Asuntolainojen kannalta keskeinen 12 kuukauden euribor on noussut t\u00e4ll\u00e4 viikolla reippaasti 9,4 korkopisteell\u00e4 2,32 prosenttiin. Asiasta kirjoittaa viestipalvelu X:ss\u00e4 OP Pohjolan seniorimarkkinaekonomisti <strong class=\"aw-ak79eh KyCXm yle__article__strong\">Jari H\u00e4nnik\u00e4inen<\/strong>. H\u00e4n sanoo, ett\u00e4 L\u00e4hi-id\u00e4n konflikti on heijastunut korkoihin.<\/p>\n<p class=\"aw-1gybjub aw-1p7kakr kEtdKx cEmitX yle__article__paragraph\">Viimeksi 12 kuukauden euribor on ollut n\u00e4in korkealla l\u00e4hes vuosi sitten.<\/p>\n<p class=\"aw-1gybjub aw-1p7kakr kEtdKx cEmitX yle__article__paragraph\">H\u00e4nnik\u00e4inen kirjoittaa, ett\u00e4 v\u00e4h\u00e4n pidemm\u00e4st\u00e4 perspektiivist\u00e4 katsottuna t\u00e4m\u00e4n viikon nousussa on kyse l\u00e4hinn\u00e4 pienest\u00e4 kohinasta.<\/p>\n","protected":false},"excerpt":{"rendered":"Asuntolainojen kannalta keskeinen 12 kuukauden euribor on noussut t\u00e4ll\u00e4 viikolla reippaasti 9,4 korkopisteell\u00e4 2,32 prosenttiin. Asiasta kirjoittaa viestipalvelu&hellip;\n","protected":false},"author":2,"featured_media":186367,"comment_status":"","ping_status":"","sticky":false,"template":"","format":"standard","meta":{"footnotes":"","_share_on_mastodon":"0"},"categories":[76],"tags":[3252,79,77,29447,7519,24976,33,31,30,6474,4258,2458,506,2456,3138,5628,2459,8097,32,78],"class_list":["post-186366","post","type-post","status-publish","format-standard","has-post-thumbnail","category-talous","tag-asuntolainat","tag-business","tag-economy","tag-euribor","tag-euroopan-keskuspankki","tag-euroopan-keskuspankkijarjestelma","tag-fi","tag-finland","tag-finnish","tag-keskuspankit","tag-konfliktit","tag-korko","tag-lahi-idan-kriisi","tag-lainamarkkinat","tag-lainat","tag-pankkitoiminta","tag-rahapolitiikka","tag-rahoituspalvelut","tag-suomi","tag-talous"],"share_on_mastodon":{"url":"https:\/\/pubeurope.com\/@fi\/116177334868388961","error":""},"_links":{"self":[{"href":"https:\/\/www.europesays.com\/fi\/wp-json\/wp\/v2\/posts\/186366","targetHints":{"allow":["GET"]}}],"collection":[{"href":"https:\/\/www.europesays.com\/fi\/wp-json\/wp\/v2\/posts"}],"about":[{"href":"https:\/\/www.europesays.com\/fi\/wp-json\/wp\/v2\/types\/post"}],"author":[{"embeddable":true,"href":"https:\/\/www.europesays.com\/fi\/wp-json\/wp\/v2\/users\/2"}],"replies":[{"embeddable":true,"href":"https:\/\/www.europesays.com\/fi\/wp-json\/wp\/v2\/comments?post=186366"}],"version-history":[{"count":0,"href":"https:\/\/www.europesays.com\/fi\/wp-json\/wp\/v2\/posts\/186366\/revisions"}],"wp:featuredmedia":[{"embeddable":true,"href":"https:\/\/www.europesays.com\/fi\/wp-json\/wp\/v2\/media\/186367"}],"wp:attachment":[{"href":"https:\/\/www.europesays.com\/fi\/wp-json\/wp\/v2\/media?parent=186366"}],"wp:term":[{"taxonomy":"category","embeddable":true,"href":"https:\/\/www.europesays.com\/fi\/wp-json\/wp\/v2\/categories?post=186366"},{"taxonomy":"post_tag","embeddable":true,"href":"https:\/\/www.europesays.com\/fi\/wp-json\/wp\/v2\/tags?post=186366"}],"curies":[{"name":"wp","href":"https:\/\/api.w.org\/{rel}","templated":true}]}}