{"id":186498,"date":"2026-03-05T19:41:11","date_gmt":"2026-03-05T19:41:11","guid":{"rendered":"https:\/\/www.europesays.com\/fi\/186498\/"},"modified":"2026-03-05T19:41:11","modified_gmt":"2026-03-05T19:41:11","slug":"palkittu-kirjailija-joni-skiftesvik-todisti-apteekkiryoston-oulussa-vahasta-tuo-henki-voi-olla-kiinni-pohjois-pohjanmaa","status":"publish","type":"post","link":"https:\/\/www.europesays.com\/fi\/186498\/","title":{"rendered":"Palkittu kirjailija Joni Skiftesvik todisti apteekkiry\u00f6st\u00f6n Oulussa: \u201dV\u00e4h\u00e4st\u00e4 tuo henki voi olla kiinni\u201d | Pohjois-Pohjanmaa"},"content":{"rendered":"<p class=\"aw-1gybjub aw-5vja16 kEtdKx kmuxyA yle__article__paragraph\">Oulun Pateniemen apteekkiin hy\u00f6kk\u00e4si hupparip\u00e4inen henkil\u00f6.<\/p>\n<p><img decoding=\"async\" alt=\"Kuvakollaasissa kartta jossa n\u00e4kyy Pateniemen sijainti oulussa ja Joni Skiftesvik.\" src=\"https:\/\/www.europesays.com\/fi\/wp-content\/uploads\/2026\/03\/39-160753069a9a70fc9f47.jpeg\" class=\"aw-1l9m598 hKVVvP\"\/><\/p>\n<p>Avaa kuvien katselu<\/p>\n<p>Kirjailija Joni Skiftesvik kertoo todistaneensa apteekin ry\u00f6st\u00f6\u00e4. Kuva: Niko Mannonen \/ Yle, Mapcreator, Openstreetmap, Antero Tenhunen \/ Yle<\/p>\n<p>17:57\u2022P\u00e4ivitetty 21:02<\/p>\n<p class=\"aw-1gybjub aw-1p7kakr kEtdKx cEmitX yle__article__paragraph\">Palkittu oululainen kirjailija <strong class=\"aw-ak79eh KyCXm yle__article__strong\">Joni Skiftesvik<\/strong> todisti torstaina l\u00e4helt\u00e4 apteekkiry\u00f6st\u00f6\u00e4 Oulun Pateniemess\u00e4. Yle tavoitti kirjailijan torstaina iltap\u00e4iv\u00e4ll\u00e4 ja h\u00e4n vahvisti olleensa paikalla ry\u00f6st\u00f6hetkell\u00e4.<\/p>\n<p class=\"aw-1gybjub aw-1p7kakr kEtdKx cEmitX yle__article__paragraph\">Oulun poliisin johtokeskuksesta kerrotaan Ylelle, ett\u00e4 poliisille on tullut kuvaukseen sopiva ilmoitus torstai-iltap\u00e4iv\u00e4n\u00e4. My\u00f6hemmin poliisi kertoi, ett\u00e4 rikoksesta ep\u00e4ilty tavoitettiin apteekin l\u00e4hist\u00f6lt\u00e4 ja h\u00e4net otettiin kiinni t\u00f6rke\u00e4st\u00e4 ry\u00f6st\u00f6st\u00e4 ep\u00e4iltyn\u00e4.<\/p>\n<p class=\"aw-1gybjub aw-1p7kakr kEtdKx cEmitX yle__article__paragraph\">Kirjailija kirjoittaa somep\u00e4ivityksess\u00e4\u00e4n, ett\u00e4 \u201dv\u00e4h\u00e4st\u00e4 tuo henki voi olla kiinni.\u201d<\/p>\n<p class=\"aw-1gybjub aw-1p7kakr kEtdKx cEmitX yle__article__paragraph\">\u2013 Menin \u00e4sken Patelan apteekkiin, niin ulko-ovella minua vastaan tuli rosvo puukkoineen. Sieppasi py\u00f6r\u00e4n telineest\u00e4 ja l\u00e4hti polkemaan liikenneympyr\u00e4\u00e4n p\u00e4in. Apteekin v\u00e4ki oli sis\u00e4ll\u00e4 pois tolaltaan, itkettiin ja kauhisteltiin, Skiftesvik kertoo.<\/p>\n<p class=\"aw-1gybjub aw-1p7kakr kEtdKx cEmitX yle__article__paragraph\">Kirjailijan mukaan musta huppari peitti miehen kasvot.<\/p>\n<p class=\"aw-1gybjub aw-1p7kakr kEtdKx cEmitX yle__article__paragraph\">\u2013 Py\u00f6r\u00e4 oli ikivanhaa vuosimallia, r\u00e4misi. Kassan vei. Kerroin apteekin v\u00e4elle tuntomerkit. Poliisille soittivat. Sain l\u00e4\u00e4kkeeni. Ovi pantiin j\u00e4lkeeni lukkoon, Skiftesvik jatkaa.<\/p>\n<p class=\"aw-1gybjub aw-1p7kakr kEtdKx cEmitX yle__article__paragraph\">Skiftesvikin mukaan puukon kanssa liikkunut mies vei keskell\u00e4 p\u00e4iv\u00e4\u00e4 vilkkaassa paikassa olevan apteekin kassan.<\/p>\n<p class=\"aw-1gybjub aw-1p7kakr kEtdKx cEmitX yle__article__paragraph\">\u2013 Oulu on turvallinen kaupunki, luin taas hiljattain lehdest\u00e4, Skiftesvik toteaa.<\/p>\n<p class=\"aw-1gybjub aw-1p7kakr kEtdKx cEmitX yle__article__paragraph\">Joni Skiftesvik on yksi palkituimmista suomalaisista nykykirjailijoista.<\/p>\n<p class=\"aw-1gybjub aw-1p7kakr kEtdKx cEmitX yle__article__paragraph\">H\u00e4nen vuonna 1983 ilmestynyt esikoisnovellikokoelmansa Puhalluskukkapoika ja taivaankorjaaja palkittiin <strong class=\"aw-ak79eh KyCXm yle__article__strong\">J.H. Erkon<\/strong> palkinnolla. Sittemmin tunnustuksia on tullut lukuisia, muun muassa Pro Finlandia -mitali, <strong class=\"aw-ak79eh KyCXm yle__article__strong\">Kalevi J\u00e4ntin<\/strong> palkinto ja Runeberg-palkinto. Finlandia-ehdokkaana Skiftesvik on ollut kolmesti.<\/p>\n<p class=\"aw-1gybjub aw-1p7kakr kEtdKx cEmitX yle__article__paragraph\">Joni Skiftesvik on Oulun Kirjailijaseuran perustajaj\u00e4seni\u00e4. H\u00e4nen tuotantoaan on k\u00e4\u00e4nnetty 12 kielelle.<\/p>\n<p class=\"aw-1gybjub aw-1p7kakr kEtdKx cEmitX yle__article__paragraph\">Muokkaus 5.3.2026 klo 21.02: Lis\u00e4tty poliisin ilmoitus siit\u00e4, ett\u00e4 rikoksesta ep\u00e4ilty on saatu kiinni.<\/p>\n","protected":false},"excerpt":{"rendered":"Oulun Pateniemen apteekkiin hy\u00f6kk\u00e4si hupparip\u00e4inen henkil\u00f6. Avaa kuvien katselu Kirjailija Joni Skiftesvik kertoo todistaneensa apteekin ry\u00f6st\u00f6\u00e4. Kuva: Niko&hellip;\n","protected":false},"author":2,"featured_media":186499,"comment_status":"","ping_status":"","sticky":false,"template":"","format":"standard","meta":{"footnotes":"","_share_on_mastodon":"0"},"categories":[12],"tags":[7848,22,23,26,27,33,31,30,17,71,24,25,28,29,15,18,952,21,728,581,4678,32,19,20,16,40],"class_list":["post-186498","post","type-post","status-publish","format-standard","has-post-thumbnail","category-suomi","tag-apteekit","tag-breaking-news","tag-breakingnews","tag-featured-news","tag-featurednews","tag-fi","tag-finland","tag-finnish","tag-headlines","tag-kotimaa","tag-latest-news","tag-latestnews","tag-main-news","tag-mainnews","tag-news","tag-otsikot","tag-oulu","tag-paauutiset","tag-pohjois-pohjanmaa","tag-rikokset","tag-ryosto","tag-suomi","tag-top-stories","tag-topstories","tag-uutiset","tag-vakivalta"],"share_on_mastodon":{"url":"https:\/\/pubeurope.com\/@fi\/116178274853203287","error":""},"_links":{"self":[{"href":"https:\/\/www.europesays.com\/fi\/wp-json\/wp\/v2\/posts\/186498","targetHints":{"allow":["GET"]}}],"collection":[{"href":"https:\/\/www.europesays.com\/fi\/wp-json\/wp\/v2\/posts"}],"about":[{"href":"https:\/\/www.europesays.com\/fi\/wp-json\/wp\/v2\/types\/post"}],"author":[{"embeddable":true,"href":"https:\/\/www.europesays.com\/fi\/wp-json\/wp\/v2\/users\/2"}],"replies":[{"embeddable":true,"href":"https:\/\/www.europesays.com\/fi\/wp-json\/wp\/v2\/comments?post=186498"}],"version-history":[{"count":0,"href":"https:\/\/www.europesays.com\/fi\/wp-json\/wp\/v2\/posts\/186498\/revisions"}],"wp:featuredmedia":[{"embeddable":true,"href":"https:\/\/www.europesays.com\/fi\/wp-json\/wp\/v2\/media\/186499"}],"wp:attachment":[{"href":"https:\/\/www.europesays.com\/fi\/wp-json\/wp\/v2\/media?parent=186498"}],"wp:term":[{"taxonomy":"category","embeddable":true,"href":"https:\/\/www.europesays.com\/fi\/wp-json\/wp\/v2\/categories?post=186498"},{"taxonomy":"post_tag","embeddable":true,"href":"https:\/\/www.europesays.com\/fi\/wp-json\/wp\/v2\/tags?post=186498"}],"curies":[{"name":"wp","href":"https:\/\/api.w.org\/{rel}","templated":true}]}}