{"id":186547,"date":"2026-03-05T20:58:17","date_gmt":"2026-03-05T20:58:17","guid":{"rendered":"https:\/\/www.europesays.com\/fi\/186547\/"},"modified":"2026-03-05T20:58:17","modified_gmt":"2026-03-05T20:58:17","slug":"jengirikollisuus-lisaantyy-myos-norjassa-nuoret-oslolaiset-turhautuivat-rikollisleimaan-ulkomaat","status":"publish","type":"post","link":"https:\/\/www.europesays.com\/fi\/186547\/","title":{"rendered":"Jengirikollisuus lis\u00e4\u00e4ntyy my\u00f6s Norjassa \u2013 nuoret oslolaiset turhautuivat rikollisleimaan | Ulkomaat"},"content":{"rendered":"<ul class=\"aw-1jjocuh iJTSwP yle__article__list yle__article__list--ul\">\n<li class=\"aw-1j7gwms gNYKfi\">Nuorten tekem\u00e4t vakavat rikokset ovat lis\u00e4\u00e4ntyneet Norjassa, ja Oslon Gr\u00f8nlandin kaupunginosa on leimautunut ongelma-alueeksi.<\/li>\n<li class=\"aw-1j7gwms gNYKfi\">Alueella asuvien nuorten, Andy Hon ja Elizabeth Safarin, mukaan Gr\u00f8nlandin maine on liioiteltu ja haittaa heid\u00e4n el\u00e4m\u00e4\u00e4ns\u00e4.<\/li>\n<li class=\"aw-1j7gwms gNYKfi\">Poliisin mukaan rikollisjengit rekrytoivat nuoria, mutta tilannetta ei voi suoraan verrata Ruotsin tilanteeseen.<\/li>\n<\/ul>\n<p class=\"aw-1gybjub aw-1p7kakr kEtdKx cEmitX yle__article__paragraph\"><strong class=\"aw-ak79eh KyCXm yle__article__strong\">OSLO<\/strong> Rautatieaseman liepeill\u00e4, korkean lasisena kimaltelevan hotellin toisella puolella on silta. Sen takana alkaa Gr\u00f8nlandin kaupunginosa.<\/p>\n<p class=\"aw-1gybjub aw-1p7kakr kEtdKx cEmitX yle__article__paragraph\">Osa oslolaisvanhemmista varoittelee lapsiaan menem\u00e4st\u00e4 sillan ali, sill\u00e4 alueella on huono maine. Viime aikoina nuorten tekemien vakavien rikosten m\u00e4\u00e4r\u00e4 Norjassa on kasvanut, ja usein otsikot kertovat rikosten tapahtuvan Gr\u00f8nlandissa.<\/p>\n<p class=\"aw-1gybjub aw-1p7kakr kEtdKx cEmitX yle__article__paragraph\">Norjassa on k\u00e4ynniss\u00e4 samansuuntainen kehitys kuin naapurimaassa Ruotsissa.<\/p>\n<p class=\"aw-1gybjub aw-1p7kakr kEtdKx cEmitX yle__article__paragraph\">Poliisin mukaan rikollisverkostot rekrytoivat lapsia ja nuoria ampumaan ja tekem\u00e4\u00e4n r\u00e4j\u00e4ytyksi\u00e4. Oslossa alle 18-vuotiaita vastaan nostettujen vakavia rikoksia koskevien <a class=\"aw-iao6s4 iHOxEa yle__article__link\" href=\"https:\/\/www.nrk.no\/norge\/nye-oslo-tall_-dobling-i-straffesaker-mot-unge-pa-tre-ar-1.17539881\" role=\"link\" rel=\"nofollow noopener\" target=\"_blank\">syytteiden m\u00e4\u00e4r\u00e4<\/a> on kolmessa vuodessa kaksinkertaistunut.<\/p>\n<p class=\"aw-1gybjub aw-1p7kakr kEtdKx cEmitX yle__article__paragraph\">Tilanne on her\u00e4tt\u00e4nyt huolta norjalaisissa, ja etenkin oikean laidan poliitikot k\u00e4ytt\u00e4v\u00e4t Ruotsia varoittavana esimerkkin\u00e4.<\/p>\n<p><img decoding=\"async\" alt=\"Vilkas kadunkulma Oslossa, jossa n\u00e4kyy modernia kaupunginarkkitehtuuria ja ihmiset liikkuvat eri kulkuv\u00e4lineill\u00e4, kuten s\u00e4hk\u00f6potkulaudalla.\" src=\"https:\/\/www.europesays.com\/fi\/wp-content\/uploads\/2026\/03\/39-1562852692ecbce6d7eb.jpeg\" loading=\"lazy\" class=\"aw-1l9m598 hKVVvP\"\/><\/p>\n<p>Avaa kuvien katselu<\/p>\n<p>Gr\u00f8nlandin kaupunginosa sijaitsee Oslon rautatieaseman koillispuolella. Eritasoliittym\u00e4n siltaa pidet\u00e4\u00e4n porttina Gr\u00f8nlandiin. Kuva: Terhi Liimu \/ Yle<\/p>\n<p class=\"aw-1gybjub aw-1p7kakr kEtdKx cEmitX yle__article__paragraph\">Samalla juuri Oslon Gr\u00f8nlandista on tullut synonyymi pahoille asioille, ja se turhauttaa <strong class=\"aw-ak79eh KyCXm yle__article__strong\">Andy Hota<\/strong>, 18, ja <strong class=\"aw-ak79eh KyCXm yle__article__strong\">Elizabeth Safaria<\/strong>, 21, jotka asuvat kaupunginosassa.<\/p>\n<p class=\"aw-1gybjub aw-1p7kakr kEtdKx cEmitX yle__article__paragraph\">\u2013 T\u00e4\u00e4ll\u00e4 tapahtuu rikollisia asioita, sit\u00e4 en kiell\u00e4, mutta liioittelu on typer\u00e4\u00e4 ja vaikuttaa meihin, sanoo Andy Ho.<\/p>\n<p class=\"aw-1gybjub aw-1p7kakr kEtdKx cEmitX yle__article__paragraph\">Ho k\u00e4y lukion kolmatta luokkaa, Safari opiskelee yliopistossa taidehistoriaa. He ovat yksimielisi\u00e4 siit\u00e4, ett\u00e4 media esitt\u00e4\u00e4 Gr\u00f8nlandin todella huonossa valossa.<\/p>\n<p class=\"aw-1gybjub aw-1p7kakr kEtdKx cEmitX yle__article__paragraph\">Hon mielest\u00e4 se rajoittaa alueen nuorten mahdollisuuksia. Kun vaikkapa ty\u00f6haastattelussa selvi\u00e4\u00e4, ett\u00e4 nuori tulee Gr\u00f8nlandista, h\u00e4nen mahdollisuutensa heikkenev\u00e4t. Paremmalta puolelta kaupunkia tulevalla on paremmat mahdollisuudet, Ho sanoo.<\/p>\n<p class=\"aw-1gybjub aw-1p7kakr kEtdKx cEmitX yle__article__paragraph\"><strong class=\"aw-ak79eh KyCXm yle__article__strong\">N\u00e4in 18-vuotias Andy Ho kuvailee ihmisten suhtautumista h\u00e4neen:<\/strong><\/p>\n<p> Video: Terhi Liimu \/ Yle, Jenny Matikainen \/ Yle<\/p>\n<p class=\"aw-1gybjub aw-1p7kakr kEtdKx cEmitX yle__article__paragraph\"><strong class=\"aw-ak79eh KyCXm yle__article__strong\">21-vuotias Elizabeth Safari puolestaan kertoo n\u00e4hneens\u00e4 Tiktokissa videoita, jotka paljastavat ihmisten ennakkoluulot:<\/strong><\/p>\n<p> Video: Terhi Liimu \/ Yle, Jenny Matikainen \/ YleEi mik\u00e4\u00e4n \u201dno go zone\u201d<\/p>\n<p class=\"aw-1gybjub aw-1p7kakr kEtdKx cEmitX yle__article__paragraph\"><strong class=\"aw-ak79eh KyCXm yle__article__strong\">Elisabeth Myhre Lie<\/strong> seisoo Gr\u00f8nlandin porttina toimivan sillan vieress\u00e4. Juuri t\u00e4lle aukiolle alueen huumekauppa on keskittynyt.<\/p>\n<p class=\"aw-1gybjub aw-1p7kakr kEtdKx cEmitX yle__article__paragraph\">Arkip\u00e4iv\u00e4n valossa voi olettaa joidenkin seisoskelevan sillan varjoissa kyseisell\u00e4 asialla. Poliisiauto kiert\u00e4\u00e4 paikalle useita kertoja. Samalla ihmiset kulkevat ohi p\u00e4ivitt\u00e4isille asioilleen, yksi myy hedelmi\u00e4 ja toinen kiirehtii kohti rautatieasemaa.<\/p>\n<p class=\"aw-1gybjub aw-1p7kakr kEtdKx cEmitX yle__article__paragraph\">Myhre Lie toimii apulaisprofessorina Olson poliisikorkeakoulussa. H\u00e4n tuo v\u00e4lill\u00e4 oppilaansa Gr\u00f8nlandiin, osin purkaakseen ennakkoluuloja, joita monilla on alueesta.<\/p>\n<p><img decoding=\"async\" alt=\"Syksyinen katun\u00e4kym\u00e4 Oslon Gr\u00f8nlandin alueelta. \" src=\"https:\/\/www.europesays.com\/fi\/wp-content\/uploads\/2026\/03\/39-1562846692ecbcb23306.jpeg\" class=\"aw-1l9m598 hKVVvP\"\/><\/p>\n<p>Avaa kuvien katselu<\/p>\n<p><img decoding=\"async\" alt=\"Nainen seisoo vilkkaalla kaupunkikadulla talvitakkiin ja pipoon pukeutuneena, taustalla n\u00e4kyy liikennevalot, katu ja kaupunkirakennuksia.\" src=\"https:\/\/www.europesays.com\/fi\/wp-content\/uploads\/2026\/03\/39-1562841692ecbc88f138.jpeg\" class=\"aw-1l9m598 hKVVvP\"\/><\/p>\n<p>Avaa kuvien katselu<\/p>\n<p><img decoding=\"async\" alt=\"Kuva esitt\u00e4\u00e4 urbaania ymp\u00e4rist\u00f6\u00e4, jossa on py\u00f6r\u00e4ilij\u00e4 ja jalankulkijoita liikkeell\u00e4 betonisen sillan alla. \" src=\"https:\/\/www.europesays.com\/fi\/wp-content\/uploads\/2026\/03\/39-1562851692ecbce4cd75.jpeg\" loading=\"lazy\" class=\"aw-1l9m598 hKVVvP\"\/><\/p>\n<p>Avaa kuvien katselu<\/p>\n<p>Elisabeth Myhre Lien mukaan alueen huumekauppa on keskittynyt Nylandsbruana tunnetun sillan liepeille. Pienet kuvat saa suuremmiksi klikkaamalla niit\u00e4. Kuva: Terhi Liimu \/ Yle<\/p>\n<p class=\"aw-1gybjub aw-1p7kakr kEtdKx cEmitX yle__article__paragraph\">Myhre Lie on samaa mielt\u00e4 Gr\u00f8nlandin nuorten kanssa: alueen maine keskittyy ongelmiin.<\/p>\n<p class=\"aw-1gybjub aw-1p7kakr kEtdKx cEmitX yle__article__paragraph\">\u2013 T\u00e4\u00e4ll\u00e4 on aseita ja v\u00e4kivaltaa, jopa poliisia kohtaan, mutta ei t\u00e4m\u00e4 mik\u00e4\u00e4n \u201dno go zone\u201d ole, Myhre Lie sanoo.<\/p>\n<p class=\"aw-1gybjub aw-1p7kakr kEtdKx cEmitX yle__article__paragraph\">H\u00e4nen mukaansa Gr\u00f8nland on paitsi turvaton, my\u00f6s upea alue. Kaupunginosa erottuu muusta Oslosta kansainv\u00e4lisyydell\u00e4\u00e4n.<\/p>\n<p class=\"aw-1gybjub aw-1p7kakr kEtdKx cEmitX yle__article__paragraph\">Myhre Lie tekee t\u00f6it\u00e4 uuden l\u00e4hialuepoliisiyksik\u00f6n kanssa. Huumekauppa tuo alueelle levottomuutta, josta asukkaat k\u00e4rsiv\u00e4t.<\/p>\n<p class=\"aw-1gybjub aw-1p7kakr kEtdKx cEmitX yle__article__paragraph\">\u2013 Poliisi haluaa olla l\u00e4sn\u00e4 asukkaiden ja yritt\u00e4jien vuoksi. Se on todella t\u00e4rke\u00e4\u00e4, sill\u00e4 he kokevat usein turvattomuutta.<\/p>\n<p class=\"aw-1gybjub aw-1p7kakr kEtdKx cEmitX yle__article__paragraph\">Rikollisuuden torjuminen tehokkaasti vaatisi Myhre Lien mukaan laajempaa perspektiivi\u00e4. H\u00e4n huomauttaa, ett\u00e4 merkitt\u00e4v\u00e4 osa huumeiden ostajista asuu Oslon varakkaammilla alueilla.<\/p>\n<p class=\"aw-1gybjub aw-1p7kakr kEtdKx cEmitX yle__article__paragraph\">\u2013 L\u00e4nsipuolen asukkaiden pit\u00e4isi ottaa vastuuta, sill\u00e4 huumeiden kysynt\u00e4 luo v\u00e4kivaltaa. T\u00e4m\u00e4 ei ole Gr\u00f8nlandin ongelma, vaan koko yhteiskunnan ongelma, jonka ehk\u00e4isyyn on panostettava.<\/p>\n<p>Poliisi: Tilanne ei ole sama kuin Ruotsissa<\/p>\n<p class=\"aw-1gybjub aw-1p7kakr kEtdKx cEmitX yle__article__paragraph\">Onko Norja sitten Ruotsin tiell\u00e4?<\/p>\n<p class=\"aw-1gybjub aw-1p7kakr kEtdKx cEmitX yle__article__paragraph\">On ja ei ole.<\/p>\n<p class=\"aw-1gybjub aw-1p7kakr kEtdKx cEmitX yle__article__paragraph\">Poliisin mukaan rikollisuudessa n\u00e4kyy sama kaava kuin Ruotsissa: rikollisverkostot palkkaavat yh\u00e4 nuorempia tekem\u00e4\u00e4n yh\u00e4 vakavampia rikoksia.<\/p>\n<p class=\"aw-1gybjub aw-1p7kakr kEtdKx cEmitX yle__article__paragraph\">Osin rekrytoijat ovat ruotsalaisjengej\u00e4, jotka toimivat my\u00f6s Norjassa, osin Norjan omia rikollisj\u00e4rjest\u00f6j\u00e4. N\u00e4in kertoo sanoo Norjan rikospoliisin tutkinta- ja tiedusteluosaston virkaatekev\u00e4 johtaja <strong class=\"aw-ak79eh KyCXm yle__article__strong\">Emil Kofoed<\/strong>.<\/p>\n<p class=\"aw-1gybjub aw-1p7kakr kEtdKx cEmitX yle__article__paragraph\">V\u00e4kivaltarikokset liittyv\u00e4t usein huumekauppaan. Sit\u00e4 hallitsevat jengit haluavat vahvistaa omaa asemaansa, etsi\u00e4 uusia markkinoita ja hy\u00f6dynt\u00e4\u00e4 vapaata liikkumista Pohjoismaasta toiseen, Kofoed sanoo.<\/p>\n<p class=\"aw-1gybjub aw-1p7kakr kEtdKx cEmitX yle__article__paragraph\">Kofoedin mukaan rikolliset pit\u00e4v\u00e4t Pohjoismaita yhten\u00e4 toimintakentt\u00e4n\u00e4, jossa operoidaan rajojen yli. T\u00e4h\u00e4n kentt\u00e4\u00e4n kuuluu my\u00f6s Suomi.<\/p>\n<p><img decoding=\"async\" alt=\"Norjalainen poliisi virkapuvussa toimiston sis\u00e4tiloissa.\" src=\"https:\/\/www.europesays.com\/fi\/wp-content\/uploads\/2026\/03\/39-156377169304038d39ae.jpeg\" class=\"aw-1l9m598 hKVVvP\"\/><\/p>\n<p>Avaa kuvien katselu<\/p>\n<p><img decoding=\"async\" alt=\"Poliisiauto pys\u00e4k\u00f6ityn\u00e4 jalkak\u00e4yt\u00e4v\u00e4lle vilkkaassa kaupunkimaisemassa Norjassa. \" src=\"https:\/\/www.europesays.com\/fi\/wp-content\/uploads\/2026\/03\/39-1562845692ecbcac6891.jpeg\" class=\"aw-1l9m598 hKVVvP\"\/><\/p>\n<p>Avaa kuvien katselu<\/p>\n<p><img decoding=\"async\" alt=\"Kartta n\u00e4ytt\u00e4\u00e4 Oslon keskustan alueen, jossa n\u00e4kyv\u00e4t Nylandsbrua ja Gr\u00f8nland. Kartalla on merkitty my\u00f6s Oslon rautatieasema.\" src=\"https:\/\/www.europesays.com\/fi\/wp-content\/uploads\/2026\/03\/39-159917169948bc77158d.jpeg\" loading=\"lazy\" class=\"aw-1l9m598 hKVVvP\"\/><\/p>\n<p>Avaa kuvien katselu<\/p>\n<p>Gr\u00f8nland sijaitsee Oslon rautatieaseman tuntumassa. Norjan rikospoliisin Emil Kofoed ei kuvailisi aluetta vaaralliseksi. Kuva: Jacob S\u00f6derstr\u00f6m \/ Yle, Mapcreator, OpenStreetMap<\/p>\n<p class=\"aw-1gybjub aw-1p7kakr kEtdKx cEmitX yle__article__paragraph\">Kofoedin mukaan kokonaistilanne Norjassa ei kuitenkaan ole verrattavissa Ruotsiin. Samoilla linjoilla ovat olleet muukin asiantuntijat, <a class=\"aw-iao6s4 iHOxEa yle__article__link\" href=\"https:\/\/www.nrk.no\/norge\/tidligere-riksadvokat-tror-ikke-vi-vil-fa-_svenske-tilstander_-1.17584274\" role=\"link\" rel=\"nofollow noopener\" target=\"_blank\">kuten Norjan entinen valtakunnansyytt\u00e4j\u00e4<\/a> <strong class=\"aw-ak79eh KyCXm yle__article__strong\">Tor-Aksel Busch<\/strong>.<\/p>\n<p class=\"aw-1gybjub aw-1p7kakr kEtdKx cEmitX yle__article__paragraph\">Buschin mukaan olisi Ruotsin ongelmien v\u00e4h\u00e4ttely\u00e4 v\u00e4itt\u00e4\u00e4, ett\u00e4 Norjan tilanne on samanlainen.<\/p>\n<p class=\"aw-1gybjub aw-1p7kakr kEtdKx cEmitX yle__article__paragraph\">Esimerkiksi Tukholmassa alueellinen eriarvoisuus on syvemp\u00e4\u00e4 kuin Oslossa ja tiettyj\u00e4 kaupunginosia pidet\u00e4\u00e4n erityisen altistuneina rikollisuudelle ja sosiaalisille ongelmille.<\/p>\n<p><img decoding=\"async\" alt=\"Poliisin ajoneuvo \u00f6isen Oslon kadulla.\" src=\"https:\/\/www.europesays.com\/fi\/wp-content\/uploads\/2026\/03\/39-1562858692ecbd1db54e.jpeg\" loading=\"lazy\" class=\"aw-1l9m598 hKVVvP\"\/><\/p>\n<p>Avaa kuvien katselu<\/p>\n<p>Poliisi on usein l\u00e4sn\u00e4 Gr\u00f8nlandissa. Kuva: Terhi Liimu \/ Yle<\/p>\n<p class=\"aw-1gybjub aw-1p7kakr kEtdKx cEmitX yle__article__paragraph\">Kofoed ei vertaisi Gr\u00f8nlandin tilannetta vaikkapa Tukholman Rinkebyhyn tai Malm\u00f6n Roseng\u00e5rdiin.<\/p>\n<p class=\"aw-1gybjub aw-1p7kakr kEtdKx cEmitX yle__article__paragraph\">\u2013 Joillakin alueilla Norjassa on enemm\u00e4n ongelmia kuin toisilla, mutta t\u00e4m\u00e4 ei ole verrattavissa Ruotsiin. Norjassa tilanne on viel\u00e4 ihan eri tasolla ja laajuus on paljon pienempi kuin esimerkiksi Ruotsissa, Kofoed sanoo.<\/p>\n<p>Elokuvalla \u00e4\u00e4ni kuuluviin<\/p>\n<p class=\"aw-1gybjub aw-1p7kakr kEtdKx cEmitX yle__article__paragraph\">Juuri jakautumista vastaan Andy Ho ja Elizabeth Safari haluavat taistella. He ovat tehneet kolmen muun alueen nuoren kanssa dokumenttielokuvan, joka k\u00e4sittelee Gr\u00f8nlandin mainetta.<\/p>\n<p class=\"aw-1gybjub aw-1p7kakr kEtdKx cEmitX yle__article__paragraph\">Nuoret kuuluvat Oslon monikulttuurisen museon nuorisoneuvostoon, ja he halusivat n\u00e4ytt\u00e4\u00e4 Gr\u00f8nlandin, joka on t\u00e4ynn\u00e4 yhteis\u00f6llisyytt\u00e4 ja erilaisia kulttuureja.<\/p>\n<p class=\"aw-1gybjub aw-1p7kakr kEtdKx cEmitX yle__article__paragraph\">\u2013 Olemme katsoneet uutisia ja etsineet juttuja Gr\u00f8nlandista. Emme l\u00f6yt\u00e4neet mit\u00e4\u00e4n kovin positiivista. Vain rikollisuutta, huonoja asioita, sanoo Ho.<\/p>\n<p class=\"aw-1gybjub aw-1p7kakr kEtdKx cEmitX yle__article__paragraph\">H\u00e4nell\u00e4 itsell\u00e4\u00e4n sen sijaan on paljon hyv\u00e4\u00e4 sanottavaa Gr\u00f8nlandista. Ihmiset juttelevat toisilleen ja v\u00e4litt\u00e4v\u00e4t asuinalueestaan. Ho on viett\u00e4nyt muslimien eid-juhlaa, vaikka ei itse ole muslimi.<\/p>\n<p><img decoding=\"async\" alt=\"Kaksi henkil\u00f6\u00e4 istuu keskustelemassa v\u00e4rikk\u00e4iden tuolien \u00e4\u00e4rell\u00e4.\" src=\"https:\/\/www.europesays.com\/fi\/wp-content\/uploads\/2026\/03\/39-1562356692d9bfee8aab.jpeg\" loading=\"lazy\" class=\"aw-1l9m598 hKVVvP\"\/><\/p>\n<p>Avaa kuvien katselu<\/p>\n<p>Oslon monikulttuurinen museo sijaitsee keskell\u00e4 Gr\u00f8nlandia. Andy Ho ja Elizabeth Safari kuuluvat sen nuorisoneuvostoon. Kuva: Terhi Liimu \/ Yle<\/p>\n<p class=\"aw-1gybjub aw-1p7kakr kEtdKx cEmitX yle__article__paragraph\">Elizabeth Safari uskoo, ett\u00e4 Gr\u00f8nlandin maine johtuu siit\u00e4, ett\u00e4 siell\u00e4 asuu paljon ulkomaalaistaustaisia ihmisi\u00e4. Media ja ihmisten puheet vahvistavat kuvaa alueesta, jolla asuu \u201dmuita kuin norjalaisia\u201d.<\/p>\n<p class=\"aw-1gybjub aw-1p7kakr kEtdKx cEmitX yle__article__paragraph\">\u2013 He ajattelevat, ett\u00e4 meist\u00e4 voi periaatteessa sanoa ihan mit\u00e4 tahansa. Meist\u00e4 on tehty yksi ryhm\u00e4, ja siksi olemme helppo kohde, Safari sanoo.<\/p>\n<p class=\"aw-1gybjub aw-1p7kakr kEtdKx cEmitX yle__article__paragraph\">Silta, josta Gr\u00f8nland alkaa on noussut symboliksi, jonka kohtalosta kiistell\u00e4\u00e4n. Osa oslolaisista haluaa purkaa sillan ajatellen, ett\u00e4 sen alla k\u00e4yt\u00e4v\u00e4 huumekauppa katoaisi.<\/p>\n<p class=\"aw-1gybjub aw-1p7kakr kEtdKx cEmitX yle__article__paragraph\">Monien alueella asuvien mielest\u00e4 silta on portti Gr\u00f8nlandiin. Sen sijaan, ett\u00e4 se purettaisiin, siit\u00e4 pit\u00e4isi jalostaa kaikille yhteinen osa kaupunkikuvaa.<\/p>\n<p class=\"aw-1gybjub aw-1p7kakr kEtdKx cEmitX yle__article__paragraph\">Safari ja Ho toivoisivat, ett\u00e4 muutkin voisivat n\u00e4hd\u00e4 Gr\u00f8nlandin sellaisena kuin he.<\/p>\n<p class=\"aw-1gybjub aw-1p7kakr kEtdKx cEmitX yle__article__paragraph\">\u2013 Kun ajattelen Gr\u00f8nlandia, n\u00e4en mieless\u00e4 yst\u00e4v\u00e4ni. Ei t\u00e4m\u00e4 ole vaarallinen paikka, Safari sanoo.<\/p>\n<p class=\"aw-1gybjub aw-1p7kakr kEtdKx cEmitX yle__article__paragraph\">Andy Ho on asunut Gr\u00f8nlandissa koko ik\u00e4ns\u00e4.<\/p>\n<p class=\"aw-1gybjub aw-1p7kakr kEtdKx cEmitX yle__article__paragraph\">\u2013 Gr\u00f8nland on paikka, jossa olen turvassa. Se on koti.<\/p>\n","protected":false},"excerpt":{"rendered":"Nuorten tekem\u00e4t vakavat rikokset ovat lis\u00e4\u00e4ntyneet Norjassa, ja Oslon Gr\u00f8nlandin kaupunginosa on leimautunut ongelma-alueeksi. Alueella asuvien nuorten, Andy&hellip;\n","protected":false},"author":2,"featured_media":186548,"comment_status":"","ping_status":"","sticky":false,"template":"","format":"standard","meta":{"footnotes":"","_share_on_mastodon":"0"},"categories":[14],"tags":[22,23,26,27,33,31,30,17,29468,2236,13993,24,25,28,29,15,385,814,5836,18,21,581,813,32,19,20,56,16,59,60,61],"class_list":["post-186547","post","type-post","status-publish","format-standard","has-post-thumbnail","category-ulkomaat","tag-breaking-news","tag-breakingnews","tag-featured-news","tag-featurednews","tag-fi","tag-finland","tag-finnish","tag-headlines","tag-huumeet-ja-rikollisuus","tag-jarjestaytynyt-rikollisuus","tag-jengit","tag-latest-news","tag-latestnews","tag-main-news","tag-mainnews","tag-news","tag-norja","tag-nuoret","tag-oslo","tag-otsikot","tag-paauutiset","tag-rikokset","tag-rikollisuus","tag-suomi","tag-top-stories","tag-topstories","tag-ulkomaat","tag-uutiset","tag-world","tag-world-news","tag-worldnews"],"share_on_mastodon":{"url":"https:\/\/pubeurope.com\/@fi\/116178577426572213","error":""},"_links":{"self":[{"href":"https:\/\/www.europesays.com\/fi\/wp-json\/wp\/v2\/posts\/186547","targetHints":{"allow":["GET"]}}],"collection":[{"href":"https:\/\/www.europesays.com\/fi\/wp-json\/wp\/v2\/posts"}],"about":[{"href":"https:\/\/www.europesays.com\/fi\/wp-json\/wp\/v2\/types\/post"}],"author":[{"embeddable":true,"href":"https:\/\/www.europesays.com\/fi\/wp-json\/wp\/v2\/users\/2"}],"replies":[{"embeddable":true,"href":"https:\/\/www.europesays.com\/fi\/wp-json\/wp\/v2\/comments?post=186547"}],"version-history":[{"count":0,"href":"https:\/\/www.europesays.com\/fi\/wp-json\/wp\/v2\/posts\/186547\/revisions"}],"wp:featuredmedia":[{"embeddable":true,"href":"https:\/\/www.europesays.com\/fi\/wp-json\/wp\/v2\/media\/186548"}],"wp:attachment":[{"href":"https:\/\/www.europesays.com\/fi\/wp-json\/wp\/v2\/media?parent=186547"}],"wp:term":[{"taxonomy":"category","embeddable":true,"href":"https:\/\/www.europesays.com\/fi\/wp-json\/wp\/v2\/categories?post=186547"},{"taxonomy":"post_tag","embeddable":true,"href":"https:\/\/www.europesays.com\/fi\/wp-json\/wp\/v2\/tags?post=186547"}],"curies":[{"name":"wp","href":"https:\/\/api.w.org\/{rel}","templated":true}]}}