{"id":186811,"date":"2026-03-06T05:11:09","date_gmt":"2026-03-06T05:11:09","guid":{"rendered":"https:\/\/www.europesays.com\/fi\/186811\/"},"modified":"2026-03-06T05:11:09","modified_gmt":"2026-03-06T05:11:09","slug":"ferrari-ravaytti-heti-kovan-paukun-f1-harjoituksissa","status":"publish","type":"post","link":"https:\/\/www.europesays.com\/fi\/186811\/","title":{"rendered":"Ferrari r\u00e4v\u00e4ytti heti kovan paukun F1-harjoituksissa"},"content":{"rendered":"<p>Ferrari oli heti hyv\u00e4ss\u00e4 iskussa kauden ensimm\u00e4isiss\u00e4 vapaissa harjoituksissa Australian Melbournen Albert Parkin radalla. Ferrari valtasi koko eturivin itselleen ensimm\u00e4isiss\u00e4 harjoituksissa.<\/p>\n<p><strong>Charles Leclerc<\/strong> nousi aivan harjoituksen lopussa k\u00e4rkeen ohi tallikaverinsa <strong>Lewis Hamiltonin<\/strong>.<\/p>\n<p>Leclerc kiersi radan parhaimmillaan aikaan 1.20,267. Hamilton j\u00e4i tallikaverinsa k\u00e4rkiajasta 0,469 sekuntia.<\/p>\n<p>Ferrari n\u00e4ytti jo talvitesteiss\u00e4 hyvin vahvalta ja Hamilton esiintyikin kauden ensimm\u00e4isess\u00e4 mediatilaisuudessa itseluottamusta uhkuen.<\/p>\n<p>Red Bull oli my\u00f6s heti hyv\u00e4ss\u00e4 vauhdissa. <strong>Max Verstappen<\/strong> oli kolmanneksi nopein ja taipui Leclercin pohja-ajalle 0,522 sekuntia. Verstappenin tallikaveri <strong>Isack Hadjar<\/strong> oli nelj\u00e4nneksi nopein. H\u00e4n j\u00e4i k\u00e4rjest\u00e4 0,820 sekuntia.<\/p>\n<p>Juttu jatkuu kuvan j\u00e4lkeen.<\/p>\n<p><img loading=\"lazy\" decoding=\"async\" width=\"1200\" height=\"649\" src=\"https:\/\/www.europesays.com\/fi\/wp-content\/uploads\/2026\/03\/d334a350-9c23-4189-816c-50cb40fb49c2.jpg\" alt=\"Lewis Hamilton Albert Parkin radalla\" class=\"lazyload wp-image-106172\"  data-\/>Lewis Hamilton Albert Parkin radalla. Kuva: Scuderia Ferrari<\/p>\n<p>Red Bullin voimanl\u00e4hteen voimaa n\u00e4ytti my\u00f6s sisartalli Racing Bullsin tulokaskuljettaja <strong>Arvid Lindblad<\/strong>, joka oli viidenneksi nopein. H\u00e4n j\u00e4i k\u00e4rjest\u00e4 1,046.<\/p>\n<p>Mercedes lienee pettynyt ensimm\u00e4isten harjoitusten antiin. <strong>George Russell<\/strong> ajoi pehme\u00e4ll\u00e4 renkaalla vasta seitsem\u00e4nneksi, kun taas moni k\u00e4rkikuskeista pystyi h\u00e4nt\u00e4 parempaan aikaan medium-renkailla. McLarenin <strong>Oscar Piastri<\/strong> ylsi kuudenneksi. Hallitseva maailmanmestari Lando Norris oli puolestaan vasta 19:s. Britti kiersi radan teknisten ongelmien vuoksi vain kolme kertaa.<\/p>\n<p>Audin alku oli my\u00f6s lupauksia antava. <strong>Gabriel Bortoleto<\/strong> ylsi yhdeks\u00e4nneksi ja <strong>Nico H\u00fclkenberg<\/strong> 10. sijalle.<\/p>\n<p><strong>Valtteri Bottas<\/strong> oli nopein Cadillac-kuljettaja. Suomalainen ylsi sijalle 17 ja taipui k\u00e4rkikuljettaja Leclercille 3,755 sekuntia. Bottaksen tallikaveri <strong>Sergio Perez<\/strong> oli 20:s.<\/p>\n<p>Katastrofin kynsiss\u00e4 oleva Aston Martin l\u00f6ytyi t\u00e4ysin odotetusti joukon per\u00e4lt\u00e4. <strong>Lance Stroll<\/strong> oli toiseksi viimeinen, eik\u00e4 saanut aikaiseksi yht\u00e4\u00e4n kunnon aikakierrosta. Tallikaveri <strong>Fernando Alonsolle<\/strong> ei kirjattu ollenkaan kierrosaikaa. Stroll ajoi vain yhden kierroksen, kun taas Alonso ei k\u00e4ynyt kertaakaan edes radalla.<\/p>\n<p>Seuraavaksi F1-kisaviikonloppu jatkuu toisilla vapailla harjoituksilla. Toiset harjoitukset alkavat kello 7.00 Suomen aikaa.<\/p>\n<blockquote class=\"instagram-media\" data-instgrm-captioned=\"\" data-instgrm-permalink=\"https:\/\/www.instagram.com\/p\/DVhuCR7gpF1\/?utm_source=ig_embed&amp;utm_campaign=loading\" data-instgrm-version=\"14\" style=\"background:#FFF;border:0;border-radius:3px;margin: 1px;max-width:540px;min-width:326px;padding:0;width:99.375%;width:-webkit-calc(100% - 2px);width:calc(100% - 2px)\"\/>\n<p><strong>Australian F1-kisaviikonlopun aikataulu (kaikki ajat Suomen aikaa):<\/strong><\/p>\n<p>Pe 6.3 kello 3.30: 1. vapaat harjoitukset<br \/>Pe 6.3 kello 7.00: 2. vapaat harjoitukset<br \/>La 7.3 kello 3.30: 3. vapaat harjoitukset<br \/>La 7.3 kello 7.00: aika-ajot<br \/>Su 8.3 kello 6.00 Australian GP<\/p>\n<p><script async src=\"\/\/www.instagram.com\/embed.js\"><\/script><\/p>\n","protected":false},"excerpt":{"rendered":"Ferrari oli heti hyv\u00e4ss\u00e4 iskussa kauden ensimm\u00e4isiss\u00e4 vapaissa harjoituksissa Australian Melbournen Albert Parkin radalla. Ferrari valtasi koko eturivin&hellip;\n","protected":false},"author":2,"featured_media":186812,"comment_status":"","ping_status":"","sticky":false,"template":"","format":"standard","meta":{"footnotes":"","_share_on_mastodon":"0"},"categories":[158],"tags":[6337,13735,5717,28649,33,31,30,29489,29490,7317,18874,7318,29491,7279,20389,159,32,160,6336],"class_list":["post-186811","post","type-post","status-publish","format-standard","has-post-thumbnail","category-urheilu","tag-cadillac","tag-charles-leclerc","tag-f1","tag-f1-kausi-2026","tag-fi","tag-finland","tag-finnish","tag-george-russell","tag-kimi-antonelli","tag-lando-norris","tag-lewis-hamilton","tag-mclaren","tag-mercedes","tag-oscar-piastri","tag-scuderia-ferrari","tag-sports","tag-suomi","tag-urheilu","tag-valtteri-bottas"],"share_on_mastodon":{"url":"https:\/\/pubeurope.com\/@fi\/116180516034761580","error":""},"_links":{"self":[{"href":"https:\/\/www.europesays.com\/fi\/wp-json\/wp\/v2\/posts\/186811","targetHints":{"allow":["GET"]}}],"collection":[{"href":"https:\/\/www.europesays.com\/fi\/wp-json\/wp\/v2\/posts"}],"about":[{"href":"https:\/\/www.europesays.com\/fi\/wp-json\/wp\/v2\/types\/post"}],"author":[{"embeddable":true,"href":"https:\/\/www.europesays.com\/fi\/wp-json\/wp\/v2\/users\/2"}],"replies":[{"embeddable":true,"href":"https:\/\/www.europesays.com\/fi\/wp-json\/wp\/v2\/comments?post=186811"}],"version-history":[{"count":0,"href":"https:\/\/www.europesays.com\/fi\/wp-json\/wp\/v2\/posts\/186811\/revisions"}],"wp:featuredmedia":[{"embeddable":true,"href":"https:\/\/www.europesays.com\/fi\/wp-json\/wp\/v2\/media\/186812"}],"wp:attachment":[{"href":"https:\/\/www.europesays.com\/fi\/wp-json\/wp\/v2\/media?parent=186811"}],"wp:term":[{"taxonomy":"category","embeddable":true,"href":"https:\/\/www.europesays.com\/fi\/wp-json\/wp\/v2\/categories?post=186811"},{"taxonomy":"post_tag","embeddable":true,"href":"https:\/\/www.europesays.com\/fi\/wp-json\/wp\/v2\/tags?post=186811"}],"curies":[{"name":"wp","href":"https:\/\/api.w.org\/{rel}","templated":true}]}}