{"id":187068,"date":"2026-03-06T11:46:06","date_gmt":"2026-03-06T11:46:06","guid":{"rendered":"https:\/\/www.europesays.com\/fi\/187068\/"},"modified":"2026-03-06T11:46:06","modified_gmt":"2026-03-06T11:46:06","slug":"dubaihin-jumiin-jaanyt-lahtelainen-kaikki-on-aina-vain-yhta-epaselvaa-paijat-hame","status":"publish","type":"post","link":"https:\/\/www.europesays.com\/fi\/187068\/","title":{"rendered":"Dubaihin jumiin j\u00e4\u00e4nyt lahtelainen: &#8221;Kaikki on aina vain yht\u00e4 ep\u00e4selv\u00e4\u00e4&#8221; | P\u00e4ij\u00e4t-H\u00e4me"},"content":{"rendered":"<p>Dubaihin lomalle l\u00e4htenyt Katja Lohko odottaa lis\u00e4tietoa ulkoministeri\u00f6n evakuointilennosta.<\/p>\n<p>Dubaihin j\u00e4i jumiin satoja suomalaisia lentoyhti\u00f6iden peruttua lentoja L\u00e4hi-id\u00e4n konfliktin takia. Yksi heist\u00e4 on lahtelainen <strong>Katja Lohko<\/strong>. H\u00e4n saapui Dubaihin sukulaistensa kanssa reilu viikko sitten. He ovat odottaneet tietoa mahdollisesta lennosta takaisin Suomeen viime viikonlopusta saakka.<\/p>\n","protected":false},"excerpt":{"rendered":"Dubaihin lomalle l\u00e4htenyt Katja Lohko odottaa lis\u00e4tietoa ulkoministeri\u00f6n evakuointilennosta. Dubaihin j\u00e4i jumiin satoja suomalaisia lentoyhti\u00f6iden peruttua lentoja L\u00e4hi-id\u00e4n&hellip;\n","protected":false},"author":2,"featured_media":187069,"comment_status":"","ping_status":"","sticky":false,"template":"","format":"standard","meta":{"footnotes":"","_share_on_mastodon":"0"},"categories":[14],"tags":[22,23,6828,2264,26,27,33,31,30,17,992,1801,24,25,21123,28,29,4544,923,15,18,21,32,19,20,56,16,59,60,61],"class_list":["post-187068","post","type-post","status-publish","format-standard","has-post-thumbnail","category-ulkomaat","tag-breaking-news","tag-breakingnews","tag-dubai","tag-evakuointi","tag-featured-news","tag-featurednews","tag-fi","tag-finland","tag-finnish","tag-headlines","tag-lahi-ita","tag-lahti","tag-latest-news","tag-latestnews","tag-lentomatkustaminen","tag-main-news","tag-mainnews","tag-matka","tag-matkustaminen","tag-news","tag-otsikot","tag-paauutiset","tag-suomi","tag-top-stories","tag-topstories","tag-ulkomaat","tag-uutiset","tag-world","tag-world-news","tag-worldnews"],"share_on_mastodon":{"url":"https:\/\/pubeurope.com\/@fi\/116182069238967639","error":""},"_links":{"self":[{"href":"https:\/\/www.europesays.com\/fi\/wp-json\/wp\/v2\/posts\/187068","targetHints":{"allow":["GET"]}}],"collection":[{"href":"https:\/\/www.europesays.com\/fi\/wp-json\/wp\/v2\/posts"}],"about":[{"href":"https:\/\/www.europesays.com\/fi\/wp-json\/wp\/v2\/types\/post"}],"author":[{"embeddable":true,"href":"https:\/\/www.europesays.com\/fi\/wp-json\/wp\/v2\/users\/2"}],"replies":[{"embeddable":true,"href":"https:\/\/www.europesays.com\/fi\/wp-json\/wp\/v2\/comments?post=187068"}],"version-history":[{"count":0,"href":"https:\/\/www.europesays.com\/fi\/wp-json\/wp\/v2\/posts\/187068\/revisions"}],"wp:featuredmedia":[{"embeddable":true,"href":"https:\/\/www.europesays.com\/fi\/wp-json\/wp\/v2\/media\/187069"}],"wp:attachment":[{"href":"https:\/\/www.europesays.com\/fi\/wp-json\/wp\/v2\/media?parent=187068"}],"wp:term":[{"taxonomy":"category","embeddable":true,"href":"https:\/\/www.europesays.com\/fi\/wp-json\/wp\/v2\/categories?post=187068"},{"taxonomy":"post_tag","embeddable":true,"href":"https:\/\/www.europesays.com\/fi\/wp-json\/wp\/v2\/tags?post=187068"}],"curies":[{"name":"wp","href":"https:\/\/api.w.org\/{rel}","templated":true}]}}