{"id":187164,"date":"2026-03-06T14:22:10","date_gmt":"2026-03-06T14:22:10","guid":{"rendered":"https:\/\/www.europesays.com\/fi\/187164\/"},"modified":"2026-03-06T14:22:10","modified_gmt":"2026-03-06T14:22:10","slug":"tulikivi-aikoo-vetaytya-venajalta-huhtikuun-alkuun-mennessa-liikevaihto-putosi-viime-vuonna-pohjois-karjala","status":"publish","type":"post","link":"https:\/\/www.europesays.com\/fi\/187164\/","title":{"rendered":"Tulikivi aikoo vet\u00e4yty\u00e4 Ven\u00e4j\u00e4lt\u00e4 huhtikuun alkuun menness\u00e4 \u2013 liikevaihto putosi viime vuonna | Pohjois-Karjala"},"content":{"rendered":"<p class=\"aw-1gybjub aw-5vja16 kEtdKx kmuxyA yle__article__paragraph\">Juukalainen tulisija\u00advalmistaja joutui vuoden lopulla kritiikin kohteeksi, kun k\u00e4vi ilmi, ett\u00e4 se oli jatkanut toimintaa Ven\u00e4j\u00e4ll\u00e4.<\/p>\n<p><img decoding=\"async\" alt=\"Tulikiven toimitusjohtaja  Heikki Vauhkonen nojaa takkaan Habitare-messuilla ja katsoo kameraan.\" src=\"https:\/\/www.europesays.com\/fi\/wp-content\/uploads\/2026\/03\/39-134745766e2bb3d1e6ba.jpeg\" class=\"aw-1l9m598 hKVVvP\"\/><\/p>\n<p>Avaa kuvien katselu<\/p>\n<p>Tulikiven toimitusjohtajan Heikki Vauhkosen mukaan Ven\u00e4j\u00e4n toimintoja on ajettu alas hyv\u00e4\u00e4 hallintotapaa noudattaen. Kuva: Terhi Liimu \/ Yle<\/p>\n<p>13:18\u2022P\u00e4ivitetty 14:19<\/p>\n<p class=\"aw-1gybjub aw-1p7kakr kEtdKx cEmitX yle__article__paragraph\">Varaavia tulisijoja valmistava Tulikivi aikoo vet\u00e4yty\u00e4 Ven\u00e4j\u00e4lt\u00e4 huhtikuun alkuun menness\u00e4. Juukalainen p\u00f6rssiyhti\u00f6 kertoi asiasta tilinp\u00e4\u00e4t\u00f6stiedotteessaan.<\/p>\n<p class=\"aw-1gybjub aw-1p7kakr kEtdKx cEmitX yle__article__paragraph\">Yhti\u00f6n mukaan toiminnan alasajo on edennyt suunnitellusti. Toimiin kuuluu muun muassa sopimusten irtisanomisia ja yhti\u00f6n omaisuuden realisointia.<\/p>\n<p class=\"aw-1gybjub aw-1p7kakr kEtdKx cEmitX yle__article__paragraph\">Yle<a class=\"aw-iao6s4 iHOxEa yle__article__link\" href=\"https:\/\/yle.fi\/a\/74-20200823\" role=\"link\" rel=\"nofollow noopener\" target=\"_blank\"> kertoi tammikuussa<\/a>, ett\u00e4 Tulikivi on jatkanut aktiivista liiketoimintaa Ven\u00e4j\u00e4ll\u00e4 vuosina 2023\u20132025. Yhti\u00f6 oli jo vuonna 2022 ilmoittanut ajavansa Ven\u00e4j\u00e4n toiminnot alas Ven\u00e4j\u00e4n aloitettua hy\u00f6kk\u00e4yssodan Ukrainassa.<\/p>\n<p class=\"aw-1gybjub aw-1p7kakr kEtdKx cEmitX yle__article__paragraph\">Yhti\u00f6n liikevaihto laski viime vuonna reilut 11 prosenttia edellisest\u00e4 vuodesta. My\u00f6s vertailukelpoinen liiketulos putosi 2,1 miljoonasta 0,1 miljoonaa euroa miinukselle.<br \/>Tulos ennen veroja laski 1,4 miljoonasta eurosta 1,3 miljoonaa euroa miinukselle.<\/p>\n<p class=\"aw-1gybjub aw-1p7kakr kEtdKx cEmitX yle__article__paragraph\">Toimitusjohtaja <strong class=\"aw-ak79eh KyCXm yle__article__strong\">Heikki Vauhkosen<\/strong> mukaan lasku on seurausta taloudellisesta ep\u00e4varmuudesta, jonka vuoksi kuluttajat siirsiv\u00e4t remontteja ja uudisrakentamista.<\/p>\n<p class=\"aw-1gybjub aw-1p7kakr kEtdKx cEmitX yle__article__paragraph\">Muokkaus 6.3.2026 klo 14.19: Lis\u00e4tty tulos ennen veroja.<\/p>\n","protected":false},"excerpt":{"rendered":"Juukalainen tulisija\u00advalmistaja joutui vuoden lopulla kritiikin kohteeksi, kun k\u00e4vi ilmi, ett\u00e4 se oli jatkanut toimintaa Ven\u00e4j\u00e4ll\u00e4. Avaa kuvien&hellip;\n","protected":false},"author":2,"featured_media":187165,"comment_status":"","ping_status":"","sticky":false,"template":"","format":"standard","meta":{"footnotes":"","_share_on_mastodon":"0"},"categories":[14],"tags":[22,23,26,27,33,31,30,17,2947,71,24,25,28,29,15,18,21,1137,32,19,20,26056,24978,56,16,547,987,59,60,61],"class_list":["post-187164","post","type-post","status-publish","format-standard","has-post-thumbnail","category-ulkomaat","tag-breaking-news","tag-breakingnews","tag-featured-news","tag-featurednews","tag-fi","tag-finland","tag-finnish","tag-headlines","tag-juuka","tag-kotimaa","tag-latest-news","tag-latestnews","tag-main-news","tag-mainnews","tag-news","tag-otsikot","tag-paauutiset","tag-pohjois-karjala","tag-suomi","tag-top-stories","tag-topstories","tag-tulikivi-konserni","tag-tulisijat","tag-ulkomaat","tag-uutiset","tag-venaja","tag-venajan-hyokkays","tag-world","tag-world-news","tag-worldnews"],"share_on_mastodon":{"url":"https:\/\/pubeurope.com\/@fi\/116182682539922700","error":""},"_links":{"self":[{"href":"https:\/\/www.europesays.com\/fi\/wp-json\/wp\/v2\/posts\/187164","targetHints":{"allow":["GET"]}}],"collection":[{"href":"https:\/\/www.europesays.com\/fi\/wp-json\/wp\/v2\/posts"}],"about":[{"href":"https:\/\/www.europesays.com\/fi\/wp-json\/wp\/v2\/types\/post"}],"author":[{"embeddable":true,"href":"https:\/\/www.europesays.com\/fi\/wp-json\/wp\/v2\/users\/2"}],"replies":[{"embeddable":true,"href":"https:\/\/www.europesays.com\/fi\/wp-json\/wp\/v2\/comments?post=187164"}],"version-history":[{"count":0,"href":"https:\/\/www.europesays.com\/fi\/wp-json\/wp\/v2\/posts\/187164\/revisions"}],"wp:featuredmedia":[{"embeddable":true,"href":"https:\/\/www.europesays.com\/fi\/wp-json\/wp\/v2\/media\/187165"}],"wp:attachment":[{"href":"https:\/\/www.europesays.com\/fi\/wp-json\/wp\/v2\/media?parent=187164"}],"wp:term":[{"taxonomy":"category","embeddable":true,"href":"https:\/\/www.europesays.com\/fi\/wp-json\/wp\/v2\/categories?post=187164"},{"taxonomy":"post_tag","embeddable":true,"href":"https:\/\/www.europesays.com\/fi\/wp-json\/wp\/v2\/tags?post=187164"}],"curies":[{"name":"wp","href":"https:\/\/api.w.org\/{rel}","templated":true}]}}