{"id":18750,"date":"2025-08-28T12:23:08","date_gmt":"2025-08-28T12:23:08","guid":{"rendered":"https:\/\/www.europesays.com\/fi\/18750\/"},"modified":"2025-08-28T12:23:08","modified_gmt":"2025-08-28T12:23:08","slug":"ei-ole-kysytty-lupaa-abreun-somevideot-saivat-idols-tuotannon-jyrahtamaan","status":"publish","type":"post","link":"https:\/\/www.europesays.com\/fi\/18750\/","title":{"rendered":"\u201dEi ole kysytty lupaa\u201d \u2013 Abreun somevideot saivat Idols-tuotannon jyr\u00e4ht\u00e4m\u00e4\u00e4n"},"content":{"rendered":"<p>Idols-ohjelman tuottaneen Fremantlen toimitusjohtaja kertoo Iltalehdelle, ett\u00e4 Abreun somevideot ovat aiheuttaneet keskustelua ja yhteydenottoja heid\u00e4n suuntaansa.<\/p>\n<p><img decoding=\"async\" class=\"image image-show image-preview\" src=\"https:\/\/www.europesays.com\/fi\/wp-content\/uploads\/2025\/08\/6c25cad479d0bf3c850d60d708f1a1229f71a969a9fbb4430e6810529ca5efb5.jpg\" alt=\"\"\/><img decoding=\"async\" class=\"image image-show\" src=\"https:\/\/www.europesays.com\/fi\/wp-content\/uploads\/2025\/08\/1756383788_542_6c25cad479d0bf3c850d60d708f1a1229f71a969a9fbb4430e6810529ca5efb5.jpg\" alt=\"\"\/><\/p>\n<p>Abreu j\u00e4\u00e4 pian tauolle. Inka Soveri<\/p>\n<p class=\"paragraph\">Artisti <strong>Anna Abreu<\/strong>, 35, markkinoi tulevaa <a href=\"https:\/\/www.iltalehti.fi\/musiikki\/5c0ca692-8338-46cd-b58f-d16bc29f302c\" rel=\"nofollow noopener\" target=\"_blank\">20-vuotisjuhlakonserttiaan<\/a> parin p\u00e4iv\u00e4n ajan videoilla, joissa h\u00e4n ik\u00e4\u00e4n kuin osallistuu Idols-laulukilpailuun.<\/p>\n<p class=\"paragraph\">Videoilla punaiseen mekkoon pukeutuneen artistin toiseen rintaan on kiinnitetty lappu, jossa lukee osallistujanumero ja Abreun nimi sinisen ympyr\u00e4n sis\u00e4ll\u00e4. Ympyr\u00e4 muistuttaa hyvin paljon Idolsin logoa.<\/p>\n<p class=\"paragraph\">Sama logo n\u00e4kyy ensimm\u00e4isen videon mikrofonissa, jolla haastatellaan Abreuta ennen koelauluosiota.<\/p>\n<p class=\"paragraph\">Mik\u00e4li linkki ei n\u00e4y, voit katsoa julkaisun <a href=\"https:\/\/www.instagram.com\/p\/DNxvOSkVD-M\/\" target=\"_blank\" rel=\"noopener nofollow\">t\u00e4\u00e4lt\u00e4<\/a>.<\/p>\n<p class=\"paragraph\">Toisella videolla Abreu menee laulukilpailun tuomaristoon kuuluvien <strong>Nina Tapion<\/strong>, <strong>Jone Nikulan<\/strong> ja <strong>Asko Kallosen<\/strong> eteen. Samat henkil\u00f6t tuomaroivat Idolsissa silloin, kun Abreu osallistui 16-vuotiaana ohjelmaan vuonna 2007.<\/p>\n<p class=\"paragraph\">Abreun videolla esitett\u00e4v\u00e4 koelaulutilanne muistuttaa lavastukseltaan eritt\u00e4in paljon Idols-ohjelmaa.<\/p>\n<p class=\"paragraph\">Jos linkki ei n\u00e4y, voit katsoa videon <a href=\"https:\/\/www.instagram.com\/p\/DN0VJJJ1Hft\/\" target=\"_blank\" rel=\"noopener nofollow\">t\u00e4\u00e4lt\u00e4<\/a>.<\/p>\n<p>Ei lupaa<\/p>\n<p class=\"paragraph\">Idolsin tuottaneen Fremantlen toimitusjohtaja <strong>Riina Kullas<\/strong> kertoo Iltalehdelle s\u00e4hk\u00f6postitse, ett\u00e4 he eiv\u00e4t olleet tietoisia kyseisest\u00e4 kampanjasta.<\/p>\n<p class=\"paragraph\">\u2013 Meilt\u00e4 tai pikemminkin meid\u00e4n kauttamme ei ole kysytty lupaa k\u00e4ytt\u00f6\u00f6n, mik\u00e4 olisi varmasti ollut helpoin ja asianmukaisin tapa varmistaa ongelmaton k\u00e4ytt\u00f6, Kullas sanoo.<\/p>\n<p class=\"paragraph\">\u2013 Videot ovat aiheuttaneet jonkin verran keskustelua ja yhteydenottoja meid\u00e4n suuntaamme. Idols on kansainv\u00e4lisesti hyvin tunnettu ohjelmaformaatti ja tavaramerkki, jonka k\u00e4ytt\u00f6\u00e4 valvotaan tarkoin formaatin omistajan toimesta, erityisesti kaupallisessa kontekstissa ja siksi asiasta tullaan varmasti keskustelemaan asianosaisten v\u00e4lill\u00e4, h\u00e4n lis\u00e4\u00e4.<\/p>\n<p>Idolsia esitettiin yhdeks\u00e4n tuotantokauden verran. Ohjelman juontajina ovat toimineet muun muassa Ellen Jokikunnas ja Jani Toivola. EERO LIESIMAA<\/p>\n<p class=\"paragraph\">Kullas kuitenkin korostaa heid\u00e4n toivovan Abreun juhlakonsertille menestyst\u00e4, kuten my\u00f6s uran jatkolle.<\/p>\n<p class=\"paragraph\">Iltalehti yritti tuloksetta tavoittaa Warner Musicia asian tiimoilta sek\u00e4 puhelimitse ett\u00e4 tekstiviestitse.<\/p>\n<p class=\"paragraph\">Idolsia esitettiin Suomessa yhdeks\u00e4n tuotantokauden ajan vuosina 2003\u20132018. Ohjelma oli suomalaisversio brittil\u00e4isest\u00e4 Pop Idol -tv-ohjelmaformaatista.<\/p>\n<p class=\"paragraph\">Abreu sijoittui kilpailussa toiseksi. Tuolloin voiton vei <strong>Ari Koivunen<\/strong>.<\/p>\n<p class=\"paragraph\">Abreu ilmoitti torstaina j\u00e4\u00e4v\u00e4ns\u00e4 juhlakonsertin j\u00e4lkeen tauolle. Juhlakonsertti on h\u00e4nen \u201dviimeinen keikkansa vuosiin\u201d. Abreu puhui tulevasta tauostaan <a href=\"https:\/\/www.iltalehti.fi\/musiikki\/19bc2882-da81-4ff3-a5c5-a375a4897c23\" rel=\"nofollow noopener\" target=\"_blank\">Iltalehdelle<\/a> jo viime vuoden marraskuussa. H\u00e4n kertoi keskittyv\u00e4ns\u00e4 vuodesta 2026 alkaen ihan muihin asioihin kuin musiikkiin.<\/p>\n<p class=\"paragraph\">Abreun tunnetuimpia kappaleita ovat muun muassa Valheista kaunein, End Of Love, sek\u00e4 Teipill\u00e4 tai rakkaudella. Abreun kahdeksas albumi julkaistaan viel\u00e4 ennen konserttia loppuvuodesta 2025.<\/p>\n<p><script async src=\"\/\/www.instagram.com\/embed.js\"><\/script><\/p>\n","protected":false},"excerpt":{"rendered":"Idols-ohjelman tuottaneen Fremantlen toimitusjohtaja kertoo Iltalehdelle, ett\u00e4 Abreun somevideot ovat aiheuttaneet keskustelua ja yhteydenottoja heid\u00e4n suuntaansa. Abreu j\u00e4\u00e4&hellip;\n","protected":false},"author":2,"featured_media":18751,"comment_status":"","ping_status":"","sticky":false,"template":"","format":"standard","meta":{"footnotes":""},"categories":[136],"tags":[35,138,407,137,33,31,30,408,525,47,141,532,32,109],"class_list":{"0":"post-18750","1":"post","2":"type-post","3":"status-publish","4":"format-standard","5":"has-post-thumbnail","7":"category-julkkikset","8":"tag-24h","9":"tag-audio","10":"tag-celebrities","11":"tag-entertainment","12":"tag-fi","13":"tag-finland","14":"tag-finnish","15":"tag-julkkikset","16":"tag-laulaminen-ja-laulajat","17":"tag-musiikki","18":"tag-muusikot-bandit","19":"tag-rock-ja-pop","20":"tag-suomi","21":"tag-viihde"},"share_on_mastodon":{"url":"","error":""},"_links":{"self":[{"href":"https:\/\/www.europesays.com\/fi\/wp-json\/wp\/v2\/posts\/18750","targetHints":{"allow":["GET"]}}],"collection":[{"href":"https:\/\/www.europesays.com\/fi\/wp-json\/wp\/v2\/posts"}],"about":[{"href":"https:\/\/www.europesays.com\/fi\/wp-json\/wp\/v2\/types\/post"}],"author":[{"embeddable":true,"href":"https:\/\/www.europesays.com\/fi\/wp-json\/wp\/v2\/users\/2"}],"replies":[{"embeddable":true,"href":"https:\/\/www.europesays.com\/fi\/wp-json\/wp\/v2\/comments?post=18750"}],"version-history":[{"count":0,"href":"https:\/\/www.europesays.com\/fi\/wp-json\/wp\/v2\/posts\/18750\/revisions"}],"wp:featuredmedia":[{"embeddable":true,"href":"https:\/\/www.europesays.com\/fi\/wp-json\/wp\/v2\/media\/18751"}],"wp:attachment":[{"href":"https:\/\/www.europesays.com\/fi\/wp-json\/wp\/v2\/media?parent=18750"}],"wp:term":[{"taxonomy":"category","embeddable":true,"href":"https:\/\/www.europesays.com\/fi\/wp-json\/wp\/v2\/categories?post=18750"},{"taxonomy":"post_tag","embeddable":true,"href":"https:\/\/www.europesays.com\/fi\/wp-json\/wp\/v2\/tags?post=18750"}],"curies":[{"name":"wp","href":"https:\/\/api.w.org\/{rel}","templated":true}]}}