{"id":187501,"date":"2026-03-06T22:36:08","date_gmt":"2026-03-06T22:36:08","guid":{"rendered":"https:\/\/www.europesays.com\/fi\/187501\/"},"modified":"2026-03-06T22:36:08","modified_gmt":"2026-03-06T22:36:08","slug":"jyvaskylalaiset-kerttu-tikkanen-ja-leo-soininen-dubaissa-ohjus-rajahti-siina-paan-ylapuolella-keski-suomi","status":"publish","type":"post","link":"https:\/\/www.europesays.com\/fi\/187501\/","title":{"rendered":"Jyv\u00e4skyl\u00e4l\u00e4iset Kerttu Tikkanen ja Leo Soininen Dubaissa: &#8221;Ohjus r\u00e4j\u00e4hti siin\u00e4 p\u00e4\u00e4n yl\u00e4puolella&#8221; | Keski-Suomi"},"content":{"rendered":"<p>Jyv\u00e4skyl\u00e4l\u00e4iset opiskelijat <strong>Kerttu Tikkanen<\/strong> ja <strong>Leo Soininen<\/strong> ovat t\u00e4ll\u00e4 hetkell\u00e4 monien suomalaisten tapaan jumissa Dubaissa.<\/p>\n<p>He kertovat Keskisuomalaiselle olleensa haastatteluhetkell\u00e4 Soinisen sukulaisten luona. Tikkanen kuvaa tilannetta ahdistavaksi ja absurdiksi.<\/p>\n<p>\u2013\u2009Puhelimiin tulee sellaisia h\u00e4lytyksi\u00e4, ett\u00e4 menk\u00e4\u00e4 sis\u00e4tiloihin ja suojautukaa. Aamulla tuli taas uusi h\u00e4lytys ja kuului pauketta, mutta se meni nopeasti ohi. Mahdollisimman normaalisti koitetaan t\u00e4ss\u00e4 olla, mutta eih\u00e4n t\u00e4m\u00e4 miellytt\u00e4v\u00e4\u00e4 ole kuitenkaan.<\/p>\n<p>Jamkin Tiimiakatemiassa opiskelevat Tikkanen ja Soininen lensiv\u00e4t Dubaihin 24. helmikuuta. Tikkasen mukaan he olivat Soinisen sukulaisten asuinalueen uima-altaalla lauantaina, kun sotatoimet alkoivat.<\/p>\n","protected":false},"excerpt":{"rendered":"Jyv\u00e4skyl\u00e4l\u00e4iset opiskelijat Kerttu Tikkanen ja Leo Soininen ovat t\u00e4ll\u00e4 hetkell\u00e4 monien suomalaisten tapaan jumissa Dubaissa. He kertovat Keskisuomalaiselle&hellip;\n","protected":false},"author":2,"featured_media":187502,"comment_status":"","ping_status":"","sticky":false,"template":"","format":"standard","meta":{"footnotes":"","_share_on_mastodon":"0"},"categories":[14],"tags":[428,22,23,26,27,33,31,1548,30,17,2353,425,1132,24,25,2910,28,29,15,18,21,142,32,19,20,56,16,59,60,61],"class_list":["post-187501","post","type-post","status-publish","format-standard","has-post-thumbnail","category-ulkomaat","tag-ahdistus","tag-breaking-news","tag-breakingnews","tag-featured-news","tag-featurednews","tag-fi","tag-finland","tag-finnair","tag-finnish","tag-headlines","tag-hotellit-ja-majoitus","tag-jyvaskyla","tag-kuopio","tag-latest-news","tag-latestnews","tag-lentoliikenne-ilmaliikenne","tag-main-news","tag-mainnews","tag-news","tag-otsikot","tag-paauutiset","tag-poliitikot","tag-suomi","tag-top-stories","tag-topstories","tag-ulkomaat","tag-uutiset","tag-world","tag-world-news","tag-worldnews"],"share_on_mastodon":{"url":"https:\/\/pubeurope.com\/@fi\/116184624945940130","error":""},"_links":{"self":[{"href":"https:\/\/www.europesays.com\/fi\/wp-json\/wp\/v2\/posts\/187501","targetHints":{"allow":["GET"]}}],"collection":[{"href":"https:\/\/www.europesays.com\/fi\/wp-json\/wp\/v2\/posts"}],"about":[{"href":"https:\/\/www.europesays.com\/fi\/wp-json\/wp\/v2\/types\/post"}],"author":[{"embeddable":true,"href":"https:\/\/www.europesays.com\/fi\/wp-json\/wp\/v2\/users\/2"}],"replies":[{"embeddable":true,"href":"https:\/\/www.europesays.com\/fi\/wp-json\/wp\/v2\/comments?post=187501"}],"version-history":[{"count":0,"href":"https:\/\/www.europesays.com\/fi\/wp-json\/wp\/v2\/posts\/187501\/revisions"}],"wp:featuredmedia":[{"embeddable":true,"href":"https:\/\/www.europesays.com\/fi\/wp-json\/wp\/v2\/media\/187502"}],"wp:attachment":[{"href":"https:\/\/www.europesays.com\/fi\/wp-json\/wp\/v2\/media?parent=187501"}],"wp:term":[{"taxonomy":"category","embeddable":true,"href":"https:\/\/www.europesays.com\/fi\/wp-json\/wp\/v2\/categories?post=187501"},{"taxonomy":"post_tag","embeddable":true,"href":"https:\/\/www.europesays.com\/fi\/wp-json\/wp\/v2\/tags?post=187501"}],"curies":[{"name":"wp","href":"https:\/\/api.w.org\/{rel}","templated":true}]}}