{"id":18768,"date":"2025-08-28T12:50:08","date_gmt":"2025-08-28T12:50:08","guid":{"rendered":"https:\/\/www.europesays.com\/fi\/18768\/"},"modified":"2025-08-28T12:50:08","modified_gmt":"2025-08-28T12:50:08","slug":"valtteri-bottas-harvinaisissa-yhteiskuvissa","status":"publish","type":"post","link":"https:\/\/www.europesays.com\/fi\/18768\/","title":{"rendered":"Valtteri Bottas harvinaisissa yhteiskuvissa"},"content":{"rendered":"<p>Valtteri Bottaksen kumppani muisti suomalaista Instagramissa.<\/p>\n<p><img decoding=\"async\" class=\"image image-show image-preview\" src=\"https:\/\/www.europesays.com\/fi\/wp-content\/uploads\/2025\/08\/b2e8e5f0286d806c1e15b761251209e1b8e8f45e25b1af3308f7f3d74abad41a.jpg\" alt=\"\"\/><img decoding=\"async\" class=\"image image-show\" src=\"https:\/\/www.europesays.com\/fi\/wp-content\/uploads\/2025\/08\/1756385408_152_b2e8e5f0286d806c1e15b761251209e1b8e8f45e25b1af3308f7f3d74abad41a.jpg\" alt=\"\"\/><\/p>\n<p>Tiffany Cromwell ja Valtteri Bottas ovat olleet yhdess\u00e4 vuodesta 2020 alkaen.  AOP<\/p>\n<p class=\"paragraph\">F1-kuljettaja <strong>Valtteri Bottas<\/strong> viett\u00e4\u00e4 torstaina 36-vuotissyntym\u00e4p\u00e4iv\u00e4\u00e4ns\u00e4, ja juhlap\u00e4iv\u00e4 on saanut huomiota my\u00f6s h\u00e4nen rakkaansa somessa.<\/p>\n<p class=\"paragraph\">Australialainen py\u00f6r\u00e4ilyt\u00e4hti <strong>Tiffany Cromwell<\/strong>, 37, julkaisi Instagramissa kuvakollaasin, jossa h\u00e4n ja Bottas poseeraavat iloisina vierekk\u00e4in. Pariskunnan tunnelma kuvissa on rento ja aurinkoinen. Yhdess\u00e4 kuvassa Bottaksella on p\u00e4\u00e4ss\u00e4\u00e4n lippalakki, jossa lukee humoristisesti teksti \u201dDay drinker\u201d.<\/p>\n<p class=\"paragraph\">\u2013\u2009Onnellisinta syntym\u00e4p\u00e4iv\u00e4\u00e4 ykk\u00f6selleni, Cromwell kirjoitti julkaisussa syd\u00e4nemojin kera.<\/p>\n<p class=\"paragraph\">Jos julkaisu ei n\u00e4y, niin l\u00f6yd\u00e4t sen <a href=\"https:\/\/www.instagram.com\/p\/DN5HezXja2L\/?img_index=8\" target=\"_blank\" rel=\"noopener nofollow\">t\u00e4\u00e4lt\u00e4<\/a>.<\/p>\n<p class=\"paragraph\">Julkaisu on ker\u00e4nnyt paljon tykk\u00e4yksi\u00e4 ja onnitteluita muilta henkil\u00f6ilt\u00e4. My\u00f6s Bottas kommentoi julkaisua kahdella syd\u00e4nemojilla.<\/p>\n<p class=\"paragraph\">Bottaksella on ollut paljon syyt\u00e4 hymyyn viime aikoina, sill\u00e4 suomalaiskuljettajan paluu formuloihin kisakuljettajana varmistettiin tiistaina.<\/p>\n<p class=\"paragraph\">Bottas siirtyy ensi kaudeksi tulokastalli Cadillacin kisakuljettajaksi yhdess\u00e4 <strong>Sergio P\u00e9rezin<\/strong> kanssa.<\/p>\n<p><script async src=\"\/\/www.instagram.com\/embed.js\"><\/script><\/p>\n","protected":false},"excerpt":{"rendered":"Valtteri Bottaksen kumppani muisti suomalaista Instagramissa. Tiffany Cromwell ja Valtteri Bottas ovat olleet yhdess\u00e4 vuodesta 2020 alkaen. AOP&hellip;\n","protected":false},"author":2,"featured_media":18769,"comment_status":"","ping_status":"","sticky":false,"template":"","format":"standard","meta":{"footnotes":""},"categories":[136],"tags":[35,2810,407,137,33,31,30,3437,408,41,83,2811,32,109],"class_list":{"0":"post-18768","1":"post","2":"type-post","3":"status-publish","4":"format-standard","5":"has-post-thumbnail","7":"category-julkkikset","8":"tag-24h","9":"tag-autourheilu-ja-urheiluautot","10":"tag-celebrities","11":"tag-entertainment","12":"tag-fi","13":"tag-finland","14":"tag-finnish","15":"tag-formula-1","16":"tag-julkkikset","17":"tag-liikunta-ja-urheilu","18":"tag-moottoriurheilu","19":"tag-rata-autoilu","20":"tag-suomi","21":"tag-viihde"},"share_on_mastodon":{"url":"","error":""},"_links":{"self":[{"href":"https:\/\/www.europesays.com\/fi\/wp-json\/wp\/v2\/posts\/18768","targetHints":{"allow":["GET"]}}],"collection":[{"href":"https:\/\/www.europesays.com\/fi\/wp-json\/wp\/v2\/posts"}],"about":[{"href":"https:\/\/www.europesays.com\/fi\/wp-json\/wp\/v2\/types\/post"}],"author":[{"embeddable":true,"href":"https:\/\/www.europesays.com\/fi\/wp-json\/wp\/v2\/users\/2"}],"replies":[{"embeddable":true,"href":"https:\/\/www.europesays.com\/fi\/wp-json\/wp\/v2\/comments?post=18768"}],"version-history":[{"count":0,"href":"https:\/\/www.europesays.com\/fi\/wp-json\/wp\/v2\/posts\/18768\/revisions"}],"wp:featuredmedia":[{"embeddable":true,"href":"https:\/\/www.europesays.com\/fi\/wp-json\/wp\/v2\/media\/18769"}],"wp:attachment":[{"href":"https:\/\/www.europesays.com\/fi\/wp-json\/wp\/v2\/media?parent=18768"}],"wp:term":[{"taxonomy":"category","embeddable":true,"href":"https:\/\/www.europesays.com\/fi\/wp-json\/wp\/v2\/categories?post=18768"},{"taxonomy":"post_tag","embeddable":true,"href":"https:\/\/www.europesays.com\/fi\/wp-json\/wp\/v2\/tags?post=18768"}],"curies":[{"name":"wp","href":"https:\/\/api.w.org\/{rel}","templated":true}]}}