{"id":18777,"date":"2025-08-28T12:58:08","date_gmt":"2025-08-28T12:58:08","guid":{"rendered":"https:\/\/www.europesays.com\/fi\/18777\/"},"modified":"2025-08-28T12:58:08","modified_gmt":"2025-08-28T12:58:08","slug":"sibelius-kokoaa-faneja-yli-20-maasta-lahteen-hannu-lintu-johtaa-ensimmaista-festivaaliaan-paijat-hame","status":"publish","type":"post","link":"https:\/\/www.europesays.com\/fi\/18777\/","title":{"rendered":"Sibelius kokoaa faneja yli 20 maasta Lahteen \u2013 Hannu Lintu johtaa ensimm\u00e4ist\u00e4 festivaaliaan | P\u00e4ij\u00e4t-H\u00e4me"},"content":{"rendered":"<p class=\"sc-jYczwO sc-dNFkOE bUKqJd eiHPxO yle__article__paragraph\">Kapellimestari Hannu Lintu suunnitteli Sibelius\u00ad-festivaalin ohjelmiston kolmeksi vuodeksi eteenp\u00e4in. Lintu haluaa tuoda esiin Sibeliuksen musiikissa kuuluvat vaikutteet.<\/p>\n<p><img decoding=\"async\" alt=\"Kapellimestari Hannu Lintu johtaa Sinfonia Lahden harjoituksia Lahden Sibeliustalossa.\" src=\"https:\/\/www.europesays.com\/fi\/wp-content\/uploads\/2025\/08\/39-151307168aeeafef02fb.jpeg\" class=\"sc-dntSTA iywpZY\"\/><\/p>\n<p>Avaa kuvien katselu<\/p>\n<p>Kapellimestari Hannu Lintu aloitti Sinfonia Lahden taiteellisena partnerina ja Sibelius-festivaalin taiteellisena johtajana. Kuva: Vihtori Koskinen \/ YleJuttu tiivistettyn\u00e4<\/p>\n<ul class=\"sc-dMmcxd iwejNa yle__article__list yle__article__list--ul\">\n<li class=\"sc-fGqoZs ftBuqH\">Lahdessa alkoi 26. kansainv\u00e4linen Sibelius-festivaali, joka houkuttelee yleis\u00f6\u00e4 ymp\u00e4ri maailmaa.<\/li>\n<li class=\"sc-fGqoZs ftBuqH\">Konserttivieraita saapuu yli kahdestakymmenest\u00e4 maasta, kuten Hongkongista ja Australiasta.<\/li>\n<li class=\"sc-fGqoZs ftBuqH\">Kapellimestari Hannu Lintu toimii festivaalin taiteellisena johtajana ja on tyytyv\u00e4inen Sinfonia Lahden ty\u00f6skentelyyn.<\/li>\n<li class=\"sc-fGqoZs ftBuqH\">Lintu suunnitteli festivaalin ohjelmiston kolmelle vuodelle.<\/li>\n<\/ul>\n<p class=\"sc-jYczwO sc-ciCoXh bUKqJd cIOueB yle__article__paragraph\">T\u00e4m\u00e4 on teko\u00e4lyn avulla tuotettu, toimittajan tarkistama tiivistelm\u00e4.<\/p>\n<p class=\"sc-jYczwO sc-ciCoXh bUKqJd cIOueB yle__article__paragraph\">Lahden Sibeliustalossa k\u00e4ynnistyi 26. kansainv\u00e4linen Sibelius-festivaali. Tapahtuma houkuttelee yleis\u00f6\u00e4 ymp\u00e4ri maailmaa. Konserttivieraita saapuu Lahteen yli kahdestakymmenest\u00e4 maasta, aina Hongkongista, Kanadasta ja Australiasta saakka.<\/p>\n<p class=\"sc-jYczwO sc-ciCoXh bUKqJd cIOueB yle__article__paragraph\">Sinfonia Lahden intendentti <strong class=\"sc-eEHciv gtNhAX yle__article__strong\">Maija Kylkilahti<\/strong> ei pid\u00e4 yll\u00e4tt\u00e4v\u00e4n\u00e4, ett\u00e4 Sibeliuksen musiikki vet\u00e4\u00e4 vuosittain kuulijoita Lahteen.<\/p>\n<p class=\"sc-jYczwO sc-ciCoXh bUKqJd cIOueB yle__article__paragraph\">\u2013 Meid\u00e4t tunnetaan Sibelius-orkesterina. Levytimme kaikki Sibeliuksen teokset 1990-luvulla, ja ne saavuttivat kansainv\u00e4lisen l\u00e4pimurron. Siksi festivaali on l\u00f6yt\u00e4nyt yst\u00e4vi\u00e4 ymp\u00e4ri maailmaa, Kylkilahti kertoo.<\/p>\n<p>Kapellimestari Hannu Lintu kertoo kansainv\u00e4listen s\u00e4velt\u00e4jien vaikuttaneen Sibeliuksen s\u00e4velt\u00e4miseen. Video: Vihtori Koskinen \/ Yle<\/p>\n<p class=\"sc-jYczwO sc-ciCoXh bUKqJd cIOueB yle__article__paragraph\">Kapellimestari<a class=\"sc-jDJeIs gotUgl yle__article__link\" href=\"https:\/\/yle.fi\/a\/74-20071845\" role=\"link\" rel=\"nofollow noopener\" target=\"_blank\"> Hannu Lintu on kotiutunut nopeasti Sinfonia Lahden taiteelliseksi partneriksi<\/a> ja Sibelius-festivaalin taiteelliseksi johtajaksi.<\/p>\n<p class=\"sc-jYczwO sc-ciCoXh bUKqJd cIOueB yle__article__paragraph\">\u2013 Sinfonia Lahti on hyvin nopea orkesteri. Sen ty\u00f6skentely on kurinalaista ja se omaksuu uutta nopeasti, kuitenkaan menett\u00e4m\u00e4tt\u00e4 omaa identiteetti\u00e4\u00e4n, Lintu kuvailee.<\/p>\n<p class=\"sc-jYczwO sc-ciCoXh bUKqJd cIOueB yle__article__paragraph\">Kymmenien kansainv\u00e4listen orkestereiden kanssa ty\u00f6skennellyt Lintu pit\u00e4\u00e4 Sinfonia Lahden sointia poikkeuksellisen tunnistettavana.<\/p>\n<p class=\"sc-jYczwO sc-ciCoXh bUKqJd cIOueB yle__article__paragraph\">\u2013 Maailmassa on tosi paljon orkestereita. Jos laitettaisiin sokkotestiin, niit\u00e4 ei v\u00e4ltt\u00e4m\u00e4tt\u00e4 tunnistaisi \u2013 Sinfonia Lahden kyll\u00e4 tunnistaisi.<\/p>\n<p><img decoding=\"async\" alt=\"Sinfonia Lahti harjoittelee Sibelius-festivaalin ohjelmistoa.\" src=\"https:\/\/www.europesays.com\/fi\/wp-content\/uploads\/2025\/08\/39-151307668aeec5384b23.jpeg\" loading=\"lazy\" class=\"sc-dntSTA iywpZY\"\/><\/p>\n<p>Avaa kuvien katselu<\/p>\n<p>Sinfonia Lahti harjoittelee Sibelius-festivaalin ohjelmistoa kapellimestari Hannun Linnun johdolla. Kuva: Vihtori Koskinen \/ YleLinnun ensimm\u00e4inen festivaalijohtajuus<\/p>\n<p class=\"sc-jYczwO sc-ciCoXh bUKqJd cIOueB yle__article__paragraph\">Vaikka Lintu on yksi Suomen tunnetuimmista kapellimestareista ja johtanut orkestereita jo vuosikymmeni\u00e4, h\u00e4n ei aiemmin ollut saanut vastuulleen festivaalin taiteellista johtajuutta.<\/p>\n<p class=\"sc-jYczwO sc-ciCoXh bUKqJd cIOueB yle__article__paragraph\">\u2013 T\u00e4m\u00e4 oli ensimm\u00e4inen kerta, kun otin t\u00e4llaisen teht\u00e4v\u00e4n vastaan. On harvinaista, ett\u00e4 suomalaisella festivaalilla on n\u00e4in vahva kansainv\u00e4linen maine ja kiinnostusta ulkomailta, Lintu toteaa.<\/p>\n<p class=\"sc-jYczwO sc-ciCoXh bUKqJd cIOueB yle__article__paragraph\">Lintu suunnitteli Sibelius-festivaalin ohjelmiston kolmelle vuodelle. Lyhyempi aika ei h\u00e4nen mukaansa olisi riitt\u00e4nyt, sill\u00e4 h\u00e4n halusi koota esiin Sibeliuksen musiikin moninaiset vaikutteet.<\/p>\n<p class=\"sc-jYczwO sc-ciCoXh bUKqJd cIOueB yle__article__paragraph\">Vaikutteiden kokoaminen vaati Linnun mukaan kolme vuotta ja yhdeks\u00e4n konserttia.<\/p>\n<p class=\"sc-jYczwO sc-ciCoXh bUKqJd cIOueB yle__article__paragraph\">\u2013 Usein Suomessa unohdetaan se, ett\u00e4 Sibeliuksella oli koko ajan korvat auki siihen, mit\u00e4 muualla tapahtui. Ainolassa oli radio ahkerassa k\u00e4yt\u00f6ss\u00e4, ja h\u00e4n tunsi kansainv\u00e4lisi\u00e4 muusikoita. N\u00e4iden historiallisten verkostojen esiintuominen oli se mun tulokulma nyt t\u00e4h\u00e4n, kun kaikki muut tulokulmat on mielest\u00e4ni l\u00e4hes k\u00e4ytetty.<\/p>\n","protected":false},"excerpt":{"rendered":"Kapellimestari Hannu Lintu suunnitteli Sibelius\u00ad-festivaalin ohjelmiston kolmeksi vuodeksi eteenp\u00e4in. Lintu haluaa tuoda esiin Sibeliuksen musiikissa kuuluvat vaikutteet. Avaa&hellip;\n","protected":false},"author":2,"featured_media":18778,"comment_status":"","ping_status":"","sticky":false,"template":"","format":"standard","meta":{"footnotes":""},"categories":[130],"tags":[137,33,31,30,6800,6801,3147,71,108,1801,47,6799,1268,6802,5979,32,109],"class_list":{"0":"post-18777","1":"post","2":"type-post","3":"status-publish","4":"format-standard","5":"has-post-thumbnail","7":"category-viihde","8":"tag-entertainment","9":"tag-fi","10":"tag-finland","11":"tag-finnish","12":"tag-hannu-lintu","13":"tag-kapellimestarit","14":"tag-klassinen-musiikki","15":"tag-kotimaa","16":"tag-kulttuuri","17":"tag-lahti","18":"tag-musiikki","19":"tag-orkesterit","20":"tag-paijat-hame","21":"tag-sibelius-festivaali","22":"tag-sinfonia-lahti","23":"tag-suomi","24":"tag-viihde"},"share_on_mastodon":{"url":"","error":""},"_links":{"self":[{"href":"https:\/\/www.europesays.com\/fi\/wp-json\/wp\/v2\/posts\/18777","targetHints":{"allow":["GET"]}}],"collection":[{"href":"https:\/\/www.europesays.com\/fi\/wp-json\/wp\/v2\/posts"}],"about":[{"href":"https:\/\/www.europesays.com\/fi\/wp-json\/wp\/v2\/types\/post"}],"author":[{"embeddable":true,"href":"https:\/\/www.europesays.com\/fi\/wp-json\/wp\/v2\/users\/2"}],"replies":[{"embeddable":true,"href":"https:\/\/www.europesays.com\/fi\/wp-json\/wp\/v2\/comments?post=18777"}],"version-history":[{"count":0,"href":"https:\/\/www.europesays.com\/fi\/wp-json\/wp\/v2\/posts\/18777\/revisions"}],"wp:featuredmedia":[{"embeddable":true,"href":"https:\/\/www.europesays.com\/fi\/wp-json\/wp\/v2\/media\/18778"}],"wp:attachment":[{"href":"https:\/\/www.europesays.com\/fi\/wp-json\/wp\/v2\/media?parent=18777"}],"wp:term":[{"taxonomy":"category","embeddable":true,"href":"https:\/\/www.europesays.com\/fi\/wp-json\/wp\/v2\/categories?post=18777"},{"taxonomy":"post_tag","embeddable":true,"href":"https:\/\/www.europesays.com\/fi\/wp-json\/wp\/v2\/tags?post=18777"}],"curies":[{"name":"wp","href":"https:\/\/api.w.org\/{rel}","templated":true}]}}