{"id":18799,"date":"2025-08-28T13:32:07","date_gmt":"2025-08-28T13:32:07","guid":{"rendered":"https:\/\/www.europesays.com\/fi\/18799\/"},"modified":"2025-08-28T13:32:07","modified_gmt":"2025-08-28T13:32:07","slug":"vin-diesel-harnaa-taas-paluulla-guardians-of-the-galaxyn-pariin-maailma-haluaa-taman-elokuvan","status":"publish","type":"post","link":"https:\/\/www.europesays.com\/fi\/18799\/","title":{"rendered":"Vin Diesel h\u00e4rn\u00e4\u00e4 taas paluulla Guardians of the Galaxyn pariin: \u201cMaailma haluaa t\u00e4m\u00e4n elokuvan\u201d"},"content":{"rendered":"\n<p><strong>Vin Diesel haluaa tehd\u00e4 Grootin oman elokuvan.<\/strong><\/p>\n<p><a href=\"https:\/\/muropaketti.com\/avainsana\/vin-diesel\/\" rel=\"nofollow noopener\" target=\"_blank\">Vin Diesel<\/a> on jo aiemminkin h\u00e4rn\u00e4illyt Guardians of the Galaxy -faneja Grootin paluulla. Huhuttu on Grootin omasta elokuvasta nimelt\u00e4 The Arbor King, jonka Diesel nyt vihjailee olevan tekeill\u00e4.<\/p>\n<p><a href=\"https:\/\/www.instagram.com\/p\/DNzz8zy3PtS\/\" target=\"_blank\" rel=\"noopener nofollow\">Instagramissa<\/a> tekem\u00e4ss\u00e4\u00e4n postauksessa Diesel kertoo innostuksestaan tehd\u00e4 Groot-elokuva, miss\u00e4 Groot palaa kotiplaneetalleen Planet X:lle. Postauksessa Diesel my\u00f6s jakaa kuvan Grootista ja Hulkista, jotka eiv\u00e4t n\u00e4yt\u00e4 lainkaan silt\u00e4, milt\u00e4 heid\u00e4n on totuttu n\u00e4ytt\u00e4v\u00e4n.<\/p>\n<p>Marvel Studios ei kuitenkaan ole virallisesti vahvistanut The Arbor Kingi\u00e4.<\/p>\n<blockquote class=\"instagram-media\" style=\"background: #FFF; border: 0; border-radius: 3px; box-shadow: 0 0 1px 0 rgba(0,0,0,0.5),0 1px 10px 0 rgba(0,0,0,0.15); margin: 1px; max-width: 540px; min-width: 326px; padding: 0; width: calc(100% - 2px);\" data-instgrm-captioned=\"\" data-instgrm-permalink=\"https:\/\/www.instagram.com\/p\/DNzz8zy3PtS\/?utm_source=ig_embed&amp;utm_campaign=loading\" data-instgrm-version=\"14\">\n<\/blockquote>\n<p><strong>Katso Guardians of the Galaxy<\/strong><\/p>\n<p><script async src=\"\/\/www.instagram.com\/embed.js\"><\/script><\/p>\n","protected":false},"excerpt":{"rendered":"Vin Diesel haluaa tehd\u00e4 Grootin oman elokuvan. Vin Diesel on jo aiemminkin h\u00e4rn\u00e4illyt Guardians of the Galaxy -faneja&hellip;\n","protected":false},"author":2,"featured_media":18800,"comment_status":"","ping_status":"","sticky":false,"template":"","format":"standard","meta":{"footnotes":""},"categories":[131],"tags":[155,137,33,173,31,30,6807,6808,2813,172,32,109,6809],"class_list":{"0":"post-18799","1":"post","2":"type-post","3":"status-publish","4":"format-standard","5":"has-post-thumbnail","7":"category-elokuvat","8":"tag-elokuvat","9":"tag-entertainment","10":"tag-fi","11":"tag-film","12":"tag-finland","13":"tag-finnish","14":"tag-groot","15":"tag-guardians-of-the-galaxy","16":"tag-marvel-studios","17":"tag-movies","18":"tag-suomi","19":"tag-viihde","20":"tag-vin-diesel"},"share_on_mastodon":{"url":"","error":""},"_links":{"self":[{"href":"https:\/\/www.europesays.com\/fi\/wp-json\/wp\/v2\/posts\/18799","targetHints":{"allow":["GET"]}}],"collection":[{"href":"https:\/\/www.europesays.com\/fi\/wp-json\/wp\/v2\/posts"}],"about":[{"href":"https:\/\/www.europesays.com\/fi\/wp-json\/wp\/v2\/types\/post"}],"author":[{"embeddable":true,"href":"https:\/\/www.europesays.com\/fi\/wp-json\/wp\/v2\/users\/2"}],"replies":[{"embeddable":true,"href":"https:\/\/www.europesays.com\/fi\/wp-json\/wp\/v2\/comments?post=18799"}],"version-history":[{"count":0,"href":"https:\/\/www.europesays.com\/fi\/wp-json\/wp\/v2\/posts\/18799\/revisions"}],"wp:featuredmedia":[{"embeddable":true,"href":"https:\/\/www.europesays.com\/fi\/wp-json\/wp\/v2\/media\/18800"}],"wp:attachment":[{"href":"https:\/\/www.europesays.com\/fi\/wp-json\/wp\/v2\/media?parent=18799"}],"wp:term":[{"taxonomy":"category","embeddable":true,"href":"https:\/\/www.europesays.com\/fi\/wp-json\/wp\/v2\/categories?post=18799"},{"taxonomy":"post_tag","embeddable":true,"href":"https:\/\/www.europesays.com\/fi\/wp-json\/wp\/v2\/tags?post=18799"}],"curies":[{"name":"wp","href":"https:\/\/api.w.org\/{rel}","templated":true}]}}