{"id":18813,"date":"2025-08-28T13:55:07","date_gmt":"2025-08-28T13:55:07","guid":{"rendered":"https:\/\/www.europesays.com\/fi\/18813\/"},"modified":"2025-08-28T13:55:07","modified_gmt":"2025-08-28T13:55:07","slug":"joel-harkimolta-avoin-eron-jalkeinen-tilitys","status":"publish","type":"post","link":"https:\/\/www.europesays.com\/fi\/18813\/","title":{"rendered":"Joel Harkimolta avoin eron j\u00e4lkeinen tilitys"},"content":{"rendered":"<p>Joel Harkimo ja Janni Hussi erosivat puolitoista kuukautta sitten.<\/p>\n<p>Silti heid\u00e4n erossaan on hyvin erikoinen kuvio. He eiv\u00e4t ole viel\u00e4k\u00e4\u00e4n j\u00e4tt\u00e4neet avioeropapereitaan. Jodel-palvelussa on jopa arvuuteltu olisiko pari ottanut aikalis\u00e4n erolleen.<\/p>\n<p>Lue my\u00f6s: <a href=\"https:\/\/www.como.fi\/uutiset\/is-janni-hussin-ja-joel-harkimon-paatos-herattaa-suurta-ihmettelya\/\" title=\"IS: \u2013 Janni Hussin ja Joel Harkimon p\u00e4\u00e4t\u00f6s her\u00e4tt\u00e4\u00e4 suurta ihmettely\u00e4\" class=\"underline-custom !font-montserrat !font-bold !underline-offset-4 !decoration-4 !decoration-red-600 !text-md\" rel=\"nofollow noopener\" target=\"_blank\">IS: \u2013 Janni Hussin ja Joel Harkimon p\u00e4\u00e4t\u00f6s her\u00e4tt\u00e4\u00e4 suurta ihmettely\u00e4<\/a><\/p>\n<p>Lue my\u00f6s: <a href=\"https:\/\/www.como.fi\/uutiset\/podcast-tapaus-janni-hussi-ja-takapuolen-harski-tatuointi-laita-20-senttinen-sisaan\/\" title=\"Podcast: \u201dTapaus Janni Hussi ja takapuolen h\u00e4rski tatuointi\u201d \u2013 Laita 20-senttinen sis\u00e4\u00e4n\u2026\" class=\"underline-custom !font-montserrat !font-bold !underline-offset-4 !decoration-4 !decoration-red-600 !text-md\" rel=\"nofollow noopener\" target=\"_blank\">Podcast: \u201dTapaus Janni Hussi ja takapuolen h\u00e4rski tatuointi\u201d \u2013 Laita 20-senttinen sis\u00e4\u00e4n\u2026<\/a><\/p>\n<p>Nyt Joel on avautunut erosta ja summannut tilannettaan.<\/p>\n<p>-Vaikka kes\u00e4 oli vaikea ja mulla on ollut tosi paljon k\u00e4sitelt\u00e4v\u00e4\u00e4, niin pikku hiljaa tuntuu silt\u00e4, ett\u00e4 tunnelin p\u00e4\u00e4ss\u00e4 on valoa, Jolle <a href=\"https:\/\/www.instagram.com\/p\/DN5eHmwjJTG\/\" target=\"_blank\" rel=\"noreferrer noopener nofollow\">somettaa.<\/a><\/p>\n<p>-Vaikka viel\u00e4 ei olla ihan siell\u00e4.<\/p>\n<p>Jolle usein peilaa p\u00e4ivityksiss\u00e4\u00e4n omia asioitaan muihin kanssakulkijoihin. Nytkin h\u00e4n p\u00e4\u00e4tt\u00e4\u00e4 pohdintansa rohkaisevaan kommenttiin siit\u00e4, ett\u00e4 jos jollakulla on vaikeaa, niin ajan kanssa asiat k\u00e4\u00e4ntyv\u00e4t kyll\u00e4 paremmiksi.<\/p>\n<p>-Siihen pit\u00e4\u00e4 vaan uskoa eik\u00e4 saa luovuttaa.<\/p>\n<p>-Ja vaikka tuntuu ett\u00e4 olisit yksin, niin et s\u00e4 oo.<\/p>\n<p>-Joten tosi paljon voimia just sulle.<\/p>\n<p>Lue my\u00f6s: <a href=\"https:\/\/www.como.fi\/tilaa-comon-uutiskirje\/\" title=\"Tilaa Comon uutiskirje ja tied\u00e4t mist\u00e4 kahvitauolla puhutaan! Nappaa kotimaan tv-vinkit ja puheenaiheet suoraan s\u00e4hk\u00f6postiin t\u00e4st\u00e4.\" class=\"underline-custom !font-montserrat !font-bold !underline-offset-4 !decoration-4 !decoration-red-600 !text-md\" rel=\"nofollow noopener\" target=\"_blank\">Tilaa Comon uutiskirje ja tied\u00e4t mist\u00e4 kahvitauolla puhutaan! Nappaa kotimaan tv-vinkit ja puheenaiheet suoraan s\u00e4hk\u00f6postiin t\u00e4st\u00e4.<\/a><\/p>\n<p>\t\t\t<script async src=\"\/\/www.instagram.com\/embed.js\"><\/script><\/p>\n","protected":false},"excerpt":{"rendered":"Joel Harkimo ja Janni Hussi erosivat puolitoista kuukautta sitten. Silti heid\u00e4n erossaan on hyvin erikoinen kuvio. He eiv\u00e4t&hellip;\n","protected":false},"author":2,"featured_media":18814,"comment_status":"","ping_status":"","sticky":false,"template":"","format":"standard","meta":{"footnotes":""},"categories":[136],"tags":[407,137,33,31,30,2597,3520,408,32,109],"class_list":{"0":"post-18813","1":"post","2":"type-post","3":"status-publish","4":"format-standard","5":"has-post-thumbnail","7":"category-julkkikset","8":"tag-celebrities","9":"tag-entertainment","10":"tag-fi","11":"tag-finland","12":"tag-finnish","13":"tag-janni-hussi","14":"tag-joel-harkimo","15":"tag-julkkikset","16":"tag-suomi","17":"tag-viihde"},"share_on_mastodon":{"url":"","error":""},"_links":{"self":[{"href":"https:\/\/www.europesays.com\/fi\/wp-json\/wp\/v2\/posts\/18813","targetHints":{"allow":["GET"]}}],"collection":[{"href":"https:\/\/www.europesays.com\/fi\/wp-json\/wp\/v2\/posts"}],"about":[{"href":"https:\/\/www.europesays.com\/fi\/wp-json\/wp\/v2\/types\/post"}],"author":[{"embeddable":true,"href":"https:\/\/www.europesays.com\/fi\/wp-json\/wp\/v2\/users\/2"}],"replies":[{"embeddable":true,"href":"https:\/\/www.europesays.com\/fi\/wp-json\/wp\/v2\/comments?post=18813"}],"version-history":[{"count":0,"href":"https:\/\/www.europesays.com\/fi\/wp-json\/wp\/v2\/posts\/18813\/revisions"}],"wp:featuredmedia":[{"embeddable":true,"href":"https:\/\/www.europesays.com\/fi\/wp-json\/wp\/v2\/media\/18814"}],"wp:attachment":[{"href":"https:\/\/www.europesays.com\/fi\/wp-json\/wp\/v2\/media?parent=18813"}],"wp:term":[{"taxonomy":"category","embeddable":true,"href":"https:\/\/www.europesays.com\/fi\/wp-json\/wp\/v2\/categories?post=18813"},{"taxonomy":"post_tag","embeddable":true,"href":"https:\/\/www.europesays.com\/fi\/wp-json\/wp\/v2\/tags?post=18813"}],"curies":[{"name":"wp","href":"https:\/\/api.w.org\/{rel}","templated":true}]}}