{"id":188258,"date":"2026-03-07T20:10:10","date_gmt":"2026-03-07T20:10:10","guid":{"rendered":"https:\/\/www.europesays.com\/fi\/188258\/"},"modified":"2026-03-07T20:10:10","modified_gmt":"2026-03-07T20:10:10","slug":"sara-chafak-paljastaa-adhd-laakitys-aiheutti-painonpudotusta-ja-sivuvaikutuksia","status":"publish","type":"post","link":"https:\/\/www.europesays.com\/fi\/188258\/","title":{"rendered":"Sara Chafak paljastaa: ADHD-l\u00e4\u00e4kitys aiheutti painonpudotusta ja sivuvaikutuksia"},"content":{"rendered":"<p>            Ninni Varsila\n        <\/p>\n<p class=\"subtitle \">Sara lopetti ADHD-l\u00e4\u00e4kityksen sen aiheuttamien sivuoireiden vuoksi.<\/p>\n<p class=\"article-content article-content-width !bg-background\">Miss Suomenakin muistettava julkkiskokki , 35, kertoo <a href=\"https:\/\/anna.fi\/ihmiset\/sara-chafak-kokeili-adhd-laakkeita\" target=\"_blank\" rel=\"nofollow noopener\">Anna-lehdelle <\/a>joutuneensa lopettamaan ADHD-l\u00e4\u00e4kityksens\u00e4 sen ik\u00e4vien sivuvaikutusten vuoksi.<\/p>\n<p class=\"font-weight-bold m-font-weight-bold article-content article-content-width !bg-background\">Katso my\u00f6s! Sara Chafakin ruokavinkki arkikeitti\u00f6\u00f6n:<\/p>\n<p>&#8221;Paino putosi 11 kiloa&#8221;<\/p>\n<p class=\"article-content article-content-width !bg-background\">Sara kertoo kokeilleensa ADHD-l\u00e4\u00e4kityst\u00e4 noin kaksi vuotta sitten. Kokeilu j\u00e4i kuitenkin vain noin puolen vuoden mittaiseksi jaksoksi sen aiheuttamien haittavaikutusten takia.<\/p>\n<p class=\"article-content article-content-width !bg-background\"> \u2013 K\u00e4ytin niit\u00e4 viiden kuukauden ajan, mutta menetin liikaa kiloja. Minulta l\u00e4hti viidess\u00e4 kuukaudessa painoa melkein yksitoista kiloa, Sara kertoo lehdelle.<\/p>\n<p>        <a itemprop=\"url\" href=\"https:\/\/www.seiska.fi\/terveys\/sara-chafakilta-loydettiin-kolme-kasvainta-paljastaa-seiskalle-mika-tilanne-on-nyt\/1243963\" rel=\"nofollow noopener\" target=\"_blank\"><\/p>\n<p class=\"section-date\">\n        <strong class=\"article-section\" data-section=\"terveys\"><br \/>\n            terveys<br \/>\n        <\/strong><br \/>\n        16.1.2024 13:31\n    <\/p>\n<p>Sara Chafakilta l\u00f6ydettiin kolme kasvainta \u2013 paljastaa Seiskalle, mik\u00e4 tilanne on nyt\n    <\/p>\n<p itemprop=\"description\" class=\"subtitle \">\n    Yleisesti Saran vointi on ollut hyv\u00e4, vaikkakin h\u00e4n my\u00f6nt\u00e4\u00e4 olevansa levon tarpeessa.\n<\/p>\n<p>        <\/a><\/p>\n<p class=\"article-content article-content-width !bg-background\">Ruokahaluttomuuden lis\u00e4ksi l\u00e4\u00e4kitys aiheutti Saralle unettomuutta, ja p\u00e4ihtyneelt\u00e4 tuntuneen olotilan.<\/p>\n<p class=\"article-content article-content-width !bg-background\"> \u2013 Ne kun olivat vahvoja kolmiol\u00e4\u00e4kkeit\u00e4, niin tuntui oikeasti, kuin olisin juonut kolmea lasia viini\u00e4, h\u00e4n jatkaa.<\/p>\n<p class=\"article-content article-content-width !bg-background\">Sara kokeili aikanaan kahta eri merkkist\u00e4 ADHD-l\u00e4\u00e4kett\u00e4, mutta on tyytynyt olemaan sittemmin ilman.<\/p>\n<p class=\"article-content article-content-width !bg-background\"> \u2013 Olen tietoinen ominaisuuksistani, ja v\u00e4lill\u00e4 vain vet\u00e4ydyn ja olen omissa oloissani, h\u00e4n kertoo.<\/p>\n<p>Uusi arki ravintolan parissa<\/p>\n<p class=\"article-content article-content-width !bg-background\">Saran pitk\u00e4aikainen haave omasta ravintolasta toteuti vihdoin viime syksyn\u00e4, kun ravintola Biblos avattiin\u00a0Helsingin keskustaan. Sara on yksi ravintolan omistajista.\u00a0<\/p>\n<p>        <a itemprop=\"url\" href=\"https:\/\/www.seiska.fi\/kotimaa\/sara-chafakin-rinnoista-loydettiin-lisaa-kasvaimia-paiva-kerrallaan\/1135141\" rel=\"nofollow noopener\" target=\"_blank\"><\/p>\n<p class=\"section-date\">\n        <strong class=\"article-section\" data-section=\"kotimaa\"><br \/>\n            kotimaa<br \/>\n        <\/strong><br \/>\n        11.9.2023 19:30\n    <\/p>\n<p>Sara Chafakin rinnoista l\u00f6ydettiin lis\u00e4\u00e4 kasvaimia: &#8221;P\u00e4iv\u00e4 kerrallaan&#8221;\n    <\/p>\n<p itemprop=\"description\" class=\"subtitle \">\n    Erosta toipuva Sara sai l\u00e4\u00e4k\u00e4rilt\u00e4 sek\u00e4 ik\u00e4vi\u00e4 ett\u00e4 hyvi\u00e4 uutisia.\n<\/p>\n<p>        <\/a><\/p>\n<p>                <img decoding=\"async\" src=\"https:\/\/www.europesays.com\/fi\/wp-content\/uploads\/2026\/03\/2096170.webp.jpeg\" width=\"576\" height=\"720\" alt=\"Seiska vieraili Saran luona ravintola Bibloksessa helmikuussa.\" loading=\"lazy\" \/>            <\/p>\n<p>\n            Seiska vieraili Saran luona ravintola Bibloksessa helmikuussa.<br \/>\n            Atte Kajova\n        <\/p>\n<p class=\"article-content article-content-width !bg-background\">Sara kertoo saavansa ADHD:sta puhtia uusiin projekteihin.<\/p>\n","protected":false},"excerpt":{"rendered":"Ninni Varsila Sara lopetti ADHD-l\u00e4\u00e4kityksen sen aiheuttamien sivuoireiden vuoksi. Miss Suomenakin muistettava julkkiskokki , 35, kertoo Anna-lehdelle joutuneensa&hellip;\n","protected":false},"author":2,"featured_media":188259,"comment_status":"","ping_status":"","sticky":false,"template":"","format":"standard","meta":{"footnotes":"","_share_on_mastodon":"0"},"categories":[136],"tags":[29612,407,137,33,31,30,408,212,2882,25164,2961,29613,32,109],"class_list":["post-188258","post","type-post","status-publish","format-standard","has-post-thumbnail","category-julkkikset","tag-adhd-laakitys","tag-celebrities","tag-entertainment","tag-fi","tag-finland","tag-finnish","tag-julkkikset","tag-lifestyle","tag-painonpudotus","tag-ravintola-biblos","tag-sara-chafak","tag-sivuvaikutukset","tag-suomi","tag-viihde"],"share_on_mastodon":{"url":"https:\/\/pubeurope.com\/@fi\/116189713230068086","error":""},"_links":{"self":[{"href":"https:\/\/www.europesays.com\/fi\/wp-json\/wp\/v2\/posts\/188258","targetHints":{"allow":["GET"]}}],"collection":[{"href":"https:\/\/www.europesays.com\/fi\/wp-json\/wp\/v2\/posts"}],"about":[{"href":"https:\/\/www.europesays.com\/fi\/wp-json\/wp\/v2\/types\/post"}],"author":[{"embeddable":true,"href":"https:\/\/www.europesays.com\/fi\/wp-json\/wp\/v2\/users\/2"}],"replies":[{"embeddable":true,"href":"https:\/\/www.europesays.com\/fi\/wp-json\/wp\/v2\/comments?post=188258"}],"version-history":[{"count":0,"href":"https:\/\/www.europesays.com\/fi\/wp-json\/wp\/v2\/posts\/188258\/revisions"}],"wp:featuredmedia":[{"embeddable":true,"href":"https:\/\/www.europesays.com\/fi\/wp-json\/wp\/v2\/media\/188259"}],"wp:attachment":[{"href":"https:\/\/www.europesays.com\/fi\/wp-json\/wp\/v2\/media?parent=188258"}],"wp:term":[{"taxonomy":"category","embeddable":true,"href":"https:\/\/www.europesays.com\/fi\/wp-json\/wp\/v2\/categories?post=188258"},{"taxonomy":"post_tag","embeddable":true,"href":"https:\/\/www.europesays.com\/fi\/wp-json\/wp\/v2\/tags?post=188258"}],"curies":[{"name":"wp","href":"https:\/\/api.w.org\/{rel}","templated":true}]}}